{"id":743246,"date":"2026-09-02T03:31:16","date_gmt":"2026-09-02T03:31:16","guid":{"rendered":"https:\/\/www.europesays.com\/es\/743246\/"},"modified":"2026-09-02T03:31:16","modified_gmt":"2026-09-02T03:31:16","slug":"aumenta-el-numero-de-alcaldes-del-psoe-que-desobedeceran-a-ferraz-en-las-concentraciones-por-ceuta","status":"publish","type":"post","link":"https:\/\/www.europesays.com\/es\/743246\/","title":{"rendered":"Aumenta el n\u00famero de alcaldes del PSOE que desobedecer\u00e1n a Ferraz en las concentraciones por Ceuta"},"content":{"rendered":"<p style=\"\">Ferraz ha perdido por primera vez desde que Pedro S\u00e1nchez es el secretario general del PSOE el control del partido a nivel local. Ni las m\u00faltiples llamadas amenazadoras, ni los mensajes subidos de tono ni los correos electr\u00f3nicos que han salido desde el cuartel general  &#8230; del partido con destino a los responsables de Organizaci\u00f3n provinciales, han surtido efecto en la totalidad que pretend\u00eda la Ejecutiva Federal. Este mi\u00e9rcoles 2 de septiembre, D\u00eda de Ceuta, ser\u00e1n m\u00e1s de veinte los ayuntamientos dirigidos por el PSOE que se sumar\u00e1n a la convocatoria de la Federaci\u00f3n Espa\u00f1ola de Municipios y Provincias (FEMP) a las ocho de la tarde. Alrededor de otros veinte m\u00e1s apoyar\u00e1n a la ciudad aut\u00f3noma, pero con un acto propio que les permita sortear el veto de Ferraz.<\/p>\n<p class=\"v-d-p\" style=\"\">A los ayuntamientos de Le\u00f3n, Monforte del Cid (Alicante), Tavernes de la Valldigna (Valencia), Moguer (Huelva), Chiclana de la Frontera (C\u00e1diz) o Novelda (Alicante), que avanz\u00f3 ABC este martes que se sumar\u00edan a la protesta de la FEMP, se le han a\u00f1adido en las \u00faltimas horas los de Fuenteheridos e Isla Cristina (Huelva), Guardamar del Segura y Granja de Rocamora (Alicante), San Fernando de Henares y Coslada (Madrid), Casarrubios del Monte e Illescas (Toledo), \u00c1guilas (Murcia), Baena (Ja\u00e9n), Ejea de los Caballeros (Zaragoza), Villanueva de C\u00f3rdoba (C\u00f3rdoba), Alcal\u00e1 de Guada\u00edra (Sevilla), Antas (Almer\u00eda), Vejer de la Frontera, Benalup, Castellar, Villamart\u00edn y Grazalema (C\u00e1diz), Almendralejo (Badajoz), El Astillero (Cantabria) y Villares de la Reina (Salamanca).<\/p>\n<p class=\"v-d-p\" style=\"\">Cada ayuntamiento ha optado por una forma distinta para anunciar su adhesi\u00f3n y la justificaci\u00f3n de su decisi\u00f3n, pese a las claras directrices de Ferraz. A trav\u00e9s de su Facebook, el Ayuntamiento de \u00cdllora, que tiene por alcalde a Antonio Jos\u00e9 Salazar, ha convocado \u00aba toda la ciudadan\u00eda\u00bb, reivindicando \u00abun mensaje de unidad, solidaridad y defensa de los derechos humanos\u00bb, a la vez que , muestra su \u00abapoyo a las Fuerzas y Cuerpos de Seguridad del Estado que desarrollan su labor en Ceuta\u00bb. Salazar afirma que \u00abante una realidad especialmente compleja como frontera sur de Espa\u00f1a y de la Uni\u00f3n Europea, reivindicamos la cooperaci\u00f3n y coordinaci\u00f3n entre administraciones, as\u00ed como respuestas responsables que garanticen la seguridad, la convivencia y el respeto a la dignidad de todas las personas\u00bb.<\/p>\n<ul class=\"v-cmp-rld__u\">\n<li class=\"v-cmp-rld__l\">\n<p><a class=\"v-a-lnk\" href=\"http:\/\/www.abc.es\/espana\/alcaldes-socialistas-rebelan-ordenes-ferraz-secundar-protesta-20260831013420-nt.html#vtm_modulosEngag=noticiasrelacionadas-cmp-uno:espana:noticia:1\" data-voc-vtm-id=\"in-text-traffic\" rel=\"nofollow noopener\" target=\"_blank\"><br \/>\n<img decoding=\"async\" loading=\"lazy\" src=\"https:\/\/www.europesays.com\/es\/wp-content\/uploads\/2026\/09\/1516624873-U20926175616gVG-U52775636580pVG-366x256@diario_abc.JPG\" class=\"v-a-img\" width=\"258\" height=\"180\" alt=\"Alcaldes socialistas se rebelan contra la orden de Ferraz de no secundar la protesta por Ceuta\"\/><br \/>\n<\/a><\/p>\n<\/li>\n<\/ul>\n<p class=\"v-d-p\" style=\"\">El alcalde socialista gaditano de Grazalema, Carlos Javier Garc\u00eda, ha recordado lo que sufrieron en su localidad hace unos meses durante las fuertes borrascas que dejaron la zona incomunicada, como motivo para salir a la calle a apoyar a Ceuta: \u00abaqu\u00ed sabemos bien qu\u00e9 supone recibir cari\u00f1o cuando se pasa mal, y por ello entendemos que mandar algo de aliento a los ceut\u00edes es probablemente lo que ahora est\u00e1 en nuestra mano hacer\u00bb, argumenta. \u00abPero tambi\u00e9n lo hacemos -subraya- para denunciar en voz alta el ataque orquestado contra la integridad territorial de nuestro pa\u00eds que ha usado a personas d\u00e9biles como arma para desgastar a nuestras instituciones\u00ab, un mensaje muy distinto al que proclama su organizaci\u00f3n pol\u00edtica. El edil tambi\u00e9n reivindica que saldr\u00e1n a la calle \u00bbpara defender que la unidad y la solidaridad siempre dar\u00e1n mejores resultados que las manifestaciones de violencia, odio y divisi\u00f3n\u00bb.<\/p>\n<p>\nAlcaldes que sortean a Ferraz\n<\/p>\n<p class=\"v-d-p\" style=\"\">Al margen de los alcaldes socialistas que s\u00ed se suman sin excusas a la convocatoria promovida por la Federaci\u00f3n Espa\u00f1ola de Municipios y Provincias, cuyo acto est\u00e1 previsto para las ocho de la tarde, hay otros ediles del PSOE que han buscado una f\u00f3rmula alternativa para trasladar su apoyo a la ciudad aut\u00f3noma pero sin desobedecer las directrices de Ferraz. Es el caso de Adamuz (C\u00f3rdoba), Espartinas (Sevilla), M\u00e9rida (Badajoz), Sagunto, Gand\u00eda, Benifai\u00f3, Masmagranell y Canet de&#8217;n Berenguer (Valencia), Aracena (Huelva) o \u00cdllora (Granada). Cada uno ha optado por un formato diferente y han convocado a sus ciudadanos a las doce del mediod\u00eda, a las siete de la tarde o a las ocho, como es el caso de la FEMP, aunque al margen de esta convocatoria. Tambi\u00e9n hay localidades en las que el PSOE est\u00e1 en el gobierno municipal, como Puerto del Rosario (Fuerteventura) y Los Palacios y Villafranca (Sevilla) que har\u00e1n este tipo de protesta.<\/p>\n<p class=\"v-d-p\" style=\"\">La decisi\u00f3n, tanto de los que secundan el acto de la FEMP como la de los que organizan su acto propio, no es del agrado de la direcci\u00f3n socialista, ya que teme que este tipo de convocatorias se puedan tornar en su contra. Este fin de semana, tal como avanz\u00f3 ABC, todas las agrupaciones recibieron un comunicado con la firma estampada de los principales dirigentes de Ferraz inst\u00e1ndoles a no secundar este tipo de concentraciones, a las que el PSOE no se adher\u00eda. El partido ha tratado as\u00ed de minimizar el impacto del rechazo social que existe con la gesti\u00f3n de su gobierno, no solo en Ceuta sino en el resto del Estado. El vicepresidente socialista de la Asamblea ceut\u00ed, Melchor Le\u00f3n, ha llamado a sus compa\u00f1eros de todo el pa\u00eds a que \u00abno tengan miedo\u00bb y salgan a la calle junto a sus vecinos para apoyar a la ciudad aut\u00f3noma. <\/p>\n","protected":false},"excerpt":{"rendered":"Ferraz ha perdido por primera vez desde que Pedro S\u00e1nchez es el secretario general del PSOE el control&hellip;\n","protected":false},"author":2,"featured_media":743247,"comment_status":"","ping_status":"","sticky":false,"template":"","format":"standard","meta":{"footnotes":""},"categories":[8],"tags":[20529,1287,17,18,26678,4170,131864,25,24,13,14,65257,11,315,19,20,9,10,15,16,5533,1699,23,12,21,22],"class_list":["post-743246","post","type-post","status-publish","format-standard","has-post-thumbnail","category-espana","tag-alcaldes","tag-aumenta","tag-breaking-news","tag-breakingnews","tag-concentraciones","tag-crisis","tag-desobedeceran","tag-es","tag-espana","tag-featured-news","tag-featurednews","tag-ferraz","tag-headlines","tag-hoy","tag-latest-news","tag-latestnews","tag-news","tag-noticias","tag-noticias-destacadas","tag-noticiasdestacadas","tag-numero","tag-psoe","tag-spain","tag-titulares","tag-ultimas-noticias","tag-ultimasnoticias"],"share_on_mastodon":{"url":"","error":""},"_links":{"self":[{"href":"https:\/\/www.europesays.com\/es\/wp-json\/wp\/v2\/posts\/743246","targetHints":{"allow":["GET"]}}],"collection":[{"href":"https:\/\/www.europesays.com\/es\/wp-json\/wp\/v2\/posts"}],"about":[{"href":"https:\/\/www.europesays.com\/es\/wp-json\/wp\/v2\/types\/post"}],"author":[{"embeddable":true,"href":"https:\/\/www.europesays.com\/es\/wp-json\/wp\/v2\/users\/2"}],"replies":[{"embeddable":true,"href":"https:\/\/www.europesays.com\/es\/wp-json\/wp\/v2\/comments?post=743246"}],"version-history":[{"count":0,"href":"https:\/\/www.europesays.com\/es\/wp-json\/wp\/v2\/posts\/743246\/revisions"}],"wp:featuredmedia":[{"embeddable":true,"href":"https:\/\/www.europesays.com\/es\/wp-json\/wp\/v2\/media\/743247"}],"wp:attachment":[{"href":"https:\/\/www.europesays.com\/es\/wp-json\/wp\/v2\/media?parent=743246"}],"wp:term":[{"taxonomy":"category","embeddable":true,"href":"https:\/\/www.europesays.com\/es\/wp-json\/wp\/v2\/categories?post=743246"},{"taxonomy":"post_tag","embeddable":true,"href":"https:\/\/www.europesays.com\/es\/wp-json\/wp\/v2\/tags?post=743246"}],"curies":[{"name":"wp","href":"https:\/\/api.w.org\/{rel}","templated":true}]}}