{"id":743268,"date":"2026-09-02T03:49:08","date_gmt":"2026-09-02T03:49:08","guid":{"rendered":"https:\/\/www.europesays.com\/es\/743268\/"},"modified":"2026-09-02T03:49:08","modified_gmt":"2026-09-02T03:49:08","slug":"el-parkinson-crece-podria-ser-una-carga-de-salud-publica","status":"publish","type":"post","link":"https:\/\/www.europesays.com\/es\/743268\/","title":{"rendered":"El Parkinson crece; podr\u00eda ser una carga de salud p\u00fablica"},"content":{"rendered":"<p class=\"wp-block-paragraph\">Especialistas de la UPAEP y la UNAM subrayaron que el Parkinson, segunda enfermedad neurodegenerativa m\u00e1s com\u00fan a nivel mundial, requiere atenci\u00f3n preventiva y acompa\u00f1amiento integral, ante el aumento de ese mal y el riesgo de su subdiagn\u00f3stico en M\u00e9xico.<\/p>\n<p class=\"wp-block-paragraph\">Araliz L\u00f3pez Pintor, investigadora de la UNAM, record\u00f3 que el Parkinson no solo implica s\u00edntomas motores como temblor o rigidez: \u00abcuando los pacientes llegan a estas etapas es cuando ya han pasado por lo menos 10 a\u00f1os de p\u00e9rdida de neuronas dopamin\u00e9rgicas\u00bb. Por ello, insisti\u00f3 en poner atenci\u00f3n a se\u00f1ales tempranas como estre\u00f1imiento, disfagia y vaciamiento g\u00e1strico lento.<\/p>\n<p class=\"wp-block-paragraph\">Durante la conferencia de prensa, se compartieron datos para dimensionar el fen\u00f3meno. En Puebla, se estima \u00abque cada 5 d\u00edas hay una persona diagnosticada con Parkinson\u00bb. A escala nacional, se mencion\u00f3 una referencia de \u00ab50 de cada 100 mil\u00bb personas diagnosticadas, y a nivel global \u00abcerca de 8.5 millones de personas\u00bb viven con este padecimiento.<\/p>\n<p class=\"wp-block-paragraph\">L\u00f3pez Pintor a\u00f1adi\u00f3 que el subdiagn\u00f3stico es un obst\u00e1culo, el IMSS estima que el 30% de las personas con s\u00edntomas podr\u00eda no estar diagnosticada, lo que se puede complicar con el envejecimiento poblacional.<\/p>\n<p class=\"wp-block-paragraph\">Los investigadores destacaron el trabajo colaborativo entre UPAEP, UNAM y aliados para comprender mejor el Parkinson desde distintas perspectivas: gen\u00e9tica, ambiente y h\u00e1bitos. Se mencion\u00f3 la investigaci\u00f3n para genotipado de pacientes y la b\u00fasqueda de factores asociados (como estr\u00e9s cr\u00f3nico, inflamaci\u00f3n, pesticidas y metales pesados), adem\u00e1s de la articulaci\u00f3n con redes y centros especializados.<\/p>\n<p class=\"wp-block-paragraph\">En tanto, C\u00e9sar Flores de Los \u00c1ngeles, jefe del Centro de Salud Integral UPAEP, explic\u00f3 que el enfoque busca proteger la salud de forma integral, integrando servicios como nutrici\u00f3n, fisioterapia, psicolog\u00eda y cl\u00ednica m\u00e9dica.<\/p>\n<p class=\"wp-block-paragraph\">Desde la Cl\u00ednica de Nutrici\u00f3n, Jessica Lilia Nava Avil\u00e9s enfatiz\u00f3 que la intervenci\u00f3n debe ser personalizada y orientada a s\u00edntomas: cambios en la masa muscular y fuerza, estre\u00f1imiento, disfagia e interacci\u00f3n de la levodopa con la dieta. Explic\u00f3 que el plan incluye cinco consultas y tres webinars educativos para pacientes y cuidadores, adem\u00e1s de materiales informativos.<\/p>\n<p class=\"wp-block-paragraph\">Los acad\u00e9micos coincidieron en que el reto exige prevenci\u00f3n, educaci\u00f3n y acompa\u00f1amiento sostenido. La advertencia es clara: si las cifras siguen creciendo, el Parkinson dejar\u00e1 de ser un tema \u00abde pocos\u00bb y se convertir\u00e1 en una prioridad de salud que demanda acci\u00f3n desde ahora.<\/p>\n<p class=\"wp-block-paragraph\">Foto: Upress<\/p>\n","protected":false},"excerpt":{"rendered":"Especialistas de la UPAEP y la UNAM subrayaron que el Parkinson, segunda enfermedad neurodegenerativa m\u00e1s com\u00fan a nivel&hellip;\n","protected":false},"author":2,"featured_media":743269,"comment_status":"","ping_status":"","sticky":false,"template":"","format":"standard","meta":{"footnotes":""},"categories":[92],"tags":[21431,25,24,165,11289,6026,3351,781,166,1452,23,6844,131867],"class_list":["post-743268","post","type-post","status-publish","format-standard","has-post-thumbnail","category-salud","tag-diagnostico-temprano","tag-es","tag-espana","tag-health","tag-neurologia","tag-nutricion","tag-parkinson","tag-puebla","tag-salud","tag-salud-publica","tag-spain","tag-unam","tag-upaep"],"share_on_mastodon":{"url":"https:\/\/pubeurope.com\/@es\/117199409569469547","error":""},"_links":{"self":[{"href":"https:\/\/www.europesays.com\/es\/wp-json\/wp\/v2\/posts\/743268","targetHints":{"allow":["GET"]}}],"collection":[{"href":"https:\/\/www.europesays.com\/es\/wp-json\/wp\/v2\/posts"}],"about":[{"href":"https:\/\/www.europesays.com\/es\/wp-json\/wp\/v2\/types\/post"}],"author":[{"embeddable":true,"href":"https:\/\/www.europesays.com\/es\/wp-json\/wp\/v2\/users\/2"}],"replies":[{"embeddable":true,"href":"https:\/\/www.europesays.com\/es\/wp-json\/wp\/v2\/comments?post=743268"}],"version-history":[{"count":0,"href":"https:\/\/www.europesays.com\/es\/wp-json\/wp\/v2\/posts\/743268\/revisions"}],"wp:featuredmedia":[{"embeddable":true,"href":"https:\/\/www.europesays.com\/es\/wp-json\/wp\/v2\/media\/743269"}],"wp:attachment":[{"href":"https:\/\/www.europesays.com\/es\/wp-json\/wp\/v2\/media?parent=743268"}],"wp:term":[{"taxonomy":"category","embeddable":true,"href":"https:\/\/www.europesays.com\/es\/wp-json\/wp\/v2\/categories?post=743268"},{"taxonomy":"post_tag","embeddable":true,"href":"https:\/\/www.europesays.com\/es\/wp-json\/wp\/v2\/tags?post=743268"}],"curies":[{"name":"wp","href":"https:\/\/api.w.org\/{rel}","templated":true}]}}