{"id":743274,"date":"2026-09-02T03:52:26","date_gmt":"2026-09-02T03:52:26","guid":{"rendered":"https:\/\/www.europesays.com\/es\/743274\/"},"modified":"2026-09-02T03:52:26","modified_gmt":"2026-09-02T03:52:26","slug":"la-inflacion-se-dispara-en-la-eurozona-con-espana-a-la-cabeza-de-los-grandes-y-augura-mas-subidas-de-tipos","status":"publish","type":"post","link":"https:\/\/www.europesays.com\/es\/743274\/","title":{"rendered":"La inflaci\u00f3n se dispara en la eurozona, con Espa\u00f1a a la cabeza de los grandes, y augura m\u00e1s subidas de tipos"},"content":{"rendered":"<p style=\"\">La guerra desatada por los EE.UU. e Israel contra <a href=\"https:\/\/www.abc.es\/internacional\/nuevos-ataques-estados-unidos-iran-rompen-mes-20260831013205-nt.html\" target=\"_self\" data-voc-vtm-id=\"in-text-traffic\" data-mrf-link=\"www.abc.es\" rel=\"nofollow noopener\">Ir\u00e1n<\/a> el pasado 28 de febrero, un conflicto que sigue activo y sin visos de que vaya a terminar pronto, ha causado una espiral inflacionista que amenaza con poner de rodillas a toda la  &#8230; eurozona y obligar al Banco Central Europeo (BCE) a sacrificar el crecimiento por la v\u00eda de endurecer dr\u00e1sticamente el acceso al cr\u00e9dito, pero en ninguna de las grandes econom\u00edas europeas ese terremoto est\u00e1 teniendo efectos tan devastadores como en Espa\u00f1a. As\u00ed lo confirman los \u00faltimos datos de IPC publicados por Eurostat (la oficina estad\u00edstica de la Comisi\u00f3n Europea), que fijan el avance de precios en nuestro pa\u00eds el mes pasado en el 4,5% comparado con agosto de 2025, mientras que para el conjunto de la zona euro el dato qued\u00f3 en un +3,3%.<\/p>\n<p class=\"v-d-p\" style=\"\">Esto no puede sorprender a nadie, pues hace apenas unos d\u00edas el Instituto Nacional de Estad\u00edstica fij\u00f3 el alza del IPC en nuestro pa\u00eds en un <strong>4,3% interanual en agosto<\/strong> (el resultado de Eurostat es dispar porque utiliza el indicador armonizado, que sirve para comparar entre pa\u00edses), la mayor cifra desde febrero de 2023, cuando a\u00fan arreciaba la tormenta desatada por la invasi\u00f3n rusa de Ucrania. Casi un lustro despu\u00e9s, la historia se repite, pues ya entonces Espa\u00f1a fue el pa\u00eds que sufri\u00f3 de una manera m\u00e1s r\u00e1pida el contagio de la crisis desde la energ\u00eda hacia el resto de la econom\u00eda, aunque en los meses siguientes el dato nacional fue convergiendo con la media de la eurozona. <\/p>\n<p class=\"v-d-p\" style=\"\">Est\u00e1 por ver qu\u00e9 sucede esta vez. El mes pasado, la brecha entre la inflaci\u00f3n espa\u00f1ola y la del resto de la eurozona fue de 1,2 puntos, en lo que supone ampliar un diferencial que en julio era de un punto. Si se analizan pa\u00edses por separado, solo Bulgaria (+5,1%), Chipre (+5,2%) y Lituania (+5,8%) registraron datos peores el mes pasado, mientras que las grandes econom\u00edas lograron contener la escalada de manera mucho m\u00e1s eficaz, con un +2,9% en <strong>Alemania, un +2,7%<\/strong> en Francia y un +3,2% en Italia. <\/p>\n<ul class=\"v-cmp-rld__u\">\n<li class=\"v-cmp-rld__l\">\n<p><a class=\"v-a-lnk\" href=\"http:\/\/www.abc.es\/economia\/cuentas-corrientes\/gasolina-sube-seis-centimos-litro-diesel-baja-20260901012852-nt.html#vtm_modulosEngag=noticiasrelacionadas-cmp-uno:economia:noticia:1\" data-voc-vtm-id=\"in-text-traffic\" rel=\"nofollow noopener\" target=\"_blank\"><br \/>\n<img decoding=\"async\" loading=\"lazy\" src=\"https:\/\/www.europesays.com\/es\/wp-content\/uploads\/2026\/09\/1788321146_391_diesel.jpg\" class=\"v-a-img\" width=\"258\" height=\"180\" alt=\"La gasolina subir\u00e1 seis c\u00e9ntimos por litro y el di\u00e9sel bajar\u00e1 10 con los cambios en los impuestos\"\/><br \/>\n<\/a><\/p>\n<\/li>\n<\/ul>\n<p class=\"v-d-p\" style=\"\">Sea como fuere, ese 3,3% de inflaci\u00f3n media en los pa\u00edses del euro es una cifra que est\u00e1 muy lejos del  2% que el BCE recomienda para aprovechar el impulso econ\u00f3mico sin comprometer la estabilidad monetaria, hecho que dar\u00e1 argumentos a su consejo de gobierno para aplicar otra subida de los tipos de inter\u00e9s despu\u00e9s de la que ya acometi\u00f3 el pasado mes de julio, que fue la primera desde 2023 y supuso poner fin a <strong>tres a\u00f1os de acceso f\u00e1cil al cr\u00e9dito<\/strong>. Hace ahora dos meses, en una reuni\u00f3n que se produjo apenas unos d\u00edas despu\u00e9s de que Donald Trump diera por terminado el fr\u00e1gil preacuerdo de paz alcanzado con Teher\u00e1n y liquidara as\u00ed las previsiones m\u00e1s optimistas, el organismo presidido por Christine Lagarde se vio obligado a incrementar los tipos en 0,25 puntos porcentuales, para dejar el principal, el de la facilidad de dep\u00f3sito, en el 2,25%. <\/p>\n<p class=\"v-d-p\" style=\"\">En la reuni\u00f3n de agosto, los consejeros del banco central decidieron no aplicar cambios, pero la mayor parte de los analistas dan por descontado que en septiembre habr\u00e1 otra alza de un cuarto de punto, hecho que encarecer\u00e1 a\u00fan m\u00e1s el acceso al dinero prestado y a las hipotecas, a la vez que entorpecer\u00e1 el avance econ\u00f3mico de una Europa a la que no le sobra ni media d\u00e9cima de PIB. <\/p>\n<p>\nLa pol\u00e9mica rebaja del IVA\n<\/p>\n<p class=\"v-d-p\" style=\"\">En este juego de equilibrios complejo, Espa\u00f1a queda atrapada como la gran econom\u00eda que m\u00e1s acusa el alza del petr\u00f3leo y el gas natural, y en esto nuestro pa\u00eds tiene una doble singularidad, pues tambi\u00e9n fue el \u00fanico entre los grandes que decidi\u00f3 aplicar una rebaja generalizada del IVA para abaratar la luz y el combustible. As\u00ed, desde finales de marzo estuvo vigente una minoraci\u00f3n del tributo para la electricidad, el gas y los carburantes (<strong>pas\u00f3 del 21 al 10% en todos los casos<\/strong>) que estuvo vigente hasta el primero de junio en el caso de la factura el\u00e9ctrica y el primero de julio para los combustibles, dentro de un &#8216;escudo anticrisis&#8217; -en la terminolog\u00eda del Gobierno- que a partir de julio tuvo que ser sustituido por otro con medidas mucho m\u00e1s quir\u00fargicas. Una de las razones de este cambio fueron las cr\u00edticas recibidas por la Comisi\u00f3n Europea, cuya tesis es que hay que evitar las bonificaciones generalizadas del IVA porque espolean el consumo y, por tanto, la inflaci\u00f3n.<\/p>\n<p class=\"v-d-p\" style=\"\">M\u00e1s all\u00e1 de cu\u00e1les sean las causas del diferencial de precios que Espa\u00f1a mantiene con  sus socios, lo cierto es que la ampliaci\u00f3n de la brecha observada en agosto es preocupante por el efecto negativo que tendr\u00e1 sobre la competitividad de nuestro pa\u00eds dentro del mercado comunitario, destino del 60% de sus exportaciones. En este punto solamente cabe hacer un matiz, y es que a pesar de que el consumo <strong>se encarece m\u00e1s aqu\u00ed que allende nuestras fronteras<\/strong>, no ocurre lo mismo con el llamado &#8216;\u00edndice de precios industriales no-dom\u00e9sticos&#8217;, un indicador de Eurostat que traslada al comercio industrial la l\u00f3gica del IPC, para poder comparar los precios a los que exportan las empresas (contando solo las ventas en la eurozona) seg\u00fan el pa\u00eds en el que est\u00e9n radicadas. En junio -\u00faltimo mes con datos disponibles-, este indicador se situ\u00f3 en el 3,2% en Espa\u00f1a y el 4,2% en la eurozona, aunque est\u00e1 por ver qu\u00e9 sucede en los pr\u00f3ximos meses, ya que este indicador est\u00e1 muy relacionado con la inflaci\u00f3n. <\/p>\n","protected":false},"excerpt":{"rendered":"La guerra desatada por los EE.UU. e Israel contra Ir\u00e1n el pasado 28 de febrero, un conflicto que&hellip;\n","protected":false},"author":2,"featured_media":743275,"comment_status":"","ping_status":"","sticky":false,"template":"","format":"standard","meta":{"footnotes":""},"categories":[80],"tags":[82,1067,5658,95,108271,94,25,24,11519,4645,1847,23],"class_list":["post-743274","post","type-post","status-publish","format-standard","has-post-thumbnail","category-economia","tag-business","tag-cabeza","tag-dispara","tag-economia","tag-economias","tag-economy","tag-es","tag-espana","tag-eurozona","tag-grandes","tag-inflacion","tag-spain"],"share_on_mastodon":{"url":"https:\/\/pubeurope.com\/@es\/117199422053567167","error":""},"_links":{"self":[{"href":"https:\/\/www.europesays.com\/es\/wp-json\/wp\/v2\/posts\/743274","targetHints":{"allow":["GET"]}}],"collection":[{"href":"https:\/\/www.europesays.com\/es\/wp-json\/wp\/v2\/posts"}],"about":[{"href":"https:\/\/www.europesays.com\/es\/wp-json\/wp\/v2\/types\/post"}],"author":[{"embeddable":true,"href":"https:\/\/www.europesays.com\/es\/wp-json\/wp\/v2\/users\/2"}],"replies":[{"embeddable":true,"href":"https:\/\/www.europesays.com\/es\/wp-json\/wp\/v2\/comments?post=743274"}],"version-history":[{"count":0,"href":"https:\/\/www.europesays.com\/es\/wp-json\/wp\/v2\/posts\/743274\/revisions"}],"wp:featuredmedia":[{"embeddable":true,"href":"https:\/\/www.europesays.com\/es\/wp-json\/wp\/v2\/media\/743275"}],"wp:attachment":[{"href":"https:\/\/www.europesays.com\/es\/wp-json\/wp\/v2\/media?parent=743274"}],"wp:term":[{"taxonomy":"category","embeddable":true,"href":"https:\/\/www.europesays.com\/es\/wp-json\/wp\/v2\/categories?post=743274"},{"taxonomy":"post_tag","embeddable":true,"href":"https:\/\/www.europesays.com\/es\/wp-json\/wp\/v2\/tags?post=743274"}],"curies":[{"name":"wp","href":"https:\/\/api.w.org\/{rel}","templated":true}]}}