{"id":74328,"date":"2025-08-26T21:29:10","date_gmt":"2025-08-26T21:29:10","guid":{"rendered":"https:\/\/www.europesays.com\/es\/74328\/"},"modified":"2025-08-26T21:29:10","modified_gmt":"2025-08-26T21:29:10","slug":"como-sigue-la-temporada-2025","status":"publish","type":"post","link":"https:\/\/www.europesays.com\/es\/74328\/","title":{"rendered":"c\u00f3mo sigue la temporada 2025"},"content":{"rendered":"<p class=\"mb-4 text-lg md:leading-8 break-words\"><b>La F\u00f3rmula 1 retoma esta semana su calendario, luego del receso por el verano en Europa, con el Gran Premio de Pa\u00edses Bajos en el circuito de Zandvoort<\/b> en el que competir\u00e1n los 20 pilotos de las 10 escuder\u00edas, entre ellos el argentino <b>Franco Colapinto<\/b> a bordo de su Alpine.<\/p>\n<p class=\"mb-4 text-lg md:leading-8 break-words\">La actividad comenzar\u00e1 el viernes con el primer entrenamiento, programado a las 7.30 (hora argentina). El s\u00e1bado a las 10 tendr\u00e1 lugar la clasificaci\u00f3n en la que los conductores se ordenar\u00e1n en la grilla de partida para <b>la final del domingo, tambi\u00e9n a las 10. Todas las instancias se transmitir\u00e1n en vivo \u00fanicamente en la plataforma digital Disney+ Premium. <\/b>Por televisi\u00f3n, Fox Sports emitir\u00e1 las etapas en diferido, horas despu\u00e9s de su desarrollo. Al momento en que se est\u00e9 desarrollando la activdad dispondr\u00e1 de un relato sin im\u00e1genes de la pista.<\/p>\n<p><img alt=\"Lando Norris y Oscar Piastri, de McLaren, pelean por el t\u00edtulo en la temporada 2025 de la F\u00f3rmula 1\" loading=\"lazy\" width=\"768\" height=\"509\" decoding=\"async\" data-nimg=\"1\" class=\"rounded-lg\" style=\"color:transparent\" src=\"https:\/\/www.europesays.com\/es\/wp-content\/uploads\/2025\/08\/7a07e048729d1b2347d5c705639479b5.jpeg\"\/><\/p>\n<p>Lando Norris y Oscar Piastri, de McLaren, pelean por el t\u00edtulo en la temporada 2025 de la F\u00f3rmula 1 &#8211; Cr\u00e9ditos: @Bradley Collyer<\/p>\n<p class=\"mb-4 text-lg md:leading-8 break-words\">El certamen, luego de 14 GP, lo domina McLaren con amplitud gracias a que plasm\u00f3 en los circuitos la gran diferencia que tiene con las dem\u00e1s escuder\u00edas y conquist\u00f3 11 pruebas. <b>Oscar Piastri lidera la tabla de posiciones de pilotos con 285 puntos y lo persigue su compa\u00f1ero Lando Norris con 275. <\/b>Tercero se ubica el tetracampe\u00f3n <b>Max Verstappen (Red Bull),<\/b> pero algo lejos con 187 unidades.<\/p>\n<p class=\"mb-4 text-lg md:leading-8 break-words\">Colapinto, por su parte, disput\u00f3 ocho carreras y todav\u00eda no sum\u00f3. Alpine tiene 20 unidades en la clasificaci\u00f3n de constructores, en la que marcha \u00faltimo, y todos los consigui\u00f3<b> Pierre Gasly. <\/b>En el lado opuesto, McLaren se encamina a la corona con 559 tantos porque su inmediato perseguidor es Ferrari con 260.<\/p>\n<p><img alt=\"Franco Colapinto todav\u00eda no pudo sumar puntos para Alpine en la temporada 2025 de la F\u00f3rmula 1\" loading=\"lazy\" width=\"768\" height=\"576\" decoding=\"async\" data-nimg=\"1\" class=\"rounded-lg\" style=\"color:transparent\" src=\"https:\/\/www.europesays.com\/es\/wp-content\/uploads\/2025\/08\/c135c7c0f21c4cfa5e59425b6506c50d.jpeg\"\/><\/p>\n<p>Franco Colapinto todav\u00eda no pudo sumar puntos para Alpine en la temporada 2025 de la F\u00f3rmula 1 &#8211; Cr\u00e9ditos: @(Foto: Instagram @francocolapinto)<\/p>\n<ol class=\"mb-4\">\n<li class=\"ml-4 list-decimal\">\n<p class=\"mb-4 text-lg md:leading-8 break-words\">GP de Australia en Melbourne &#8211;\u00a0<b>Lando Norris (McLaren).<\/b><\/p>\n<\/li>\n<li class=\"ml-4 list-decimal\">\n<p class=\"mb-4 text-lg md:leading-8 break-words\">GP de China en Shangh\u00e1i &#8211;<b>\u00a0Oscar Piastri (McLaren).<\/b><\/p>\n<\/li>\n<li class=\"ml-4 list-decimal\">\n<p class=\"mb-4 text-lg md:leading-8 break-words\">GP de Jap\u00f3n en Suzuka &#8211;\u00a0<b>Max Verstappen (Red Bull).<\/b><\/p>\n<\/li>\n<li class=\"ml-4 list-decimal\">\n<p class=\"mb-4 text-lg md:leading-8 break-words\">GP de Bahr\u00e9in en Sakhir &#8211;\u00a0<b>Oscar Piastri (McLaren).<\/b><\/p>\n<\/li>\n<li class=\"ml-4 list-decimal\">\n<p class=\"mb-4 text-lg md:leading-8 break-words\">GP de Arabia Saudita en Yed\u00e1 &#8211;\u00a0<b>Oscar Piastri (McLaren).<\/b><\/p>\n<\/li>\n<li class=\"ml-4 list-decimal\">\n<p class=\"mb-4 text-lg md:leading-8 break-words\">GP de Miami &#8211;\u00a0<b>Oscar Piastri (McLaren).<\/b><\/p>\n<\/li>\n<li class=\"ml-4 list-decimal\">\n<p class=\"mb-4 text-lg md:leading-8 break-words\">GP de Emilia-Romagna en Imola &#8211; <b>Max Verstappen (Red Bull).<\/b><\/p>\n<\/li>\n<li class=\"ml-4 list-decimal\">\n<p class=\"mb-4 text-lg md:leading-8 break-words\">GP de M\u00f3naco &#8211; <b>Lando Norris (McLaren).<\/b><\/p>\n<\/li>\n<li class=\"ml-4 list-decimal\">\n<p class=\"mb-4 text-lg md:leading-8 break-words\">GP de Espa\u00f1a en Montmel\u00f3 &#8211; <b>Oscar Piastri (McLaren).<\/b><\/p>\n<\/li>\n<li class=\"ml-4 list-decimal\">\n<p class=\"mb-4 text-lg md:leading-8 break-words\">GP de Canad\u00e1 en Montreal &#8211; <b>George Russell (Mercedes).<\/b><\/p>\n<\/li>\n<li class=\"ml-4 list-decimal\">\n<p class=\"mb-4 text-lg md:leading-8 break-words\">GP de Austria en Spielberg &#8211; <b>Lando Norris (McLaren).<\/b><\/p>\n<\/li>\n<li class=\"ml-4 list-decimal\">\n<p class=\"mb-4 text-lg md:leading-8 break-words\">GP de Gran Breta\u00f1a en Silverstone &#8211; <b>Lando Norris (McLaren).<\/b><\/p>\n<\/li>\n<li class=\"ml-4 list-decimal\">\n<p class=\"mb-4 text-lg md:leading-8 break-words\">GP de B\u00e9lgica en Spa-Francorchamps &#8211; <b>Oscar Piastri (McLaren).<\/b><\/p>\n<\/li>\n<li class=\"ml-4 list-decimal\">\n<p class=\"mb-4 text-lg md:leading-8 break-words\">GP de Hungr\u00eda en Budapest &#8211; <b>Lando Norris (McLaren).<\/b><\/p>\n<\/li>\n<li class=\"ml-4 list-decimal\">\n<p class=\"mb-4 text-lg md:leading-8 break-words\">31 de agosto: GP de Pa\u00edses Bajos en Zandvoort.<\/p>\n<\/li>\n<li class=\"ml-4 list-decimal\">\n<p class=\"mb-4 text-lg md:leading-8 break-words\">7 septiembre: GP de Italia en Monza.<\/p>\n<\/li>\n<li class=\"ml-4 list-decimal\">\n<p class=\"mb-4 text-lg md:leading-8 break-words\">21 septiembre: GP de Azerbaiy\u00e1n en Bak\u00fa.<\/p>\n<\/li>\n<li class=\"ml-4 list-decimal\">\n<p class=\"mb-4 text-lg md:leading-8 break-words\">5 de octubre: GP de Singapur.<\/p>\n<\/li>\n<li class=\"ml-4 list-decimal\">\n<p class=\"mb-4 text-lg md:leading-8 break-words\">19 de octubre: GP de Estados Unidos en Austin (sprint).<\/p>\n<\/li>\n<li class=\"ml-4 list-decimal\">\n<p class=\"mb-4 text-lg md:leading-8 break-words\">26 octubre: GP de M\u00e9xico en Ciudad de M\u00e9xico.<\/p>\n<\/li>\n<li class=\"ml-4 list-decimal\">\n<p class=\"mb-4 text-lg md:leading-8 break-words\">9 de noviembre: GP de Brasil en Interlagos (sprint).<\/p>\n<\/li>\n<li class=\"ml-4 list-decimal\">\n<p class=\"mb-4 text-lg md:leading-8 break-words\">22 de noviembre: GP de Las Vegas.<\/p>\n<\/li>\n<li class=\"ml-4 list-decimal\">\n<p class=\"mb-4 text-lg md:leading-8 break-words\">30 de noviembre: GP de Qatar en Lusail (sprint).<\/p>\n<\/li>\n<li class=\"ml-4 list-decimal\">\n<p class=\"mb-4 text-lg md:leading-8 break-words\">7 diciembre: GP de Abu Dhabi en Yas Marina.<\/p>\n<\/li>\n<\/ol>\n<p><img alt=\"La tabla de posiciones de la F\u00f3rmula 1, tras el GP de Hungr\u00eda\" loading=\"lazy\" width=\"768\" height=\"711\" decoding=\"async\" data-nimg=\"1\" class=\"rounded-lg\" style=\"color:transparent\" src=\"https:\/\/www.europesays.com\/es\/wp-content\/uploads\/2025\/08\/321770894b2a7add6643daa27efe78bb.jpeg\"\/><\/p>\n<p>La tabla de posiciones de la F\u00f3rmula 1, tras el GP de Hungr\u00eda &#8211; Cr\u00e9ditos: @Opta<\/p>\n<p class=\"mb-4 text-lg md:leading-8 break-words\">La grilla de equipos y pilotos de la F1 2025 se modific\u00f3 con respecto al inicio de la temporada. Tras la segunda fecha, hubo un \u201ctrueque\u201d entre Red Bull y Racing Bulls en el que el japon\u00e9s<b> Yuki Tsunoda<\/b> se hizo con el lugar de <b>Liam Lawson<\/b> y pas\u00f3 a ser compa\u00f1ero de <b>Max Verstappen<\/b>. Lawson volvi\u00f3 a la escuder\u00eda que compiti\u00f3 el a\u00f1o pasado y comparte equipo con el debutante <b>Isack Hadjar<\/b>. Luego del GP de Miami, correspondiente a la sexta jornada, Alpine prescindi\u00f3 de <b>Jack Doohan<\/b> y le dio la titularidad a <b>Franco Colapinto<\/b> junto a <b>Pierre Gasly, <\/b>el piloto principal de la escuder\u00eda francesa.<\/p>\n<p class=\"mb-4 text-lg md:leading-8 break-words\">En el resto de los equipos no hay cambios en relaci\u00f3n a c\u00f3mo empezaron el 2025. Williams cuenta con <b>Alexander Albon <\/b>y <b>Carlos Sainz Jr.<\/b>, quien firm\u00f3 contrato hasta 2028 despu\u00e9s de su salida de Ferrari por la llegada de <b>Lewis Hamilton. <\/b>El multicampe\u00f3n ingl\u00e9s hace dupla con<b> Charles Leclerc<\/b>. Kick Sauber y Haas, en tanto, se renovaron por completo con respecto a 2024. Los suizos contrataron al brasile\u00f1o <b>Gabriel Bortoleto, <\/b>de 20 a\u00f1os y campe\u00f3n de la F\u00f3rmula 2 el a\u00f1o pasado, y a <b>Nico Hulkenberg <\/b>(justamente desde Haas); mientras que los norteamericanos sumaron a <b>Oliver Bearman <\/b>y a <b>Esteban Ocon<\/b>, quien dej\u00f3 Alpine.<\/p>\n<p class=\"mb-4 text-lg md:leading-8 break-words\">Otro juvenil que desembarc\u00f3 en la F\u00f3rmula 1 fue <b>Kimi Antonelli<\/b>, de 18 a\u00f1os y reemplazante de Hamilton en Mercedes. All\u00ed corre junto al experimentado <b>George Russell<\/b>. Solo dos los equipos mantuvieron a sus pilotos de la temporada anterior: Aston Mart\u00edn sigue con<b> Fernando Alonso <\/b>y<b> Lance Stroll<\/b> y McLaren, \u00faltimo ganador del campeonato de constructores y m\u00e1ximo favorito para el campeonato en curso, con<b> Lando Norris <\/b>y<b> Oscar Piastri.<\/b><\/p>\n","protected":false},"excerpt":{"rendered":"La F\u00f3rmula 1 retoma esta semana su calendario, luego del receso por el verano en Europa, con el&hellip;\n","protected":false},"author":2,"featured_media":74329,"comment_status":"","ping_status":"","sticky":false,"template":"","format":"standard","meta":{"footnotes":""},"categories":[270],"tags":[168,25,24,306,271,272,1723,29040,469,2104,2099,2704,2106,23,167],"class_list":{"0":"post-74328","1":"post","2":"type-post","3":"status-publish","4":"format-standard","5":"has-post-thumbnail","7":"category-formula-1","8":"tag-deportes","9":"tag-es","10":"tag-espana","11":"tag-f1","12":"tag-formula-1","13":"tag-formula1","14":"tag-franco-colapinto","15":"tag-gp-de-bahrein","16":"tag-la-formula","17":"tag-lando-norris","18":"tag-max-verstappen","19":"tag-mclaren","20":"tag-oscar-piastri","21":"tag-spain","22":"tag-sports"},"share_on_mastodon":{"url":"","error":""},"_links":{"self":[{"href":"https:\/\/www.europesays.com\/es\/wp-json\/wp\/v2\/posts\/74328","targetHints":{"allow":["GET"]}}],"collection":[{"href":"https:\/\/www.europesays.com\/es\/wp-json\/wp\/v2\/posts"}],"about":[{"href":"https:\/\/www.europesays.com\/es\/wp-json\/wp\/v2\/types\/post"}],"author":[{"embeddable":true,"href":"https:\/\/www.europesays.com\/es\/wp-json\/wp\/v2\/users\/2"}],"replies":[{"embeddable":true,"href":"https:\/\/www.europesays.com\/es\/wp-json\/wp\/v2\/comments?post=74328"}],"version-history":[{"count":0,"href":"https:\/\/www.europesays.com\/es\/wp-json\/wp\/v2\/posts\/74328\/revisions"}],"wp:featuredmedia":[{"embeddable":true,"href":"https:\/\/www.europesays.com\/es\/wp-json\/wp\/v2\/media\/74329"}],"wp:attachment":[{"href":"https:\/\/www.europesays.com\/es\/wp-json\/wp\/v2\/media?parent=74328"}],"wp:term":[{"taxonomy":"category","embeddable":true,"href":"https:\/\/www.europesays.com\/es\/wp-json\/wp\/v2\/categories?post=74328"},{"taxonomy":"post_tag","embeddable":true,"href":"https:\/\/www.europesays.com\/es\/wp-json\/wp\/v2\/tags?post=74328"}],"curies":[{"name":"wp","href":"https:\/\/api.w.org\/{rel}","templated":true}]}}