{"id":743284,"date":"2026-09-02T04:04:17","date_gmt":"2026-09-02T04:04:17","guid":{"rendered":"https:\/\/www.europesays.com\/es\/743284\/"},"modified":"2026-09-02T04:04:17","modified_gmt":"2026-09-02T04:04:17","slug":"oficial-marc-casado-cedido-al-deportivo-de-la-coruna","status":"publish","type":"post","link":"https:\/\/www.europesays.com\/es\/743284\/","title":{"rendered":"Oficial: Marc Casad\u00f3, cedido al Deportivo de la Coru\u00f1a"},"content":{"rendered":"<p class=\"ft-text\"><strong>Ya es oficial: Marc Casad\u00f3 abandona el Bar\u00e7a y se va cedido al Deportivo de la Coru\u00f1a<\/strong>. LaLiga ha anunciado la inscripci\u00f3n del futbolista como jugador del Deportivo, a la espera del comunicado de los clubes. El axcuerdo entre clubes incluye incluye una cl\u00e1usula de compra, no obligatoria, de 30 millones verano que viene.<\/p>\n<p><img decoding=\"async\" src=\"https:\/\/www.europesays.com\/es\/wp-content\/uploads\/2026\/09\/909140e8-54b0-4662-b730-b3e33399ddf8_alta-libre-aspect-ratio_default_0_x600y225.jpg\" width=\"1200\" height=\"675\" alt=\"Marc Casad\u00f3 siente el Bar\u00e7a como propio, aunque parece tener su futuro lejos del Camp Nou.\" class=\"ft-helper-img-rd\" loading=\"lazy\" fetchpriority=\"auto\"\/><\/p>\n<p class=\"ft-helper-fontColor-quaternary ft-helper-fontSize-body-S ft-helper-spacer-t-xxs\">Marc Casad\u00f3 es ya ex futbolista del Bar\u00e7a  \/ Instagram<\/p>\n<p class=\"ft-text\"><strong>La operaci\u00f3n se ha fraguado en el \u00faltimo d\u00eda del mercado y Casad\u00f3 se ha decantado por la opci\u00f3n del conjunto gallego<\/strong>, a pesar de tener propuestas de otros clubes como el Bayer Leverkusen o clubes de Arabia. La presencia de Carles Mart\u00ednez en el conjunto alem\u00e1n era un gran reclamo para el mediocampista, pero finalmente no se han podido dar las condiciones. <\/p>\n<p>Una d\u00e9cada en el Bar\u00e7a<\/p>\n<p class=\"ft-text\"><strong>Casad\u00f3<\/strong>, de esta manera, pone punto y final a una etapa de diez a\u00f1os como blaugrana, tras aterrizar en su f\u00fatbol base con 13 a\u00f1os en el verano de 2016. A sus 23 a\u00f1os, pues, abandona el que es el club de su vida tras haber podido disfrutar durante algo m\u00e1s de tres temporadas en la primera plantilla. <a class=\"ft-link ft-link--decoration\" href=\"https:\/\/www.sport.es\/es\/noticias\/barca\/casado-debuto-primer-equipo-78012386\" rel=\"nofollow noopener\" target=\"_blank\">Debut\u00f3 de la mano de Xavi el 1 de noviembre de 2022 ante el Viktoria Plzen en la Champions<\/a>.<\/p>\n<p><img decoding=\"async\" src=\"https:\/\/www.europesays.com\/es\/wp-content\/uploads\/2026\/09\/21145bb4-1a2e-4b00-b3a2-3f3148f23a92_alta-libre-aspect-ratio_default_0_x1000y444.jpg\" width=\"1200\" height=\"800\" alt=\"Marc Casad\u00f3, durante la pretemporada\" class=\"ft-helper-img-rd\" loading=\"lazy\" fetchpriority=\"auto\"\/><\/p>\n<p class=\"ft-helper-fontColor-quaternary ft-helper-fontSize-body-S ft-helper-spacer-t-xxs\">Marc Casad\u00f3, durante la pretemporada  \/ Dani Barbeito<\/p>\n<p class=\"ft-text\">Eso s\u00ed, <a class=\"ft-link ft-link--decoration\" href=\"https:\/\/www.sport.es\/es\/noticias\/barca\/datos-respaldan-rendimiento-casado-114843894\" rel=\"nofollow noopener\" target=\"_blank\">fue con Hansi Flick cuando tuvo su mejor momento en el primer equipo<\/a>, durante la primera mitad de temporada de la 24-25, cuando se hizo con el mando del centro del campo y dio exhibiciones como la del cl\u00e1sico liguero en el Bernab\u00e9u de la primera vuelta, que acab\u00f3 0-4, con una asistencia extraordinaria a <strong>Lewandowski <\/strong>en el 0-1. Se marcha tras haber disputado 75 partidos oficiales en los que anot\u00f3 un gol, la misma temporada del cl\u00e1sico comentado, ante la Real Sociedad.<\/p>\n","protected":false},"excerpt":{"rendered":"Ya es oficial: Marc Casad\u00f3 abandona el Bar\u00e7a y se va cedido al Deportivo de la Coru\u00f1a. LaLiga&hellip;\n","protected":false},"author":2,"featured_media":743285,"comment_status":"","ping_status":"","sticky":false,"template":"","format":"standard","meta":{"footnotes":""},"categories":[268],"tags":[10083,12691,14146,168,412,25,24,881,280,282,6489,20218,289,281,23,167],"class_list":["post-743284","post","type-post","status-publish","format-standard","has-post-thumbnail","category-futbol","tag-bayer-leverkusen","tag-casado","tag-cedido","tag-deportes","tag-deportivo","tag-es","tag-espana","tag-fc-barcelona","tag-football","tag-futbol","tag-marc","tag-marc-casado","tag-oficial","tag-soccer","tag-spain","tag-sports"],"share_on_mastodon":{"url":"https:\/\/pubeurope.com\/@es\/117199469569127307","error":""},"_links":{"self":[{"href":"https:\/\/www.europesays.com\/es\/wp-json\/wp\/v2\/posts\/743284","targetHints":{"allow":["GET"]}}],"collection":[{"href":"https:\/\/www.europesays.com\/es\/wp-json\/wp\/v2\/posts"}],"about":[{"href":"https:\/\/www.europesays.com\/es\/wp-json\/wp\/v2\/types\/post"}],"author":[{"embeddable":true,"href":"https:\/\/www.europesays.com\/es\/wp-json\/wp\/v2\/users\/2"}],"replies":[{"embeddable":true,"href":"https:\/\/www.europesays.com\/es\/wp-json\/wp\/v2\/comments?post=743284"}],"version-history":[{"count":0,"href":"https:\/\/www.europesays.com\/es\/wp-json\/wp\/v2\/posts\/743284\/revisions"}],"wp:featuredmedia":[{"embeddable":true,"href":"https:\/\/www.europesays.com\/es\/wp-json\/wp\/v2\/media\/743285"}],"wp:attachment":[{"href":"https:\/\/www.europesays.com\/es\/wp-json\/wp\/v2\/media?parent=743284"}],"wp:term":[{"taxonomy":"category","embeddable":true,"href":"https:\/\/www.europesays.com\/es\/wp-json\/wp\/v2\/categories?post=743284"},{"taxonomy":"post_tag","embeddable":true,"href":"https:\/\/www.europesays.com\/es\/wp-json\/wp\/v2\/tags?post=743284"}],"curies":[{"name":"wp","href":"https:\/\/api.w.org\/{rel}","templated":true}]}}