{"id":743286,"date":"2026-09-02T04:05:18","date_gmt":"2026-09-02T04:05:18","guid":{"rendered":"https:\/\/www.europesays.com\/es\/743286\/"},"modified":"2026-09-02T04:05:18","modified_gmt":"2026-09-02T04:05:18","slug":"alejandra-rubio-recibe-el-alta-tras-el-nacimiento-de-tessa-su-hija-con-carlo-costanzia","status":"publish","type":"post","link":"https:\/\/www.europesays.com\/es\/743286\/","title":{"rendered":"Alejandra Rubio recibe el alta tras el nacimiento de Tessa, su hija con Carlo Costanzia"},"content":{"rendered":"<p><img loading=\"lazy\" decoding=\"async\" src=\"https:\/\/www.europesays.com\/es\/wp-content\/uploads\/2026\/09\/100x100_informalia-logo.jpg\" itemtype=\"\/\/schema.org\/ImageObject\" itemprop=\"url\" alt=\"Informalia\" width=\"64\" height=\"64\" pinger-seen=\"true\"\/><\/p>\n<p><b>Alejandra Rubio<\/b> ya est\u00e1 en casa. La hija de Terelu Campos ha recibido el alta este martes tras ingresar el pasado fin de semana en la Fundaci\u00f3n Jim\u00e9nez D\u00edaz de Madrid, donde volvi\u00f3 a convertirse en madre junto a<b> Carlo Costanzia<\/b> con la llegada de Tessa, la beb\u00e9 con la que han ampliado la familia tras el nacimiento de su primog\u00e9nito, Carlo, en diciembre de 2024.<\/p>\n<p><b>Ambos han abandonado el hospital de forma discreta<\/b>, sin posar ante las c\u00e1maras. En el coche iba de copiloto Carlo Costanzia padre, que se ha mostrado muy pendiente de su nieta en todo momento.<\/p>\n<p>Aunque la ni\u00f1a naci\u00f3 el pasado s\u00e1bado, <a href=\"https:\/\/www.eleconomista.es\/informalia\/famosos\/noticias\/14010929\/08\/26\/alejandra-rubio-y-carlo-costanza-revelan-a-las-puertas-del-hospital-por-que-han-llamado-a-su-hija-tessa-es-una-mezcla.html\" title=\"Alejandra Rubio y Carlo Costanzia aclaran el nombre de su hija en sus primeras palabras desde el hospital: &quot;Es una mezcla...&quot;\" rel=\"nofollow noopener\" target=\"_blank\">fue este lunes cuando anunciaron en Instagram la gran noticia<\/a>: <b>\u00abBienvenida a la familia peque\u00f1a Tessa, te amamos\u00bb<\/b>, escribieron. Durante la ma\u00f1ana, recibieron la visita<a href=\"https:\/\/www.eleconomista.es\/informalia\/famosos\/noticias\/14010728\/08\/26\/la-llegada-de-mar-flores-al-hospital-para-conocer-a-su-nieta-el-segundo-hijo-de-carlo-costanzia-y-alejandra-rubio.html\" rel=\"nofollow noopener\" target=\"_blank\"> de Mar Flores<\/a>, y, despu\u00e9s, <a href=\"https:\/\/www.eleconomista.es\/informalia\/famosos\/noticias\/14010858\/08\/26\/terelu-campos-celebra-su-61-cumpleanos-en-el-hospital-tras-el-nacimiento-de-su-segunda-nieta-tessa-ha-ido-todo-muy-bien.html\" rel=\"nofollow noopener\" target=\"_blank\">de Terelu Campos<\/a>, que precisamente este 31 de agosto cumpl\u00eda 61 a\u00f1os.<\/p>\n<p><b>\u00abEstoy bien, gracias. Todo ha ido bien. Hay que venir sin expectativas, es lo mejor\u00bb<\/b>, explicaba la sobirna de Carmen Borrego al final de la tarde, cuando sali\u00f3 a atender a la prensa a las puertas del hospital. El parto se produjo mediante ces\u00e1rea, igual que ocurri\u00f3 con su primer hijo, Carlo, en diciembre de 2024.<\/p>\n<p>Respecto al nombre de la peque\u00f1a, <b>Alejandra afirm\u00f3 que es un homenaje a su abuela, Mar\u00eda Teresa Campos<\/b>, fallecida en septiembre de 2023, y a la abuela del italiano, que muri\u00f3 a comienzos de este a\u00f1o.<\/p>\n<p>WhatsApp<a href=\"https:\/\/api.whatsapp.com\/send?text=https:\/\/www.eleconomista.es\/informalia\/famosos\/noticias\/14011152\/09\/26\/alejandra-rubio-recibe-el-alta-tras-el-nacimiento-de-tessa-su-hija-con-carlo-costanzia.html?utm_source%3Dwhatsapp%26utm_medium%3Dshare_button&amp;id=1648118629957_whatsapp\" target=\"_blank\" data-action=\"share\/whatsapp\/share\" aria-label=\"Compartir en Whatsapp\" rel=\"nofollow noopener\"><\/a>Facebook<a id=\"fb-share\" href=\"#\" target=\"_blank\" rel=\"noopener noreferrer\" aria-label=\"Compartir en Facebook\"><\/a>Twitter<a href=\"https:\/\/twitter.com\/share?text=Alejandra+Rubio+recibe+el+alta+tras+el+nacimiento+de+Tessa%2C+su+hija+con+Carlo+Costanzia&amp;url=https:\/\/www.eleconomista.es\/informalia\/famosos\/noticias\/14011152\/09\/26\/alejandra-rubio-recibe-el-alta-tras-el-nacimiento-de-tessa-su-hija-con-carlo-costanzia.html&amp;via=Informalia&amp;id=1648118839245_twitter\" target=\"_blank\" aria-label=\"Compartir en Twitter\" rel=\"nofollow noopener\"><\/a>Linkedin<a onclick=\"return abrirLinkedin();\" href=\"https:\/\/www.linkedin.com\/shareArticle?text=Alejandra+Rubio+recibe+el+alta+tras+el+nacimiento+de+Tessa%2C+su+hija+con+Carlo+Costanzia&amp;url=https:\/\/www.eleconomista.es\/informalia\/famosos\/noticias\/14011152\/09\/26\/alejandra-rubio-recibe-el-alta-tras-el-nacimiento-de-tessa-su-hija-con-carlo-costanzia.html&amp;mini=true\" target=\"_blank\" aria-label=\"Compartir en linkedin\" rel=\"nofollow noopener\"><\/a>Beloud<a href=\"https:\/\/beloud.com\/share?text=Alejandra+Rubio+recibe+el+alta+tras+el+nacimiento+de+Tessa%2C+su+hija+con+Carlo+Costanzia&amp;url=https:\/\/www.eleconomista.es\/informalia\/famosos\/noticias\/14011152\/09\/26\/alejandra-rubio-recibe-el-alta-tras-el-nacimiento-de-tessa-su-hija-con-carlo-costanzia.html&amp;via=Informalia&amp;id=1648118839245_beloud\" target=\"_blank\" aria-label=\"Compartir en beloud\" rel=\"nofollow noopener\"><\/a>Bluesky<a href=\"https:\/\/bsky.app\/intent\/compose?text=https:\/\/bsky.app\/intent\/compose?text=https:\/\/www.eleconomista.es\/informalia\/famosos\/noticias\/14011152\/09\/26\/alejandra-rubio-recibe-el-alta-tras-el-nacimiento-de-tessa-su-hija-con-carlo-costanzia.html&amp;url=https:\/\/www.eleconomista.es\/informalia\/famosos\/noticias\/14011152\/09\/26\/alejandra-rubio-recibe-el-alta-tras-el-nacimiento-de-tessa-su-hija-con-carlo-costanzia.html&amp;via=elEconomistaes&amp;id=1648118839245_bluesky\" target=\"_blank\" aria-label=\"Compartir en bluesky\" rel=\"nofollow noopener\"><\/a><\/p>\n<p><script async src=\"https:\/\/platform.twitter.com\/widgets.js\" charset=\"utf-8\"><\/script><\/p>\n","protected":false},"excerpt":{"rendered":"Alejandra Rubio ya est\u00e1 en casa. La hija de Terelu Campos ha recibido el alta este martes tras&hellip;\n","protected":false},"author":2,"featured_media":743287,"comment_status":"","ping_status":"","sticky":false,"template":"","format":"standard","meta":{"footnotes":""},"categories":[174],"tags":[255,146,147,25,24,256,260,23],"class_list":["post-743286","post","type-post","status-publish","format-standard","has-post-thumbnail","category-famosos","tag-celebrities","tag-entertainment","tag-entretenimiento","tag-es","tag-espana","tag-famosos","tag-gente","tag-spain"],"share_on_mastodon":{"url":"https:\/\/pubeurope.com\/@es\/117199472568191216","error":""},"_links":{"self":[{"href":"https:\/\/www.europesays.com\/es\/wp-json\/wp\/v2\/posts\/743286","targetHints":{"allow":["GET"]}}],"collection":[{"href":"https:\/\/www.europesays.com\/es\/wp-json\/wp\/v2\/posts"}],"about":[{"href":"https:\/\/www.europesays.com\/es\/wp-json\/wp\/v2\/types\/post"}],"author":[{"embeddable":true,"href":"https:\/\/www.europesays.com\/es\/wp-json\/wp\/v2\/users\/2"}],"replies":[{"embeddable":true,"href":"https:\/\/www.europesays.com\/es\/wp-json\/wp\/v2\/comments?post=743286"}],"version-history":[{"count":0,"href":"https:\/\/www.europesays.com\/es\/wp-json\/wp\/v2\/posts\/743286\/revisions"}],"wp:featuredmedia":[{"embeddable":true,"href":"https:\/\/www.europesays.com\/es\/wp-json\/wp\/v2\/media\/743287"}],"wp:attachment":[{"href":"https:\/\/www.europesays.com\/es\/wp-json\/wp\/v2\/media?parent=743286"}],"wp:term":[{"taxonomy":"category","embeddable":true,"href":"https:\/\/www.europesays.com\/es\/wp-json\/wp\/v2\/categories?post=743286"},{"taxonomy":"post_tag","embeddable":true,"href":"https:\/\/www.europesays.com\/es\/wp-json\/wp\/v2\/tags?post=743286"}],"curies":[{"name":"wp","href":"https:\/\/api.w.org\/{rel}","templated":true}]}}