{"id":743298,"date":"2026-09-02T04:12:20","date_gmt":"2026-09-02T04:12:20","guid":{"rendered":"https:\/\/www.europesays.com\/es\/743298\/"},"modified":"2026-09-02T04:12:20","modified_gmt":"2026-09-02T04:12:20","slug":"una-resonancia-magnetica-puede-anticipar-la-evolucion-del-alzheimer-en-menores-de-65-anos","status":"publish","type":"post","link":"https:\/\/www.europesays.com\/es\/743298\/","title":{"rendered":"Una resonancia magn\u00e9tica puede anticipar la evoluci\u00f3n del Alzheimer en menores de 65 a\u00f1os"},"content":{"rendered":"<p class=\"paragraph\">Una <b>resonancia magn\u00e9tica <\/b>podr\u00eda ofrecer una informaci\u00f3n especialmente valiosa a las personas con enfermedad de <a href=\"https:\/\/www.eldebate.com\/temas\/alzheimer\/\" rel=\"nofollow noopener\" target=\"_blank\">Alzheimer <\/a>de inicio temprano: una estimaci\u00f3n de la rapidez con la que podr\u00eda avanzar el deterioro cognitivo.<\/p>\n<p class=\"paragraph\">As\u00ed lo sugiere una investigaci\u00f3n del Instituto de Neurociencia Mass General Brigham, cuyos resultados se han <a href=\"http:\/\/dx.doi.org\/10.1212\/WNL.0000000000218519\" target=\"_blank\" rel=\" nofollow noopener\">publicado<\/a> en Neurology, la revista oficial de la Academia Estadounidense de Neurolog\u00eda. El trabajo identifica un patr\u00f3n de atrofia cerebral visible en las im\u00e1genes de resonancia que se relaciona con un mayor riesgo de progresar antes desde un deterioro cognitivo leve hasta la demencia.<\/p>\n<p class=\"paragraph\">El alzh\u00e9imer de inicio temprano es una forma poco frecuente de la enfermedad que aparece antes de los 65 a\u00f1os. Aunque, en promedio, tiende a evolucionar m\u00e1s r\u00e1pidamente que el alzh\u00e9imer de aparici\u00f3n tard\u00eda, existe una gran variabilidad entre pacientes. Esta diferencia hace especialmente dif\u00edcil saber c\u00f3mo evolucionar\u00e1 la enfermedad en cada persona.<\/p>\n<p class=\"paragraph\">Para los pacientes y sus familias, disponer de una previsi\u00f3n m\u00e1s precisa podr\u00eda facilitar la planificaci\u00f3n de los cuidados, la vivienda y otras decisiones importantes a medida que avance la enfermedad.<\/p>\n<p class=\"paragraph\">\u00abEl diagn\u00f3stico de la enfermedad de Alzheimer de inicio temprano es complejo, y se agrava por el hecho de que los pacientes, sus cuidadores y los m\u00e9dicos desconocen qu\u00e9 esperar en los a\u00f1os posteriores al diagn\u00f3stico\u00bb, afirm\u00f3 la Dra. <b>Alexandra Touroutoglou<\/b>, coautora principal e investigadora del Instituto de Neurociencia Mass General Brigham. \u00abSi podemos utilizar la resonancia magn\u00e9tica, que ya forma parte del proceso diagn\u00f3stico, para estimar mejor la velocidad de progresi\u00f3n de la enfermedad, podr\u00edamos ayudar a los pacientes y sus familias a planificar con anticipaci\u00f3n y a los m\u00e9dicos a tomar decisiones m\u00e1s personalizadas sobre la atenci\u00f3n\u00bb.<\/p>\n<p>Evoluci\u00f3n hacia la demencia<\/p>\n<p class=\"paragraph\">Los investigadores analizaron los datos de 130 personas de entre 40 y 64 a\u00f1os con deterioro cognitivo leve debido a alzh\u00e9imer de inicio temprano. El estudio tambi\u00e9n incluy\u00f3 a 97 personas cognitivamente sanas de edades similares.<\/p>\n<p class=\"paragraph\">Los participantes proced\u00edan del estudio LEADS (Longitudinal Early-Onset Alzheimer&#8217;s Disease Study), un consorcio multic\u00e9ntrico estadounidense que constituye uno de los mayores estudios internacionales centrados en el alzh\u00e9imer de inicio temprano.<\/p>\n<p class=\"paragraph\">Durante un seguimiento medio de aproximadamente dos a\u00f1os, 84 de los participantes con alzh\u00e9imer de inicio temprano, alrededor del 65 %, desarrollaron demencia. En este contexto, el t\u00e9rmino demencia hace referencia a una p\u00e9rdida de capacidades cognitivas \u2014como la memoria, el lenguaje o la capacidad para resolver problemas\u2014 suficientemente importante como para interferir en la vida cotidiana.<\/p>\n<p class=\"paragraph\">Al revisar las resonancias realizadas al comienzo del estudio, los investigadores observaron una relaci\u00f3n entre la cantidad de atrofia cerebral y la evoluci\u00f3n posterior de los pacientes.<\/p>\n<p class=\"paragraph\">Aquellas personas que presentaban mayor p\u00e9rdida de volumen en determinadas regiones cerebrales relacionadas con la memoria y el pensamiento ten\u00edan m\u00e1s probabilidades de desarrollar demencia antes que quienes mostraban un menor grado de atrofia. Adem\u00e1s, el riesgo aumentaba a medida que lo hac\u00eda la atrofia cerebral.<\/p>\n<p>Mejorar el pron\u00f3stico<\/p>\n<p class=\"paragraph\">Uno de los aspectos m\u00e1s relevantes del estudio es que incorporar las mediciones de atrofia cerebral obtenidas mediante resonancia magn\u00e9tica permiti\u00f3 mejorar un modelo destinado a <b>calcular el riesgo de progresi\u00f3n<\/b>. El modelo tambi\u00e9n ten\u00eda en cuenta factores como la edad, el sexo y el resultado obtenido en una prueba cognitiva inicial.<\/p>\n<p class=\"paragraph\">La posibilidad de extraer informaci\u00f3n cuantitativa de una prueba que ya se utiliza habitualmente durante el proceso diagn\u00f3stico podr\u00eda facilitar en el futuro una atenci\u00f3n m\u00e1s personalizada.<\/p>\n<p class=\"paragraph\">\u00abEste estudio podr\u00eda allanar el camino para utilizar medidas cuantitativas de atrofia cerebral en regiones vulnerables del cerebro como m\u00e9todo para predecir el momento del deterioro funcional. Esta es informaci\u00f3n que a\u00fan no hemos podido brindar a los pacientes\u00bb, afirm\u00f3 el Dr. <b>Mark Eldaief<\/b>, neur\u00f3logo y coautor principal del estudio, perteneciente a las Unidades de Trastornos de la Memoria y Demencia Frontotemporal del Instituto de Neurociencia Mass General Brigham.<\/p>\n<p>Un modelo en estudio<\/p>\n<p class=\"paragraph\">Los resultados son prometedores, pero los investigadores advierten de que<b> la herramienta todav\u00eda necesita m\u00e1s validaci\u00f3n<\/b> antes de utilizarse para realizar predicciones individuales en la pr\u00e1ctica cl\u00ednica.<\/p>\n<p class=\"paragraph\">El modelo se desarroll\u00f3 y prob\u00f3 en personas cuyo deterioro cognitivo leve estaba relacionado principalmente con problemas de memoria. Por ello, sus resultados podr\u00edan no ser aplicables de la misma manera a pacientes cuyo alzh\u00e9imer de inicio temprano afecta inicialmente al comportamiento, la visi\u00f3n, las capacidades espaciales o el lenguaje.<\/p>\n<p class=\"paragraph\">Tambi\u00e9n ser\u00e1n necesarios estudios con poblaciones m\u00e1s diversas para comprobar si las mediciones de atrofia cerebral permiten predecir otros resultados relevantes, como la necesidad de institucionalizaci\u00f3n o la mortalidad.<\/p>\n<p class=\"paragraph\">Por ahora, la resonancia no permite predecir con exactitud el futuro de una persona con alzh\u00e9imer de inicio temprano. Pero los resultados apuntan a una posibilidad que podr\u00eda resultar especialmente \u00fatil: convertir una prueba que ya forma parte del diagn\u00f3stico en una herramienta adicional para anticipar c\u00f3mo puede evolucionar la enfermedad y adaptar los cuidados a las necesidades de cada paciente.<\/p>\n","protected":false},"excerpt":{"rendered":"Una resonancia magn\u00e9tica podr\u00eda ofrecer una informaci\u00f3n especialmente valiosa a las personas con enfermedad de Alzheimer de inicio&hellip;\n","protected":false},"author":2,"featured_media":743299,"comment_status":"","ping_status":"","sticky":false,"template":"","format":"standard","meta":{"footnotes":""},"categories":[92],"tags":[25,24,165,166,23],"class_list":["post-743298","post","type-post","status-publish","format-standard","has-post-thumbnail","category-salud","tag-es","tag-espana","tag-health","tag-salud","tag-spain"],"share_on_mastodon":{"url":"https:\/\/pubeurope.com\/@es\/117199499895077200","error":""},"_links":{"self":[{"href":"https:\/\/www.europesays.com\/es\/wp-json\/wp\/v2\/posts\/743298","targetHints":{"allow":["GET"]}}],"collection":[{"href":"https:\/\/www.europesays.com\/es\/wp-json\/wp\/v2\/posts"}],"about":[{"href":"https:\/\/www.europesays.com\/es\/wp-json\/wp\/v2\/types\/post"}],"author":[{"embeddable":true,"href":"https:\/\/www.europesays.com\/es\/wp-json\/wp\/v2\/users\/2"}],"replies":[{"embeddable":true,"href":"https:\/\/www.europesays.com\/es\/wp-json\/wp\/v2\/comments?post=743298"}],"version-history":[{"count":0,"href":"https:\/\/www.europesays.com\/es\/wp-json\/wp\/v2\/posts\/743298\/revisions"}],"wp:featuredmedia":[{"embeddable":true,"href":"https:\/\/www.europesays.com\/es\/wp-json\/wp\/v2\/media\/743299"}],"wp:attachment":[{"href":"https:\/\/www.europesays.com\/es\/wp-json\/wp\/v2\/media?parent=743298"}],"wp:term":[{"taxonomy":"category","embeddable":true,"href":"https:\/\/www.europesays.com\/es\/wp-json\/wp\/v2\/categories?post=743298"},{"taxonomy":"post_tag","embeddable":true,"href":"https:\/\/www.europesays.com\/es\/wp-json\/wp\/v2\/tags?post=743298"}],"curies":[{"name":"wp","href":"https:\/\/api.w.org\/{rel}","templated":true}]}}