{"id":743300,"date":"2026-09-02T04:13:16","date_gmt":"2026-09-02T04:13:16","guid":{"rendered":"https:\/\/www.europesays.com\/es\/743300\/"},"modified":"2026-09-02T04:13:16","modified_gmt":"2026-09-02T04:13:16","slug":"laetitia-ky-la-artista-que-usa-su-cabello-para-reivindicar-la-identidad-precolonial-de-africa-el-pelo-era-un-superpoder-y-yo-lo-queria-reclamar-planeta-futuro","status":"publish","type":"post","link":"https:\/\/www.europesays.com\/es\/743300\/","title":{"rendered":"Laetitia Ky, la artista que usa su cabello para reivindicar la identidad precolonial de \u00c1frica: \u201cEl pelo era un superpoder y yo lo quer\u00eda reclamar\u201d | Planeta Futuro"},"content":{"rendered":"<p class=\"\">La primera vez que Laetitia Ky (30 a\u00f1os, Abiy\u00e1n, Costa de Marfil) se aplic\u00f3 alisador en el cabello ten\u00eda 5 a\u00f1os. Su madre le ense\u00f1\u00f3 a hacerlo desde muy peque\u00f1a, cada tres semanas antes de que sus ra\u00edces naturales empezaran a brotar. As\u00ed lo hizo durante a\u00f1os, porque era una pr\u00e1ctica muy com\u00fan entre las mujeres de<a href=\"https:\/\/elpais.com\/planeta-futuro\/2026-08-02\/abiyan-se-transforma-a-golpe-de-excavadora-de-los-pescadores-de-la-laguna-ebrie-a-la-ciudad-mas-moderna-de-africa-occidental.html\" target=\"_self\" rel=\"nofollow noopener\" title=\"https:\/\/elpais.com\/planeta-futuro\/2026-08-02\/abiyan-se-transforma-a-golpe-de-excavadora-de-los-pescadores-de-la-laguna-ebrie-a-la-ciudad-mas-moderna-de-africa-occidental.html\"> su pa\u00eds<\/a>. Pero, a los 16, tuvo un accidente: el producto le quem\u00f3 la parte frontal de la cabeza y tuvo que cortarse todo el pelo. <\/p>\n<p class=\"\">Ky considera este acontecimiento el origen de su despertar creativo. \u201cCuando mi cabello natural empez\u00f3 a crecer no sab\u00eda como contenerlo ni cuidarlo. Fue como una crisis existencial no saber lidiar con el\u201d, recuerda la artista que hoy es conocida por su fotograf\u00eda, pintura, escultura, performance y actuaci\u00f3n. Fue en una de sus b\u00fasquedas en internet cuando dio con <a href=\"https:\/\/elpais.com\/planeta-futuro\/2023-08-22\/las-africanas-que-sostienen-los-libros.html\" target=\"_self\" rel=\"nofollow noopener\" title=\"https:\/\/elpais.com\/planeta-futuro\/2023-08-22\/las-africanas-que-sostienen-los-libros.html\">mujeres<\/a> negras que usaban el pelo natural. Desde ese momento Ky empez\u00f3 a cuestionarse todo: \u201cDescubrir esta comunidad (extendida sobre todo en Estados Unidos) fue como caer en un agujero infinito. No sab\u00eda que alguien con cabello como el m\u00edo pod\u00eda ser feliz\u201d, asegura en una videollamada. Ky recuerda que desde entonces no hubo marcha atr\u00e1s, solo quer\u00eda aprenderlo todo sobre <a href=\"https:\/\/elpais.com\/planeta-futuro\/2026-06-10\/sani-ladan-escritor-es-contradictorio-decir-que-africa-es-la-cuna-de-la-humanidad-y-a-la-vez-que-no-ha-aportado-nada-a-la-historia.html\" target=\"_self\" rel=\"nofollow noopener\" title=\"https:\/\/elpais.com\/planeta-futuro\/2026-06-10\/sani-ladan-escritor-es-contradictorio-decir-que-africa-es-la-cuna-de-la-humanidad-y-a-la-vez-que-no-ha-aportado-nada-a-la-historia.html\">negritud<\/a>, historia, discriminaci\u00f3n y <a href=\"https:\/\/elpais.com\/planeta-futuro\/2026-04-06\/africa-abre-la-puerta-a-las-reparaciones-juridicas-y-economicas-por-la-esclavitud-la-historia-no-debe-ser-silenciada.html\" target=\"_self\" rel=\"nofollow noopener\" title=\"https:\/\/elpais.com\/planeta-futuro\/2026-04-06\/africa-abre-la-puerta-a-las-reparaciones-juridicas-y-economicas-por-la-esclavitud-la-historia-no-debe-ser-silenciada.html\">colonialismo<\/a>. <\/p>\n<p class=\"\">El cabello fue, desde entonces, el hilo conductor de su trabajo que publica en redes sociales y que le ha abierto una gran audiencia: casi seis millones de seguidores en Tik Tok y otro medio en mill\u00f3n en Instagram. Sus fotograf\u00edas empezaron a llamar la atenci\u00f3n en <a href=\"https:\/\/elpais.com\/planeta-futuro\/2026-06-28\/un-refugio-en-el-que-amar-sin-ser-juzgado-jovenes-gays-escapan-a-costa-de-marfil-de-la-represion-homofoba-en-africa.html\" target=\"_self\" rel=\"nofollow noopener\" title=\"https:\/\/elpais.com\/planeta-futuro\/2026-06-28\/un-refugio-en-el-que-amar-sin-ser-juzgado-jovenes-gays-escapan-a-costa-de-marfil-de-la-represion-homofoba-en-africa.html\">Costa de Marfil<\/a>, pero fue cuando recre\u00f3 una serie de retratos de lo que se supon\u00eda que hab\u00eda sido el cabello pre colonial en \u00c1frica Occidental, cuando salt\u00f3 a la escena internacional. \u201cEran peinados impresionantes, provocativos, grandes y llamativos, y me ayudaron a hacerme una idea de c\u00f3mo era el mundo antes de que Costa de Marfil se convirtiera en una colonia francesa.\u201d Entonces comenz\u00f3 a peinarse diferente, a hacerse mo\u00f1os geom\u00e9tricos que despu\u00e9s se convirtieron en esculturas mucho m\u00e1s elaboradas: \u201cEl pelo cumpl\u00eda una funci\u00f3n muy importante en las sociedades precoloniales. Usaban los peinados para representar su religi\u00f3n, edad, clase social, identidad \u00e9tnica, estado civil y riqueza. Era un superpoder, y yo lo quer\u00eda reclamar\u201d.<\/p>\n<p><img alt=\"\" decoding=\"auto\" class=\"_re lazyload a_m-v\" height=\"475\"  width=\"414\" src=\"https:\/\/www.europesays.com\/es\/wp-content\/uploads\/2026\/09\/JY3BZHI4TBGV7M4CPTKFJ7O5DA.jpeg\" loading=\"lazy\" fetchpriority=\"low\"\/>Laetitia Ky tom\u00f3 una serie de fotos de mujeres africanas tomadas durante la \u00e9poca colonial para recrearlas.CEDIDA<img alt=\"\" decoding=\"auto\" class=\"_re lazyload a_m-v\" height=\"505\"  width=\"414\" src=\"https:\/\/www.europesays.com\/es\/wp-content\/uploads\/2026\/09\/MURUAFFHXVHCHKPUOTMUAVWBCY.jpeg\" loading=\"lazy\" fetchpriority=\"low\"\/>Las fotos corresponden a mujeres de distintos territorios del continente africano. CEDIDA<img alt=\"\" decoding=\"auto\" class=\"_re lazyload a_m-v\" height=\"497\"  width=\"414\" src=\"https:\/\/www.europesays.com\/es\/wp-content\/uploads\/2026\/09\/T4TDEWPZ45D2FNXQ3LKIONAXDA.jpeg\" loading=\"lazy\" fetchpriority=\"low\"\/>Ky explica que, en las comunidades africanas \u201cel pelo cumpl\u00eda una funci\u00f3n muy importante\u00bb.  \u00abUsaban los peinados para representar su religi\u00f3n, edad, clase social, identidad \u00e9tnica, estado civil y riqueza\u201d, afirma.CEDIDA<img alt=\"\" decoding=\"auto\" class=\"_re lazyload a_m-v\" height=\"510\"  width=\"414\" src=\"https:\/\/www.europesays.com\/es\/wp-content\/uploads\/2026\/09\/5VWEFF3HCVHGHOIX6CIGR67B2U.jpeg\" loading=\"lazy\" fetchpriority=\"low\"\/>Ky recrea estos peinados como un homenaje a las sociedades precoloniales. \u00abEl peinado era un superpoder, y yo lo quer\u00eda reclamar\u00bb, sostiene.CEDIDA<\/p>\n<p class=\"\">Hace casi 10 a\u00f1os que Ky empez\u00f3 a monetizar con su trabajo tras cautivar al mundo de la moda, y comenzar a recibir ofertas de agencias, fot\u00f3grafos y galer\u00edas. Hace cinco que se convirti\u00f3 en expositora en distintos lugares del mundo, no solo de fotograf\u00eda sino de pintura. Adem\u00e1s escribe y act\u00faa, y ahora vive en Nueva York. Lleg\u00f3 con un visado de artista, pero en diciembre de 2025, Estados Unidos anunci\u00f3 un bloqueo migratorio parcial a 39 pa\u00edses, 26 africanos \u2014entre ellos Costa de Marfil\u2014, <a href=\"https:\/\/elpais.com\/us\/migracion\/2026-08-11\/la-administracion-trump-ha-revocado-mas-de-175000-visas-en-medio-de-su-ofensiva-migratoria.html\" target=\"_self\" rel=\"nofollow noopener\" title=\"https:\/\/elpais.com\/us\/migracion\/2026-08-11\/la-administracion-trump-ha-revocado-mas-de-175000-visas-en-medio-de-su-ofensiva-migratoria.html\">alegando razones de seguridad nacional.<\/a> \u201cHa sido muy complicado todo. Quiero estar aqu\u00ed porque Nueva York es el centro de artes m\u00e1s importante del mundo, pero tambi\u00e9n quiero volver a casa para ver a mi madre, a mi hermana y a mis amigos, y no s\u00e9 cu\u00e1ndo podr\u00e9 hacerlo.\u201d <\/p>\n<p class=\"\">A Ky le resulta inevitable transmitir lo que siente en sus piezas. Cuando estaba en Costa de Marfil por ejemplo, todo lo que pintaba era una respuesta inmediata a comportamientos<a href=\"https:\/\/elpais.com\/planeta-futuro\/2026-08-12\/jacquiline-msambila-la-tanzana-que-pelea-contra-la-brecha-digital-de-genero-hay-muy-pocas-mujeres-trabajando-en-ia-modelos-de-lenguaje-o-aprendizaje-automatico.html\" target=\"_self\" rel=\"nofollow noopener\" title=\"https:\/\/elpais.com\/planeta-futuro\/2026-08-12\/jacquiline-msambila-la-tanzana-que-pelea-contra-la-brecha-digital-de-genero-hay-muy-pocas-mujeres-trabajando-en-ia-modelos-de-lenguaje-o-aprendizaje-automatico.html\"> machistas <\/a>que observaba. \u201cRecuerdo que sent\u00eda una urgencia inhumana de pintar. Era insoportable si no sacaba las idea de mi organismo\u201d, cuenta emocionada en la videollamada con este diario. Cuando estudiaba en M\u00f3naco, en cambio, sus est\u00edmulos creativos cambiaron mucho. \u201cNo sent\u00eda ning\u00fan tipo de angustia, ni pulsi\u00f3n. A mi alrededor todo era bello y yo ten\u00eda ganas de experimentar\u201d, dice entre risas. Ahora siente un bloqueo creativo: \u201cCuando las cosas se ponen dif\u00edciles y est\u00e1s en modo de supervivencia, es muy dif\u00edcil crear. La pol\u00edtica actual da miedo, se siente la inseguridad, y luego est\u00e1 la soledad que sentimos todos los que migramos\u201d. <\/p>\n<blockquote class=\"a_q\">\n<p>El pelo cumpl\u00eda una funci\u00f3n muy importante en las sociedades precoloniales. Usaban los peinados para representar su religi\u00f3n, edad, clase social, identidad \u00e9tnica, estado civil y riqueza. Era un superpoder, y yo lo quer\u00eda reclamar<\/p>\n<\/blockquote>\n<p class=\"\">A lo largo de su carrera, muchas personas la han contactado para agradecerle por tratar de redefinir la negritud, el cabello, la esclavitud y el racismo. Otras m\u00e1s para amenazarla de muerte y tratar de diagnosticarle problemas mentales y experiencias traum\u00e1ticas. \u201cLe\u00eda mensajes que me acusaban de ser un demonio y de estar desquiciada\u201d. Compartir su arte le colg\u00f3 una etiqueta de activista, que por momentos desear\u00eda quitarse de encima. \u201cA veces quiero que me vean como una artista y nada m\u00e1s. Tambi\u00e9n porque, como alguien que intenta vivir de su trabajo, quiere evitar que la encasillen\u201d. Ky cree que entr\u00f3 a las redes demasiado joven, y que no estaba preparada para afrontar todo lo que vino tras exponerse al mundo real, especialmente, dice, porque su herramienta de trabajo es su cuerpo. \u201cTen\u00eda 20 a\u00f1os, trataba de encontrar mi lugar en el mundo a trav\u00e9s del arte, y en internet ya me identificaban como alguien con una opini\u00f3n pol\u00edtica importante\u201d. <\/p>\n<p><img alt=\"\" decoding=\"auto\" class=\"_re lazyload a_m-h\" height=\"312\"  width=\"414\"  src=\"https:\/\/www.europesays.com\/es\/wp-content\/uploads\/2026\/09\/HJGFF4ZK6JELPINR5WXHAJVFVU.jpeg\" loading=\"lazy\" fetchpriority=\"low\"\/>Pieza de la artista Laetitia KyCEDIDA<\/p>\n<p class=\"\">En uno de sus cuadros aparece una mujer parada al borde de una ba\u00f1era rodeada de azulejos rosas. Su pareja est\u00e1 sentado dentro del agua, y ella derrama su sangre sobre el. En la descripci\u00f3n de la pieza, que ha sido expuesta en varias galer\u00edas, Ky reflexiona sobre la menstruaci\u00f3n y la pureza, \u201c\u00bfQu\u00e9 t\u00edtulo le pondr\u00edan?\u201c, escribe en una publicaci\u00f3n en su cuenta de Instagram. Los comentarios toman varias direcciones: \u201dMe encanta esto\u00bb, o, \u201c\u00bfTodo bien en casa?\u201c. \u201cS\u00e9 que son provocativas. No s\u00e9 qu\u00e9 decirte. Esas son las im\u00e1genes que tengo en la cabeza, y no compartirlas nunca ha sido una opci\u00f3n\u201d, zanja la artista. \u201cTrabajo mucho con el cuerpo de las mujeres y sus funciones corporales, y tengo una idea muy clara y radical de lo que es ser una \u2015que atribuyo a venir de donde vengo\u2015 donde a las ni\u00f1as <a href=\"https:\/\/elpais.com\/planeta-futuro\/2026-06-15\/el-punto-de-sutura-de-mas-en-la-vagina-de-las-nigerianas-ni-siquiera-les-preocupaba-mi-dolor-solo-el-placer-de-mi-marido.html\" target=\"_self\" rel=\"nofollow noopener\" title=\"https:\/\/elpais.com\/planeta-futuro\/2026-06-15\/el-punto-de-sutura-de-mas-en-la-vagina-de-las-nigerianas-ni-siquiera-les-preocupaba-mi-dolor-solo-el-placer-de-mi-marido.html\">se les corta el cl\u00edtoris<\/a> al a\u00f1o de nacer. Toda mi experiencia como mujer africana radica en mi cuerpo, y esa es una conversaci\u00f3n que no todo el mundo quiere tener\u00bb, afirma Ky. <\/p>\n<p class=\"\">En un futuro cercano le gustar\u00eda publicar un libro en el que ha estado trabajando, que ser\u00eda su segundo despu\u00e9s de hacer su debut con Love and Justice en 2022. Se trata de un c\u00f3mic de acci\u00f3n inspirado en un comentario que uno de sus seguidores dej\u00f3 en una de las primeras series de fotograf\u00edas que comparti\u00f3, en la que aparec\u00eda ella, con un peinado en forma de manos: \u201cAlguien dijo que parec\u00eda una superhero\u00edna, y eso me encant\u00f3. Record\u00e9 que cuando se estren\u00f3 la pel\u00edcula <a href=\"https:\/\/elpais.com\/cultura\/2022-11-11\/black-panther-wakanda-forever-mas-que-una-pelicula-de-marvel-un-simbolo-intachable-y-aburrido.html\" target=\"_self\" rel=\"nofollow noopener\" title=\"https:\/\/elpais.com\/cultura\/2022-11-11\/black-panther-wakanda-forever-mas-que-una-pelicula-de-marvel-un-simbolo-intachable-y-aburrido.html\">Black Panther<\/a> hace unos a\u00f1os todos est\u00e1bamos felices de que por fin \u00c1frica estaba siendo representada. Yo tambi\u00e9n me alegr\u00e9, pero pens\u00e9 en que no dejaba de ser una representaci\u00f3n lejana, y no algo cien por cien hecho por nosotros\u201d. Ky quiere contar la historia de una mujer africana, s\u00faper poderosa, que utiliza su pelo para luchar contra el crimen en Abiy\u00e1n, su ciudad: \u201cQuiero hacer algo que no exist\u00eda cuando yo era m\u00e1s joven. Ser\u00eda incre\u00edble que las ni\u00f1as que se parecen a m\u00ed tengan algo as\u00ed\u201d.<\/p>\n","protected":false},"excerpt":{"rendered":"La primera vez que Laetitia Ky (30 a\u00f1os, Abiy\u00e1n, Costa de Marfil) se aplic\u00f3 alisador en el cabello&hellip;\n","protected":false},"author":2,"featured_media":743301,"comment_status":"","ping_status":"","sticky":false,"template":"","format":"standard","meta":{"footnotes":""},"categories":[91],"tags":[5404,15544,13598,146,147,25,1246,24,629,4910,1472,892,952,3941,23],"class_list":["post-743300","post","type-post","status-publish","format-standard","has-post-thumbnail","category-entretenimiento","tag-africa","tag-colonialismo","tag-costa-de-marfil","tag-entertainment","tag-entretenimiento","tag-es","tag-escultura","tag-espana","tag-estados-unidos","tag-feminismo","tag-memoria-historica","tag-migracion","tag-politica","tag-racismo","tag-spain"],"share_on_mastodon":{"url":"https:\/\/pubeurope.com\/@es\/117199505135822844","error":""},"_links":{"self":[{"href":"https:\/\/www.europesays.com\/es\/wp-json\/wp\/v2\/posts\/743300","targetHints":{"allow":["GET"]}}],"collection":[{"href":"https:\/\/www.europesays.com\/es\/wp-json\/wp\/v2\/posts"}],"about":[{"href":"https:\/\/www.europesays.com\/es\/wp-json\/wp\/v2\/types\/post"}],"author":[{"embeddable":true,"href":"https:\/\/www.europesays.com\/es\/wp-json\/wp\/v2\/users\/2"}],"replies":[{"embeddable":true,"href":"https:\/\/www.europesays.com\/es\/wp-json\/wp\/v2\/comments?post=743300"}],"version-history":[{"count":0,"href":"https:\/\/www.europesays.com\/es\/wp-json\/wp\/v2\/posts\/743300\/revisions"}],"wp:featuredmedia":[{"embeddable":true,"href":"https:\/\/www.europesays.com\/es\/wp-json\/wp\/v2\/media\/743301"}],"wp:attachment":[{"href":"https:\/\/www.europesays.com\/es\/wp-json\/wp\/v2\/media?parent=743300"}],"wp:term":[{"taxonomy":"category","embeddable":true,"href":"https:\/\/www.europesays.com\/es\/wp-json\/wp\/v2\/categories?post=743300"},{"taxonomy":"post_tag","embeddable":true,"href":"https:\/\/www.europesays.com\/es\/wp-json\/wp\/v2\/tags?post=743300"}],"curies":[{"name":"wp","href":"https:\/\/api.w.org\/{rel}","templated":true}]}}