{"id":743302,"date":"2026-09-02T04:14:20","date_gmt":"2026-09-02T04:14:20","guid":{"rendered":"https:\/\/www.europesays.com\/es\/743302\/"},"modified":"2026-09-02T04:14:20","modified_gmt":"2026-09-02T04:14:20","slug":"wi-fi-8-llega-al-mercado-18-meses-antes-de-su-certificacion-oficial-neo","status":"publish","type":"post","link":"https:\/\/www.europesays.com\/es\/743302\/","title":{"rendered":"Wi-Fi 8 llega al mercado 18 meses antes de su certificaci\u00f3n oficial \u2014 NEO"},"content":{"rendered":"<p>La industria de conectividad inal\u00e1mbrica acelera su ciclo de innovaci\u00f3n con el lanzamiento de equipos Wi-Fi 8, presentados antes de la finalizaci\u00f3n de la certificaci\u00f3n del est\u00e1ndar. Estos enrutadores tri-banda prometen velocidades de conexi\u00f3n de hasta 19 a 22 Gbps en modo inal\u00e1mbrico y 10 Gbps en conexiones cableadas, adem\u00e1s de soportar m\u00e1s de 200 dispositivos simult\u00e1neamente en sistemas de malla que cubren \u00e1reas de hasta 9,800 pies cuadrados.<\/p>\n<p>Esta estrategia de lanzamiento anticipado responde a una realidad del mercado: la mayor\u00eda de usuarios a\u00fan no ha completado la migraci\u00f3n a Wi-Fi 7, cuya especificaci\u00f3n se finaliz\u00f3 en enero de 2024. Los nuevos equipos incorporan una arquitectura de 18 antenas internas dise\u00f1adas para resolver problemas pr\u00e1cticos de conectividad en entornos corporativos y residenciales de alta densidad, m\u00e1s all\u00e1 de enfocarse \u00fanicamente en incrementar velocidades. La certificaci\u00f3n oficial de Wi-Fi 8 no se espera hasta mayo de 2028, lo que significa que estos productos operar\u00e1n bajo especificaciones preliminares durante aproximadamente 18 meses.<\/p>\n<p>La disponibilidad comercial se llevar\u00e1 a cabo de manera escalonada: los primeros modelos estar\u00e1n disponibles en preventa en regiones selectas a partir de septiembre, mientras que los sistemas de malla y accesorios complementarios se distribuir\u00e1n entre el primer y segundo trimestre de 2027. Esta cadencia permite a los fabricantes captar segmentos que demandan mayor capacidad de conexi\u00f3n simult\u00e1nea, especialmente en espacios corporativos con alta concentraci\u00f3n de dispositivos IoT, computadoras y sistemas de videoconferencia.<\/p>\n<p>Desde la perspectiva de infraestructura de red, la adopci\u00f3n temprana de Wi-Fi 8 presenta oportunidades y consideraciones estrat\u00e9gicas. Las organizaciones que actualicen ahora obtendr\u00e1n un mayor margen de escalabilidad antes de que el est\u00e1ndar se consolide, aunque tambi\u00e9n asumir\u00e1n el riesgo de posibles cambios en la especificaci\u00f3n final. Los chipsets provienen de fabricantes consolidados como Broadcom, Qualcomm y MediaTek, lo que sugiere que la arquitectura base es relativamente estable, aunque las optimizaciones de software podr\u00edan requerir actualizaciones posteriores. Esta ventana de 18 meses antes de la certificaci\u00f3n oficial representa tanto una oportunidad de ventaja competitiva en infraestructura como un per\u00edodo de incertidumbre t\u00e9cnica que las organizaciones deben evaluar en funci\u00f3n de sus ciclos de inversi\u00f3n en tecnolog\u00eda.<\/p>\n","protected":false},"excerpt":{"rendered":"La industria de conectividad inal\u00e1mbrica acelera su ciclo de innovaci\u00f3n con el lanzamiento de equipos Wi-Fi 8, presentados&hellip;\n","protected":false},"author":2,"featured_media":743303,"comment_status":"","ping_status":"","sticky":false,"template":"","format":"standard","meta":{"footnotes":""},"categories":[81],"tags":[125562,119,123,124,1564,2308,25,24,2736,1906,2733,117,121,122,23,118,120],"class_list":["post-743302","post","type-post","status-publish","format-standard","has-post-thumbnail","category-ciencia-y-tecnologia","tag-c-level","tag-ciencia","tag-ciencia-y-tecnologia","tag-cienciaytecnologia","tag-directivos","tag-empresas","tag-es","tag-espana","tag-marketing","tag-mexico","tag-negocios","tag-science","tag-science-and-technology","tag-scienceandtechnology","tag-spain","tag-technology","tag-tecnologia"],"share_on_mastodon":{"url":"https:\/\/pubeurope.com\/@es\/117199507645671461","error":""},"_links":{"self":[{"href":"https:\/\/www.europesays.com\/es\/wp-json\/wp\/v2\/posts\/743302","targetHints":{"allow":["GET"]}}],"collection":[{"href":"https:\/\/www.europesays.com\/es\/wp-json\/wp\/v2\/posts"}],"about":[{"href":"https:\/\/www.europesays.com\/es\/wp-json\/wp\/v2\/types\/post"}],"author":[{"embeddable":true,"href":"https:\/\/www.europesays.com\/es\/wp-json\/wp\/v2\/users\/2"}],"replies":[{"embeddable":true,"href":"https:\/\/www.europesays.com\/es\/wp-json\/wp\/v2\/comments?post=743302"}],"version-history":[{"count":0,"href":"https:\/\/www.europesays.com\/es\/wp-json\/wp\/v2\/posts\/743302\/revisions"}],"wp:featuredmedia":[{"embeddable":true,"href":"https:\/\/www.europesays.com\/es\/wp-json\/wp\/v2\/media\/743303"}],"wp:attachment":[{"href":"https:\/\/www.europesays.com\/es\/wp-json\/wp\/v2\/media?parent=743302"}],"wp:term":[{"taxonomy":"category","embeddable":true,"href":"https:\/\/www.europesays.com\/es\/wp-json\/wp\/v2\/categories?post=743302"},{"taxonomy":"post_tag","embeddable":true,"href":"https:\/\/www.europesays.com\/es\/wp-json\/wp\/v2\/tags?post=743302"}],"curies":[{"name":"wp","href":"https:\/\/api.w.org\/{rel}","templated":true}]}}