{"id":743314,"date":"2026-09-02T04:24:17","date_gmt":"2026-09-02T04:24:17","guid":{"rendered":"https:\/\/www.europesays.com\/es\/743314\/"},"modified":"2026-09-02T04:24:17","modified_gmt":"2026-09-02T04:24:17","slug":"la-llegada-de-la-vuelta-a-huelva-mostrara-su-diversidad-y-que-ocurre-en-una-tierra-cuando-las-llamas-devoran-miles-de-hectareas","status":"publish","type":"post","link":"https:\/\/www.europesays.com\/es\/743314\/","title":{"rendered":"La llegada de La Vuelta a Huelva mostrar\u00e1 su diversidad y \u00abqu\u00e9 ocurre en una tierra cuando las llamas devoran miles de hect\u00e1reas\u00bb"},"content":{"rendered":"<p style=\"\">Comienza la cuenta atr\u00e1s para que la provincia de Huelva acoja uno de los grandes acontecimientos deportivos de los \u00faltimos a\u00f1os. El pr\u00f3ximo martes, 8 de septiembre, la <strong>Vuelta Ciclista a Espa\u00f1a<\/strong> la recorrer\u00e1 en una etapa hist\u00f3rica: por primera vez La Vuelta cruzar\u00e1  &#8230; la provincia \u00edntegramente de norte a sur, \u00abun trazado que nos va a permitir ense\u00f1ar la<strong> enorme diversidad<\/strong> que tiene nuestra tierra. La Sierra, la Cuenca Minera, el And\u00e9valo, el Condado, nuestros Lugares Colombinos y nuestra costa van a convertirse durante unas horas en el escenario de una de las grandes competiciones del ciclismo mundial\u00bb, en palabras del presidente de la Diputaci\u00f3n, David Toscano.<\/p>\n<p class=\"v-d-p\" style=\"\">Los municipios onubenses han sido protagonistas de la presentaci\u00f3n de la campa\u00f1a realizada por la Diputaci\u00f3n para una de las grandes pruebas internacionales como la Vuelta, \u00abseguida por millones de personas y con una<strong> capacidad extraordinaria<\/strong> para llevar la imagen de los territorios por los que pasa mucho m\u00e1s all\u00e1 de nuestras fronteras\u00bb.<\/p>\n<p class=\"v-d-p\" style=\"\">Parte del recorrido de la etapa se encuentra gravemente afectado por el devastador incendio de Niebla algo que, seg\u00fan Toscano, puede ayudar a concienciar sobre lo que suponen los incendios para una provincia \u00abque tiene <strong>un enorme tesoro en sus paisajes,<\/strong> en su naturaleza y en su medio ambiente\u00bb. <\/p>\n<ul class=\"v-cmp-rld__u\">\n<li class=\"v-cmp-rld__l\">\n<p><a class=\"v-a-lnk\" href=\"https:\/\/www.huelva24.com\/deportes\/ciclismo\/ver-vuelta-huelva-lugares-disfrutar-paso-peloton-20260831183014-nth.html#vtm_modulosEngag=noticiasrelacionadas-cmp-uno:deportes:noticia:1\" data-voc-vtm-id=\"in-text-traffic\" rel=\"nofollow noopener\" target=\"_blank\"><br \/>\n<img decoding=\"async\" loading=\"lazy\" src=\"https:\/\/www.europesays.com\/es\/wp-content\/uploads\/2026\/09\/d5e46-U04684120453inJ-258x180@huelva24.jpeg\" class=\"v-a-img\" width=\"258\" height=\"180\" alt=\"D\u00f3nde ver La Vuelta en Huelva: 12 lugares para disfrutar del paso del pelot\u00f3n y descubrir la provincia\"\/><br \/>\n<\/a><\/p>\n<\/li>\n<\/ul>\n<p class=\"v-d-p\" style=\"\">La etapa de la Vuelta, a\u00f1ade, cobra a\u00fan \u00abm\u00e1s fuerza y sentido\u00bb al mostrar \u00abqu\u00e9 ocurre en una tierra cuando las llamas devoran miles de hect\u00e1reas. Y tambi\u00e9n pondr\u00e1 de manifiesto que, por un lado, es necesario <strong>reforzar las medidas preventivas<\/strong> para evitar que desastres como el que hemos vivido se vuelvan a repetir y, por otro, que hay que poner sobre la mesa soluciones eficaces para que estos pueblos recuperen la normalidad cuanto antes\u00bb. <\/p>\n<p class=\"v-d-p\" style=\"\">El alcalde de Berrocal, <strong>\u00c1ngel Luis Romero<\/strong>, ha indicado que su municipio esperaba la llegada de la vuelta con much\u00edsima ilusi\u00f3n, \u00abla de mostrar una las cosas m\u00e1s importantes que ten\u00edamos, que era nuestro patrimonio natural, nuestro bosque, nuestro campo. Y desafortunadamente lo hemos perdido todo, as\u00ed que ser\u00e1 <strong>una ventana de una desgracia tan grande<\/strong> como es un incendio forestal\u00bb. Para Romero, ahora es el momento de la resiliencia de un pueblo: \u00abafortunadamente el incendio no se ha llevado la vida de ninguna persona y todos los berrocale\u00f1os estamos todos en nuestras casas, as\u00ed que tenemos que seguir adelante. Y nos echaremos a la calle para ver un espect\u00e1culo \u00fanico como es la Vuelta\u00bb.<\/p>\n<p class=\"v-d-p\" style=\"\">Para la alcaldesa de Cortegana, <strong>Mar\u00eda del Mar Mart\u00edn,<\/strong> ser el punto de partida del pelot\u00f3n internacional supone para el municipio \u00abun orgullo incalculable. Nos sit\u00faa en el mapa mundial y permite que millones de personas en m\u00e1s de 190 pa\u00edses contemplen la grandiosidad de nuestro patrimonio: el esplendor de nuestro Castillo medieval, la tranquilidad vertebradora de nuestras dehesas y parajes naturales, la riqueza de nuestra gastronom\u00eda y, de manera muy especial, la calidez y hospitalidad de nuestra gente\u00bb. Adem\u00e1s, el 8 de septiembre coincide con la celebraci\u00f3n de la patrona de Cortegana, Nuestra Se\u00f1ora de la Piedad: \u00abver a los mejores deportistas del mundo rodar por nuestras calles en <strong>el d\u00eda grande de nuestro pueblo<\/strong> convertir\u00e1 esta fecha en un momento irrepetible, una fiesta del deporte y de la identidad corteganesa que recordaremos durante generaciones\u00bb.<\/p>\n<p>\nLa meta, junto al Parque Celestino Mutis\n<\/p>\n<p class=\"v-d-p\" style=\"\">La meta de la etapa ser\u00e1 Palos de la Frontera, municipio en el que seg\u00fan su alcaldesa, <strong>Milagros Romero<\/strong>, existen una gran afici\u00f3n al ciclismo \u00aby son muchos los aficionados y vecinos que, desde que conocieron la noticia de que en Palos iba a ser el final del recorrido, est\u00e1n <strong>muy contentos y felices,<\/strong> adem\u00e1s de la oportunidad que representa de poder seguir inculc\u00e1ndole a los m\u00e1s peque\u00f1os la importancia del deporte, los valores y la disciplina que desempe\u00f1a cada uno de los deportes\u00bb. El punto de meta estar\u00e1 a la altura del Parque Celestino Mutis, \u00abpor lo que ser\u00e1 tambi\u00e9n muy bonito que la llegada sea en ese entorno, en ese paraje que desprende historia, ilusi\u00f3n, valent\u00eda y que tiene esa esencia colombina que caracteriza a Huelva\u00bb.<\/p>\n<p class=\"v-d-p\" style=\"\">La presentaci\u00f3n de la etapa onubense ha contado con la asistencia de alcaldes, alcaldesas y concejales de Cortegana, Fuenteheridos, Casta\u00f1o del Robledo, Nerva, Berrocal, La Palma del Condado, Villarrasa y Palos de la Frontera.<\/p>\n<p>\nCampa\u00f1a La Huelta\n<\/p>\n<p class=\"v-d-p\" style=\"\">La Diputaci\u00f3n ha puesto en marcha una campa\u00f1a con para acercar este gran acontecimiento a toda la ciudadan\u00eda, convirtiendo la etapa en una invitaci\u00f3n a descubrir la provincia de Huelva, como se muestra en el spot. Adem\u00e1s, la plataforma <a href=\"https:\/\/www.lahuelta.es\" rel=\"nofollow noopener\" target=\"_self\" data-voc-vtm-id=\"in-text-traffic\" data-mrf-link=\"www.lahuelta.es\">www.lahuelta.es<\/a>, con H de Huelva, permite acceder a informaci\u00f3n detallada para seguir el recorrido, elegir los lugares desde los que contemplar la carrera y conocer los municipios que atraviesa esta singular\u00edsima serpiente multicolor. <\/p>\n<p class=\"v-d-p\" style=\"\">La plataforma de La Huelta permite igualmente preparar una jornada pensada para<strong> vivirla en familia, entre aficionados<\/strong> y con quienes se acercan al ciclismo atra\u00eddos por el espect\u00e1culo que acompa\u00f1a a la carrera. La campa\u00f1a tiene su propia prenda, un polo oficial dise\u00f1ado para la ocasi\u00f3n. La Diputaci\u00f3n ha planteado una acci\u00f3n en la que ha participado m\u00e1s de medio millar de personas a trav\u00e9s de la propia web para optar a uno de estos polos, convirtiendo el juego de palabras en bonito recuerdo.<\/p>\n<p class=\"v-d-p\" style=\"\">La llegada de La Vuelta a la provincia es el resultado de un arduo trabajo previo en el que la Diputaci\u00f3n se ha implicado desde el inicio, en la gesti\u00f3n y en el apoyo al dise\u00f1o de la etapa, sumando esfuerzo desde distintas \u00e1reas como Deportes, Turismo, Promoci\u00f3n Provincial y Reto Demogr\u00e1fico junto a ayuntamientos, junto a la organizaci\u00f3n de la Vuelta Ciclista a Espa\u00f1a.<\/p>\n<p class=\"v-d-p\" style=\"\">La presentaci\u00f3n ha concluido con un mensaje com\u00fan: animar a la ciudadan\u00eda y a los pueblos de la provincia a que salgan a las calles y a las carreteras para recibir al pelot\u00f3n y a toda la caravana de La Vuelta.<\/p>\n","protected":false},"excerpt":{"rendered":"Comienza la cuenta atr\u00e1s para que la provincia de Huelva acoja uno de los grandes acontecimientos deportivos de&hellip;\n","protected":false},"author":2,"featured_media":743315,"comment_status":"","ping_status":"","sticky":false,"template":"","format":"standard","meta":{"footnotes":""},"categories":[273],"tags":[313,312,168,87418,13875,25,24,18442,4397,9448,5808,5559,96812,42263,23,167,1934,1357],"class_list":["post-743314","post","type-post","status-publish","format-standard","has-post-thumbnail","category-ciclismo","tag-ciclismo","tag-cycling","tag-deportes","tag-devoran","tag-diversidad","tag-es","tag-espana","tag-hectareas","tag-huelva","tag-llamas","tag-llegada","tag-miles","tag-mostrara","tag-ocurre","tag-spain","tag-sports","tag-tierra","tag-vuelta"],"share_on_mastodon":{"url":"https:\/\/pubeurope.com\/@es\/117199546857985847","error":""},"_links":{"self":[{"href":"https:\/\/www.europesays.com\/es\/wp-json\/wp\/v2\/posts\/743314","targetHints":{"allow":["GET"]}}],"collection":[{"href":"https:\/\/www.europesays.com\/es\/wp-json\/wp\/v2\/posts"}],"about":[{"href":"https:\/\/www.europesays.com\/es\/wp-json\/wp\/v2\/types\/post"}],"author":[{"embeddable":true,"href":"https:\/\/www.europesays.com\/es\/wp-json\/wp\/v2\/users\/2"}],"replies":[{"embeddable":true,"href":"https:\/\/www.europesays.com\/es\/wp-json\/wp\/v2\/comments?post=743314"}],"version-history":[{"count":0,"href":"https:\/\/www.europesays.com\/es\/wp-json\/wp\/v2\/posts\/743314\/revisions"}],"wp:featuredmedia":[{"embeddable":true,"href":"https:\/\/www.europesays.com\/es\/wp-json\/wp\/v2\/media\/743315"}],"wp:attachment":[{"href":"https:\/\/www.europesays.com\/es\/wp-json\/wp\/v2\/media?parent=743314"}],"wp:term":[{"taxonomy":"category","embeddable":true,"href":"https:\/\/www.europesays.com\/es\/wp-json\/wp\/v2\/categories?post=743314"},{"taxonomy":"post_tag","embeddable":true,"href":"https:\/\/www.europesays.com\/es\/wp-json\/wp\/v2\/tags?post=743314"}],"curies":[{"name":"wp","href":"https:\/\/api.w.org\/{rel}","templated":true}]}}