{"id":743318,"date":"2026-09-02T04:27:29","date_gmt":"2026-09-02T04:27:29","guid":{"rendered":"https:\/\/www.europesays.com\/es\/743318\/"},"modified":"2026-09-02T04:27:29","modified_gmt":"2026-09-02T04:27:29","slug":"el-sevilla-fc-cierra-el-fichaje-de-youssouf-fofana","status":"publish","type":"post","link":"https:\/\/www.europesays.com\/es\/743318\/","title":{"rendered":"El Sevilla FC cierra el fichaje de Youssouf Fofana"},"content":{"rendered":"<p style=\"\">El sorpres\u00f3n del mercado del <strong>Sevilla FC <\/strong>viene desde Mil\u00e1n. El <strong>Sevilla FC<\/strong> ha hecho un movimiento inesperado de \u00faltima hora y ha cerrado el fichaje de <strong>Youssouf Fofana<\/strong>. El centrocampista del Milan lo ten\u00eda todo hecho para salir cedido al Lyon, pero  &#8230; el conjunto franc\u00e9s no ha podido inscribirlo despu\u00e9s de haber alcanzado un acuerdo con los italianos este mismo martes. El club franc\u00e9s tiene restricciones complejas y r\u00edgidas de la FIFA y no ha podido hacerle hueco.<\/p>\n<p class=\"v-d-p\" style=\"\">De esta forma, el Sevilla ha visto la oportunidad para reforzarse con un nombre con <strong>cach\u00e9 internacional<\/strong> y no dud\u00f3 en presentar una oferta de \u00faltima hora aprovechando la coyuntura. El acuerdo que se hab\u00eda alcanzado entre el Milan y el Lyon era el pago de 2 millones de euros por la cesi\u00f3n y una opci\u00f3n de compra por <strong>12 millones de euros<\/strong>, con el AC Milan contribuyendo con una peque\u00f1a parte al salario del centrocampista franc\u00e9s, que es bastante alto. <\/p>\n<p class=\"v-d-p\" style=\"\">Seg\u00fan ha podido conocer este medio, la direcci\u00f3n deportiva sevillista ha ofertado el remanente que le quedaba de este mercado, algo m\u00e1s de un mill\u00f3n y medio de euros, para hacerse con el pr\u00e9stamo del centrocampista. El Sevilla FC ha hecho oficial la llegada del jugador pasadas las 00.00 horas y, con este \u00faltimo fichaje, dar\u00eda por finalizado el mercado. <\/p>\n","protected":false},"excerpt":{"rendered":"El sorpres\u00f3n del mercado del Sevilla FC viene desde Mil\u00e1n. El Sevilla FC ha hecho un movimiento inesperado&hellip;\n","protected":false},"author":2,"featured_media":743319,"comment_status":"","ping_status":"","sticky":false,"template":"","format":"standard","meta":{"footnotes":""},"categories":[268],"tags":[500,168,25,24,557,124103,280,282,1171,281,23,167,61235],"class_list":["post-743318","post","type-post","status-publish","format-standard","has-post-thumbnail","category-futbol","tag-cierra","tag-deportes","tag-es","tag-espana","tag-fichaje","tag-fofana","tag-football","tag-futbol","tag-sevilla","tag-soccer","tag-spain","tag-sports","tag-youssouf"],"share_on_mastodon":{"url":"https:\/\/pubeurope.com\/@es\/117199559529703800","error":""},"_links":{"self":[{"href":"https:\/\/www.europesays.com\/es\/wp-json\/wp\/v2\/posts\/743318","targetHints":{"allow":["GET"]}}],"collection":[{"href":"https:\/\/www.europesays.com\/es\/wp-json\/wp\/v2\/posts"}],"about":[{"href":"https:\/\/www.europesays.com\/es\/wp-json\/wp\/v2\/types\/post"}],"author":[{"embeddable":true,"href":"https:\/\/www.europesays.com\/es\/wp-json\/wp\/v2\/users\/2"}],"replies":[{"embeddable":true,"href":"https:\/\/www.europesays.com\/es\/wp-json\/wp\/v2\/comments?post=743318"}],"version-history":[{"count":0,"href":"https:\/\/www.europesays.com\/es\/wp-json\/wp\/v2\/posts\/743318\/revisions"}],"wp:featuredmedia":[{"embeddable":true,"href":"https:\/\/www.europesays.com\/es\/wp-json\/wp\/v2\/media\/743319"}],"wp:attachment":[{"href":"https:\/\/www.europesays.com\/es\/wp-json\/wp\/v2\/media?parent=743318"}],"wp:term":[{"taxonomy":"category","embeddable":true,"href":"https:\/\/www.europesays.com\/es\/wp-json\/wp\/v2\/categories?post=743318"},{"taxonomy":"post_tag","embeddable":true,"href":"https:\/\/www.europesays.com\/es\/wp-json\/wp\/v2\/tags?post=743318"}],"curies":[{"name":"wp","href":"https:\/\/api.w.org\/{rel}","templated":true}]}}