{"id":743326,"date":"2026-09-02T04:32:23","date_gmt":"2026-09-02T04:32:23","guid":{"rendered":"https:\/\/www.europesays.com\/es\/743326\/"},"modified":"2026-09-02T04:32:23","modified_gmt":"2026-09-02T04:32:23","slug":"jonathan-bailey-se-suma-a-ariana-grande-y-abandona-sunday-in-the-park-with-george-tras-la-salida-la-cantante-musica","status":"publish","type":"post","link":"https:\/\/www.europesays.com\/es\/743326\/","title":{"rendered":"Jonathan Bailey se suma a Ariana Grande y abandona &#8216;Sunday in the Park with George&#8217; tras la salida la cantante | M\u00fasica"},"content":{"rendered":"<p>La reuni\u00f3n sobre un escenario londinense de <b>Jonathan Bailey y Ariana Grande<\/b> tendr\u00e1 que esperar. El actor ha comunicado que <b>abandona <\/b><b>Sunday in the Park with George<\/b>, la producci\u00f3n que ten\u00eda previsto reunirles en el Barbican de Londres durante el verano de 2027. Su decisi\u00f3n llega despu\u00e9s de que <a href=\"https:\/\/los40.com\/2026\/08\/04\/ariana-grande-rompe-su-silencio-y-explica-por-que-se-apartara-de-la-vida-publica-al-terminar-su-gira-mundial\/\" target=\"_blank\" rel=\"nofollow noopener\" title=\"https:\/\/los40.com\/2026\/08\/04\/ariana-grande-rompe-su-silencio-y-explica-por-que-se-apartara-de-la-vida-publica-al-terminar-su-gira-mundial\/\"><b>Grande se retirara del proyecto a comienzos de agosto<\/b><\/a>, en el marco de la pausa que ha decidido hacer en sus apariciones p\u00fablicas.<\/p>\n<p>Bailey ha confirmado su salida este martes 1 de septiembre mediante un mensaje publicado en sus historias de Instagram. El int\u00e9rprete ha querido dedicar buena parte de sus palabras a Grande, con quien mantiene una estrecha amistad despu\u00e9s de haber trabajado juntos en las pel\u00edculas de Wicked. Su mensaje deja claro que <b>la relaci\u00f3n entre ambos permanece intacta<\/b>:<b> \u00abAri es una de mis amigas m\u00e1s queridas y mi apoyo hacia ella es incondicional\u00bb<\/b>.<\/p>\n<p>El actor ha explicado que ha dedicado tiempo a valorar su continuidad en la obra antes de comunicar a los productores que tampoco seguir\u00eda adelante:<b> \u00abTras mucha reflexi\u00f3n, he decidido retirarme de <\/b><b>Sunday in the Park with George<\/b><b>\u00ab<\/b>.<\/p>\n<p><img decoding=\"async\" src=\"https:\/\/los40.com\/pf\/resources\/img\/logo-40-v-c.svg?d=1013\" alt=\"LOS40\" class=\"i-pro\" width=\"68\" height=\"68\" loading=\"lazy\"\/>Un proyecto que cambia de protagonistas<\/p>\n<p>La salida de Bailey modifica por completo la configuraci\u00f3n de una producci\u00f3n que hab\u00eda despertado especial inter\u00e9s precisamente por sus dos protagonistas. Grande iba a interpretar a <b>Dot y Bailey a George<\/b>, los personajes centrales del musical escrito por Stephen Sondheim y James Lapine.<\/p>\n<p>El proyecto se present\u00f3 en enero como una nueva colaboraci\u00f3n entre los dos int\u00e9rpretes despu\u00e9s de su trabajo en Wicked. La propuesta ten\u00eda adem\u00e1s otro nombre importante detr\u00e1s: <b>Marianne Elliott<\/b>, directora con la que Bailey ya hab\u00eda trabajado anteriormente y a la que el actor dedic\u00f3 un reconocimiento especial en su comunicado:<b> \u00abEste brillante e introspectivo musical ha sido un proyecto que me apasiona, y me siento incre\u00edblemente afortunado de haber compartido este camino con este equipo. Entre otras cosas, la historia explora la profunda conexi\u00f3n entre George y Dot, una hermosa y unida pareja, y tengo muchas ganas de ver lo que los dos actores que ahora interpretar\u00e1n estos papeles crear\u00e1n con ella\u00bb<\/b>.<\/p>\n<p>Bailey tambi\u00e9n quiso destacar el trabajo de Elliott, a la que considera <b>una de sus colaboradoras m\u00e1s importantes<\/b>.<\/p>\n<p>El equipo ya busca un nuevo reparto<\/p>\n<p>Los productores tendr\u00e1n ahora que <b>reconstruir el reparto principal de <\/b><b>Sunday in the Park with George<\/b>. El comunicado publicado por la producci\u00f3n confirma que las conversaciones para encontrar a los nuevos int\u00e9rpretes ya est\u00e1n en marcha:<b> \u00abTras la retirada de Ariana Grande, Jonathan Bailey ha informado a los productores de que tambi\u00e9n ha decidido retirarse de <\/b><b>Sunday in the Park With George<\/b><b>\u00ab.<\/b><\/p>\n<p>La intenci\u00f3n es mantener el proyecto en marcha y conservar la propuesta art\u00edstica planteada para la nueva versi\u00f3n del musical. <b>La producci\u00f3n seguir\u00e1 adelante en Londres<\/b> y los responsables anunciar\u00e1n pr\u00f3ximamente qui\u00e9nes ocupar\u00e1n los papeles que hab\u00edan sido asignados a Grande y Bailey.<\/p>\n<p><b>\u00abLas conversaciones sobre el reparto est\u00e1n en marcha, y el equipo creativo est\u00e1 reestructurando la producci\u00f3n en torno a un nuevo elenco, conservando al mismo tiempo la ambici\u00f3n y la integridad art\u00edstica del musical de Stephen Sondheim y James Lapine\u00bb.<\/b><\/p>\n<p>La obra est\u00e1 inspirada en Una tarde de domingo en la isla de La Grande Jatte, el conocido cuadro puntillista de Georges Seurat que forma parte de la colecci\u00f3n del Instituto de Arte de Chicago. La historia de Sondheim y Lapine gira alrededor del artista Georges Seurat y de los personajes vinculados a \u00e9l.<\/p>\n<p>Ariana Grande termina su gira antes de alejarse del foco<\/p>\n<p>La decisi\u00f3n de Bailey coincide con el final de una etapa especialmente intensa para Grande. La cantante termina este martes su <b>Eternal Sunshine Tour<\/b><b> despu\u00e9s de diez conciertos en el O2 Arena de Londres<\/b>. Una vez concluida la gira, tiene previsto reducir temporalmente su presencia p\u00fablica.<\/p>\n<p>El representante de Grande explic\u00f3 en agosto que la artista quer\u00eda <b>tomarse un descanso despu\u00e9s de finalizar sus compromisos sobre los escenarios<\/b>. La decisi\u00f3n tambi\u00e9n supuso su salida de Sunday in the Park with George, donde iba a realizar su debut teatral en Londres:<b> \u00abAriana se alejar\u00e1 temporalmente de la atenci\u00f3n p\u00fablica\u2026 espera terminar la gira por todo lo alto, con buena salud y feliz, y luego tomarse un merecido descanso\u00bb<\/b>.<\/p>\n<p>La cantante abord\u00f3 posteriormente la cuesti\u00f3n durante un concierto en Chicago, donde quiso explicar que <b>su decisi\u00f3n llevaba tiempo meditada<\/b>:<b> \u00abEl anuncio que se hizo ayer no fue algo reactivo ni impulsivo\u00bb<\/b>.<\/p>\n<p>Grande a\u00f1adi\u00f3:<b> \u00abEs un plan que hab\u00eda elaborado en silencio hace mucho tiempo, y es una decisi\u00f3n que se tom\u00f3 desde una posici\u00f3n de reflexi\u00f3n y con plena convicci\u00f3n\u00bb.<\/b><\/p>\n<p>Con Grande y Bailey fuera del reparto, <b>el musical tendr\u00e1 que encontrar ahora a sus dos nuevos protagonistas<\/b>. La producci\u00f3n mantiene su intenci\u00f3n de llegar a Londres en 2027 mientras los responsables trabajan en la reorganizaci\u00f3n del espect\u00e1culo.<\/p>\n","protected":false},"excerpt":{"rendered":"La reuni\u00f3n sobre un escenario londinense de Jonathan Bailey y Ariana Grande tendr\u00e1 que esperar. El actor ha&hellip;\n","protected":false},"author":2,"featured_media":743327,"comment_status":"","ping_status":"","sticky":false,"template":"","format":"standard","meta":{"footnotes":""},"categories":[170],"tags":[11420,131886,131887,146,147,28733,25,24,34593,27211,8552,184,185,131888,111787,28740,23],"class_list":["post-743326","post","type-post","status-publish","format-standard","has-post-thumbnail","category-musica","tag-2020s","tag-air-date-11192024","tag-approved","tag-entertainment","tag-entretenimiento","tag-episodic","tag-es","tag-espana","tag-group","tag-half-length","tag-indoor","tag-music","tag-musica","tag-nup_205161","tag-retouched","tag-select","tag-spain"],"share_on_mastodon":{"url":"https:\/\/pubeurope.com\/@es\/117199578834723329","error":""},"_links":{"self":[{"href":"https:\/\/www.europesays.com\/es\/wp-json\/wp\/v2\/posts\/743326","targetHints":{"allow":["GET"]}}],"collection":[{"href":"https:\/\/www.europesays.com\/es\/wp-json\/wp\/v2\/posts"}],"about":[{"href":"https:\/\/www.europesays.com\/es\/wp-json\/wp\/v2\/types\/post"}],"author":[{"embeddable":true,"href":"https:\/\/www.europesays.com\/es\/wp-json\/wp\/v2\/users\/2"}],"replies":[{"embeddable":true,"href":"https:\/\/www.europesays.com\/es\/wp-json\/wp\/v2\/comments?post=743326"}],"version-history":[{"count":0,"href":"https:\/\/www.europesays.com\/es\/wp-json\/wp\/v2\/posts\/743326\/revisions"}],"wp:featuredmedia":[{"embeddable":true,"href":"https:\/\/www.europesays.com\/es\/wp-json\/wp\/v2\/media\/743327"}],"wp:attachment":[{"href":"https:\/\/www.europesays.com\/es\/wp-json\/wp\/v2\/media?parent=743326"}],"wp:term":[{"taxonomy":"category","embeddable":true,"href":"https:\/\/www.europesays.com\/es\/wp-json\/wp\/v2\/categories?post=743326"},{"taxonomy":"post_tag","embeddable":true,"href":"https:\/\/www.europesays.com\/es\/wp-json\/wp\/v2\/tags?post=743326"}],"curies":[{"name":"wp","href":"https:\/\/api.w.org\/{rel}","templated":true}]}}