{"id":743330,"date":"2026-09-02T04:34:17","date_gmt":"2026-09-02T04:34:17","guid":{"rendered":"https:\/\/www.europesays.com\/es\/743330\/"},"modified":"2026-09-02T04:34:17","modified_gmt":"2026-09-02T04:34:17","slug":"asi-hemos-contado-el-cierre-del-mercado-de-fichajes-del-betis-en-directo","status":"publish","type":"post","link":"https:\/\/www.europesays.com\/es\/743330\/","title":{"rendered":"As\u00ed hemos contado el cierre del mercado de fichajes del Betis en directo"},"content":{"rendered":"<p class=\"v-d-p\"><a href=\"https:\/\/www.abc.es\/deportes\/alfinaldelapalmera\/fichajes-betis\/betis-dialoga-ceballos-acelera-salidas-pablo-garcia-20260831221519-nts.html\" data-voc-vtm-id=\"in-text-traffic\" target=\"_blank\" rel=\"nofollow noopener\"><br \/>\nEl Betis dialoga con Ceballos y acelera las salidas de Pablo Garc\u00eda, Petit y Losada<\/a><\/p>\n<p class=\"v-d-p\">Las \u00faltimas horas del mercado estival de fichajes para el inicio de la temporada 2026-27 se dibujan fren\u00e9ticas en el Real Betis. Llega la direcci\u00f3n deportiva comandada por Manu Fajardo y \u00c1lvaro Ladr\u00f3n de Guevara con muchos frentes abiertos, m\u00e1s que en las \u00faltimas campa\u00f1as cuando se hicieron operaciones al filo del tiempo l\u00edmite siempre con \u00e9xito en las entradas y las salidas. Ahora se espera lo mismo bas\u00e1ndose en aquellas experiencias que hicieron llegar a Heli\u00f3polis a jugadores como Miranda, Beller\u00edn, Abde, Lo Celso, Antony o Amrabat (y en enero a Ayoze, Fornals, Chimy, Bakambu, Cucho o Fidalgo) justo antes de que en LaLiga echaran el tel\u00f3n a las incorporaciones. <\/p>\n","protected":false},"excerpt":{"rendered":"El Betis dialoga con Ceballos y acelera las salidas de Pablo Garc\u00eda, Petit y Losada Las \u00faltimas horas&hellip;\n","protected":false},"author":2,"featured_media":743331,"comment_status":"","ping_status":"","sticky":false,"template":"","format":"standard","meta":{"footnotes":""},"categories":[93],"tags":[11281,8917,291,1565,168,2125,25,24,285,1458,315,1239,20359,23,167,1885],"class_list":["post-743330","post","type-post","status-publish","format-standard","has-post-thumbnail","category-deportes","tag-altas","tag-bajas","tag-betis","tag-cierre","tag-deportes","tag-directo","tag-es","tag-espana","tag-fichajes","tag-hora","tag-hoy","tag-mercado","tag-movimientos","tag-spain","tag-sports","tag-ultima"],"share_on_mastodon":{"url":"https:\/\/pubeurope.com\/@es\/117199586404680078","error":""},"_links":{"self":[{"href":"https:\/\/www.europesays.com\/es\/wp-json\/wp\/v2\/posts\/743330","targetHints":{"allow":["GET"]}}],"collection":[{"href":"https:\/\/www.europesays.com\/es\/wp-json\/wp\/v2\/posts"}],"about":[{"href":"https:\/\/www.europesays.com\/es\/wp-json\/wp\/v2\/types\/post"}],"author":[{"embeddable":true,"href":"https:\/\/www.europesays.com\/es\/wp-json\/wp\/v2\/users\/2"}],"replies":[{"embeddable":true,"href":"https:\/\/www.europesays.com\/es\/wp-json\/wp\/v2\/comments?post=743330"}],"version-history":[{"count":0,"href":"https:\/\/www.europesays.com\/es\/wp-json\/wp\/v2\/posts\/743330\/revisions"}],"wp:featuredmedia":[{"embeddable":true,"href":"https:\/\/www.europesays.com\/es\/wp-json\/wp\/v2\/media\/743331"}],"wp:attachment":[{"href":"https:\/\/www.europesays.com\/es\/wp-json\/wp\/v2\/media?parent=743330"}],"wp:term":[{"taxonomy":"category","embeddable":true,"href":"https:\/\/www.europesays.com\/es\/wp-json\/wp\/v2\/categories?post=743330"},{"taxonomy":"post_tag","embeddable":true,"href":"https:\/\/www.europesays.com\/es\/wp-json\/wp\/v2\/tags?post=743330"}],"curies":[{"name":"wp","href":"https:\/\/api.w.org\/{rel}","templated":true}]}}