{"id":743338,"date":"2026-09-02T04:39:10","date_gmt":"2026-09-02T04:39:10","guid":{"rendered":"https:\/\/www.europesays.com\/es\/743338\/"},"modified":"2026-09-02T04:39:10","modified_gmt":"2026-09-02T04:39:10","slug":"estos-seran-los-sueldos-de-john-ternus-y-tim-cook-en-sus-nuevos-cargos-en-apple","status":"publish","type":"post","link":"https:\/\/www.europesays.com\/es\/743338\/","title":{"rendered":"Estos ser\u00e1n los sueldos de John Ternus y Tim Cook en sus nuevos cargos en Apple"},"content":{"rendered":"<p class=\"body-paragraph\">Bloomberg \u2014 Apple Inc. (<a href=\"https:\/\/www.bloomberglinea.com\/quote\/AAPL:UN\/\" target=\"_self\" title=\"https:\/\/www.bloomberglinea.com\/quote\/AAPL:UN\/\" rel=\"nofollow noopener\">AAPL<\/a>) anunci\u00f3 que su nuevo CEO, John Ternus, recibir\u00e1 un paquete de compensaci\u00f3n valorado en unos US$58 millones para el ejercicio fiscal 2027, mientras que Tim Cook percibir\u00e1 alrededor de US$47 millones en su nuevo rol de presidente ejecutivo.<\/p>\n<p class=\"body-paragraph\">La compa\u00f1\u00eda hizo p\u00fablica esta informaci\u00f3n en un documento presentado ante la Comisi\u00f3n de Bolsa y Valores el martes, primer d\u00eda de la gesti\u00f3n de Ternus. El nuevo CEO recibir\u00e1 un salario base anual de US$3 millones y una asignaci\u00f3n de acciones con un valor objetivo de US$55 millones el pr\u00f3ximo a\u00f1o.<\/p>\n<p class=\"default__StyledVerMasText-sc-108h6at-0 cPZEdR body-paragraph view-more-paragraph\"><b>Ver m\u00e1s: <\/b><a href=\"https:\/\/www.bloomberglinea.com\/actualidad\/que-hara-ahora-tim-cook-tras-dejar-el-cargo-de-ceo-de-apple\/\" target=\"_self\" title=\"https:\/\/www.bloomberglinea.com\/actualidad\/que-hara-ahora-tim-cook-tras-dejar-el-cargo-de-ceo-de-apple\/\" rel=\"nofollow noopener\">Qu\u00e9 har\u00e1 ahora Tim Cook tras dejar el cargo de CEO de Apple<\/a><\/p>\n<p class=\"body-paragraph\">Cook, de 65 a\u00f1os, cede el mando a Ternus tras un mandato de 15 a\u00f1os en el que la empresa se ha expandido hacia nuevos productos y ha incrementado sus ingresos anuales hasta alcanzar casi medio bill\u00f3n de d\u00f3lares. Las acciones subieron m\u00e1s del 2.200% bajo la direcci\u00f3n de Cook, superando con creces al mercado en general.<\/p>\n<p class=\"body-paragraph\">Ternus, de 51 a\u00f1os, recibir\u00e1 un monto prorrateado de unidades de acciones restringidas valorado en unos US$2,5 millones en el ejercicio fiscal 2026, que concluye en septiembre. Tres cuartas partes del incentivo en acciones de Ternus depender\u00e1n del rendimiento burs\u00e1til de Apple en comparaci\u00f3n con el resto del \u00edndice S&amp;P 500. El 25% restante estar\u00e1 consolidado en unidades accionarias vinculadas a permanencia, las cuales se consolidar\u00e1n semestralmente.<\/p>\n<p class=\"body-paragraph\">El salario anual de Cook se reducir\u00e1 de US$3 millones a US$2 millones como parte de su nuevo cargo, mientras que el valor objetivo de su paquete de acciones para 2027 es de US$45 millones. Su remuneraci\u00f3n estar\u00e1 menos vinculada al rendimiento de Apple, ya que solo la mitad estar\u00e1 ligada al S&amp;P 500. <\/p>\n<p class=\"body-paragraph\">El paquete retributivo total de Cook en 2025 como CEO ascendi\u00f3 a US$74,3 millones. El valor de las nuevas concesiones a Ternus y a Cook fluctuar\u00e1 en funci\u00f3n del precio de las acciones de Apple. Cook ha declarado que tiene previsto permanecer en su nuevo cargo como presidente ejecutivo durante mucho tiempo.<\/p>\n<p class=\"default__StyledVerMasText-sc-108h6at-0 cPZEdR body-paragraph view-more-paragraph\"><b>Ver m\u00e1s: <\/b><a href=\"https:\/\/www.bloomberglinea.com\/mercados\/momento-de-invertir-en-apple-asi-reaccionan-las-acciones-al-nuevo-ceo-john-ternus\/\" target=\"_self\" title=\"https:\/\/www.bloomberglinea.com\/mercados\/momento-de-invertir-en-apple-asi-reaccionan-las-acciones-al-nuevo-ceo-john-ternus\/\" rel=\"nofollow noopener\">\u00bfMomento de invertir en Apple? As\u00ed reaccionan las acciones al nuevo CEO, John Ternus<\/a><\/p>\n<p class=\"body-paragraph\">Apple nunca ha revelado la remuneraci\u00f3n de Ternus por su anterior cargo como vicepresidente s\u00e9nior de ingenier\u00eda de hardware, pero ese nivel directivo suele percibir unos US$25 millones anuales, incluyendo acciones, salario y bonificaciones. <\/p>\n<p class=\"body-paragraph\">En la documentaci\u00f3n presentada el martes, Apple no especific\u00f3 cu\u00e1nto podr\u00edan recibir los ejecutivos en concepto de bonificaciones en efectivo, aunque estas suelen equivaler aproximadamente al doble del salario base. La compa\u00f1\u00eda, con sede en Cupertino, California, suele ofrecer m\u00e1s detalles antes de sus juntas de accionistas a principios de a\u00f1o.<\/p>\n<p class=\"body-paragraph\">Lea m\u00e1s en Bloomberg.com<\/p>\n","protected":false},"excerpt":{"rendered":"Bloomberg \u2014 Apple Inc. (AAPL) anunci\u00f3 que su nuevo CEO, John Ternus, recibir\u00e1 un paquete de compensaci\u00f3n valorado&hellip;\n","protected":false},"author":2,"featured_media":743339,"comment_status":"","ping_status":"","sticky":false,"template":"","format":"standard","meta":{"footnotes":""},"categories":[80],"tags":[4425,4426,82,5908,95,94,25,24,5913,2750,4441,23,5915,118,14542,4448,4449,1559,4450],"class_list":["post-743338","post","type-post","status-publish","format-standard","has-post-thumbnail","category-economia","tag-american","tag-americas","tag-business","tag-conference","tag-economia","tag-economy","tag-es","tag-espana","tag-forum","tag-media","tag-north-american","tag-spain","tag-summit","tag-technology","tag-u-s","tag-u-s-a","tag-united-states-of-america","tag-us","tag-usa"],"share_on_mastodon":{"url":"https:\/\/pubeurope.com\/@es\/117199606191688915","error":""},"_links":{"self":[{"href":"https:\/\/www.europesays.com\/es\/wp-json\/wp\/v2\/posts\/743338","targetHints":{"allow":["GET"]}}],"collection":[{"href":"https:\/\/www.europesays.com\/es\/wp-json\/wp\/v2\/posts"}],"about":[{"href":"https:\/\/www.europesays.com\/es\/wp-json\/wp\/v2\/types\/post"}],"author":[{"embeddable":true,"href":"https:\/\/www.europesays.com\/es\/wp-json\/wp\/v2\/users\/2"}],"replies":[{"embeddable":true,"href":"https:\/\/www.europesays.com\/es\/wp-json\/wp\/v2\/comments?post=743338"}],"version-history":[{"count":0,"href":"https:\/\/www.europesays.com\/es\/wp-json\/wp\/v2\/posts\/743338\/revisions"}],"wp:featuredmedia":[{"embeddable":true,"href":"https:\/\/www.europesays.com\/es\/wp-json\/wp\/v2\/media\/743339"}],"wp:attachment":[{"href":"https:\/\/www.europesays.com\/es\/wp-json\/wp\/v2\/media?parent=743338"}],"wp:term":[{"taxonomy":"category","embeddable":true,"href":"https:\/\/www.europesays.com\/es\/wp-json\/wp\/v2\/categories?post=743338"},{"taxonomy":"post_tag","embeddable":true,"href":"https:\/\/www.europesays.com\/es\/wp-json\/wp\/v2\/tags?post=743338"}],"curies":[{"name":"wp","href":"https:\/\/api.w.org\/{rel}","templated":true}]}}