{"id":743346,"date":"2026-09-02T04:47:17","date_gmt":"2026-09-02T04:47:17","guid":{"rendered":"https:\/\/www.europesays.com\/es\/743346\/"},"modified":"2026-09-02T04:47:17","modified_gmt":"2026-09-02T04:47:17","slug":"se-retirara-novak-djokovic-las-lagrimas-en-el-us-open-podrian-hacerlo-reconsiderar-su-futuro-en-el-tenis","status":"publish","type":"post","link":"https:\/\/www.europesays.com\/es\/743346\/","title":{"rendered":"\u00bfSe retirar\u00e1 Novak Djokovic? Las l\u00e1grimas en el US Open podr\u00edan hacerlo reconsiderar su futuro en el tenis"},"content":{"rendered":"<p>      CNN\u00a0\u2014\u00a0\n    <\/p>\n<p class=\"paragraph inline-placeholder vossi-paragraph\" data-uri=\"es.cms.cnn.com\/_components\/paragraph\/instances\/cmtiys8f4002p2dnt8dqb0mvg@published\" data-editable=\"text\" data-component-name=\"paragraph\" data-article-gutter=\"true\">\n            Con l\u00e1grimas en los ojos y el cuerpo desfalleciendo, era inevitable sentir que la derrota del domingo en el US Open marcaba un punto de inflexi\u00f3n en la carrera de Novak Djokovic.\n    <\/p>\n<p class=\"paragraph inline-placeholder vossi-paragraph\" data-uri=\"es.cms.cnn.com\/_components\/paragraph\/instances\/cmtj42keq00083j6soziokq5b@published\" data-editable=\"text\" data-component-name=\"paragraph\" data-article-gutter=\"true\">\n            La derrota en primera ronda ante Mariano Navone no solo fue el peor resultado de Djokovic en un Grand Slam en 20 a\u00f1os, sino tambi\u00e9n una de las pocas veces que el serbio se mostr\u00f3 vulnerable en la cancha. Su paso ya no parec\u00eda seguro, su cuerpo se ve\u00eda r\u00edgido y su mentalidad de guerrero finalmente se quebr\u00f3.\n    <\/p>\n<p class=\"paragraph inline-placeholder vossi-paragraph\" data-uri=\"es.cms.cnn.com\/_components\/paragraph\/instances\/cmtj42keq00093j6smtjfewzq@published\" data-editable=\"text\" data-component-name=\"paragraph\" data-article-gutter=\"true\">\n            Esta derrota se sinti\u00f3 diferente; se sinti\u00f3 m\u00e1s definitiva.\n    <\/p>\n<p class=\"paragraph inline-placeholder vossi-paragraph\" data-uri=\"es.cms.cnn.com\/_components\/paragraph\/instances\/cmtj42keq000a3j6sh727vwaz@published\" data-editable=\"text\" data-component-name=\"paragraph\" data-article-gutter=\"true\">\n            Es importante recordar que hace tan solo siete meses, el 24 veces campe\u00f3n de Grand Slam estaba jugando la final del Abierto de Australia. El jugador de 39 a\u00f1os estaba desafiando todos los pron\u00f3sticos y parec\u00eda el \u00fanico capaz de plantar cara a la nueva generaci\u00f3n de Carlos Alcaraz y Jannik Sinner. Llegar a las semifinales de Wimbledon en julio tambi\u00e9n le dio a Djokovic la esperanza de ganar alg\u00fan d\u00eda su 25\u00ba t\u00edtulo individual de Grand Slam, un r\u00e9cord hist\u00f3rico.\n    <\/p>\n<p class=\"paragraph inline-placeholder vossi-paragraph\" data-uri=\"es.cms.cnn.com\/_components\/paragraph\/instances\/cmtj42keq000b3j6sme40eben@published\" data-editable=\"text\" data-component-name=\"paragraph\" data-article-gutter=\"true\">\n            Ahora, sin embargo, lograr ese objetivo parece m\u00e1s improbable que nunca.\n    <\/p>\n<p>       <img decoding=\"async\" src=\"https:\/\/www.europesays.com\/es\/wp-content\/uploads\/2026\/09\/djokovic-us-open-2026-navone.jpg\" alt=\"El futuro de Novak Djokovic est\u00e1 en el aire tras su inesperada derrota en el Abierto de Estados Unidos.\" class=\"image__dam-img image__dam-img--loading\" onload=\"this.classList.remove('image__dam-img--loading')\" onerror=\"imageLoadError(this)\" height=\"633\" width=\"860\" loading=\"lazy\"\/><\/p>\n<p class=\"paragraph inline-placeholder vossi-paragraph\" data-uri=\"es.cms.cnn.com\/_components\/paragraph\/instances\/cmtj4che1000g3j6s2d3tk2pj@published\" data-editable=\"text\" data-component-name=\"paragraph\" data-article-gutter=\"true\">\n            En realidad, Djokovic ya no es un jugador profesional a tiempo completo. Se reserva para los torneos de Grand Slam, utilizando ocasionalmente otras competiciones como preparaci\u00f3n. Este enfoque personalizado le ha permitido cuidar su cuerpo a medida que envejece, pero ni siquiera \u00e9l parece capaz de superar su \u00faltimo desaf\u00edo.\n    <\/p>\n<p class=\"paragraph inline-placeholder vossi-paragraph\" data-uri=\"es.cms.cnn.com\/_components\/paragraph\/instances\/cmtj4civ1000i3j6sq42jx2aj@published\" data-editable=\"text\" data-component-name=\"paragraph\" data-article-gutter=\"true\">\n            A principios de este mes, el serbio declar\u00f3 que llevaba tiempo lidiando con un problema de salud subyacente, agravado por jugar en condiciones de calor y humedad. Este problema resurgi\u00f3 en su \u00faltima derrota: se vio a Djokovic vomitando entre puntos y apenas pudiendo moverse al final del partido.\n    <\/p>\n<p class=\"paragraph inline-placeholder vossi-paragraph\" data-uri=\"es.cms.cnn.com\/_components\/paragraph\/instances\/cmtj4civ1000j3j6sks8q0b2p@published\" data-editable=\"text\" data-component-name=\"paragraph\" data-article-gutter=\"true\">\n            Las l\u00e1grimas en el \u00faltimo set fueron sin duda una se\u00f1al de que Djokovic sent\u00eda que el paso del tiempo finalmente le estaba pasando factura, que su cuerpo ya no pod\u00eda seguir rindiendo.\n    <\/p>\n<p class=\"paragraph inline-placeholder vossi-paragraph\" data-uri=\"es.cms.cnn.com\/_components\/paragraph\/instances\/cmtj4civ1000k3j6sq4nt9tak@published\" data-editable=\"text\" data-component-name=\"paragraph\" data-article-gutter=\"true\">\n            \u201cNo disfrut\u00e9\u201d, dijo Djokovic despu\u00e9s. \u201cCreo que era obvio que me sent\u00eda fatal en la pista\u201d.\n    <\/p>\n<p class=\"paragraph inline-placeholder vossi-paragraph\" data-uri=\"es.cms.cnn.com\/_components\/paragraph\/instances\/cmtj4civ1000l3j6st4uii4p8@published\" data-editable=\"text\" data-component-name=\"paragraph\" data-article-gutter=\"true\">\n            \u201cEs algo que, lamentablemente, he arrastrado pr\u00e1cticamente en todos los partidos de este a\u00f1o: v\u00f3mitos, un problema serio\u201d.\n    <\/p>\n<p class=\"paragraph inline-placeholder vossi-paragraph\" data-uri=\"es.cms.cnn.com\/_components\/paragraph\/instances\/cmtj4civ1000m3j6skup6bwzj@published\" data-editable=\"text\" data-component-name=\"paragraph\" data-article-gutter=\"true\">\n            \u201cLuego todo mi cuerpo empieza a fallar, b\u00e1sicamente con calambres y dolor. S\u00ed, al final la espalda y el hombro me fallaron\u201d.\n    <\/p>\n<p class=\"paragraph inline-placeholder vossi-paragraph\" data-uri=\"es.cms.cnn.com\/_components\/paragraph\/instances\/cmtj4civ1000n3j6s1begduvo@published\" data-editable=\"text\" data-component-name=\"paragraph\" data-article-gutter=\"true\">\n            Djokovic abandon\u00f3 el US Open diciendo que necesitaba tiempo para reflexionar sobre su futuro en el deporte, sobre si podr\u00eda seguir sometiendo su cuerpo a tanto dolor. Tras lo ocurrido el domingo, \u00bfc\u00f3mo no iba a estar pensando en retirarse?\n    <\/p>\n<p class=\"paragraph inline-placeholder vossi-paragraph\" data-uri=\"es.cms.cnn.com\/_components\/paragraph\/instances\/cmtj4civ1000o3j6sv5wruyu3@published\" data-editable=\"text\" data-component-name=\"paragraph\" data-article-gutter=\"true\">\n            Pero Djokovic ya hab\u00eda declarado que quer\u00eda seguir jugando hasta los Juegos Ol\u00edmpicos de Los \u00c1ngeles 2028, colgando la raqueta tras representar a su pa\u00eds una vez m\u00e1s. Ese sue\u00f1o puede parecer descabellado para muchos de los que lo vieron este fin de semana, pero hay que tener cuidado al dudar de Djokovic.\n    <\/p>\n<p>       <img decoding=\"async\" src=\"https:\/\/www.europesays.com\/es\/wp-content\/uploads\/2026\/09\/djokovic-llora.jpg\" alt=\"Novak Djokovic rompe a llorar mientras lucha por terminar su partido del US Open.\" class=\"image__dam-img image__dam-img--loading\" onload=\"this.classList.remove('image__dam-img--loading')\" onerror=\"imageLoadError(this)\" height=\"1575\" width=\"2800\" loading=\"lazy\"\/><\/p>\n<p class=\"paragraph inline-placeholder vossi-paragraph\" data-uri=\"es.cms.cnn.com\/_components\/paragraph\/instances\/cmtj4civ1000p3j6sifoa12v7@published\" data-editable=\"text\" data-component-name=\"paragraph\" data-article-gutter=\"true\">\n            Una y otra vez, el veterano ha demostrado que se equivocaban. En 2017, sufri\u00f3 una lesi\u00f3n en el codo y algunos se preguntaron si volver\u00eda a su mejor nivel. En 2018, gan\u00f3 dos de los cuatro Grand Slams.\n    <\/p>\n<p class=\"paragraph inline-placeholder vossi-paragraph\" data-uri=\"es.cms.cnn.com\/_components\/paragraph\/instances\/cmtj4civ1000q3j6s5xuou3u4@published\" data-editable=\"text\" data-component-name=\"paragraph\" data-article-gutter=\"true\">\n            En las \u00faltimas temporadas, la idea de su retirada lo ha perseguido como una mala racha. Se supone que cada inicio de a\u00f1o marca el principio del fin de su carrera, y cada derrota se ve como la \u00faltima oportunidad para conquistar otro t\u00edtulo importante.\n    <\/p>\n<p class=\"paragraph inline-placeholder vossi-paragraph\" data-uri=\"es.cms.cnn.com\/_components\/paragraph\/instances\/cmtj4civ1000r3j6spabpk1fy@published\" data-editable=\"text\" data-component-name=\"paragraph\" data-article-gutter=\"true\">\n            Pero Djokovic ha seguido esforz\u00e1ndose, adapt\u00e1ndose a la perfecci\u00f3n. El juego de Djokovic, a pesar de su edad, ha vuelto a ser el de antes, ganando partidos que acallan a los cr\u00edticos, como el emocionante encuentro a cinco sets contra Sinner en el Abierto de Australia a principios de a\u00f1o.\n    <\/p>\n<p class=\"paragraph inline-placeholder vossi-paragraph\" data-uri=\"es.cms.cnn.com\/_components\/paragraph\/instances\/cmtj4civ1000s3j6stupqmjst@published\" data-editable=\"text\" data-component-name=\"paragraph\" data-article-gutter=\"true\">\n            Pero lo cierto es que Djokovic no ha ganado un t\u00edtulo de Grand Slam desde 2023, y eso no deber\u00eda sorprender a nadie. Sus otrora grandes rivales, Roger Federer y Rafa Nadal, ganaron sus \u00faltimos Grand Slams a los 36 a\u00f1os, y las exigencias f\u00edsicas del tenis actual son tan altas que Djokovic necesitar\u00eda mucha suerte para volver a desafiar a la nueva generaci\u00f3n.\n    <\/p>\n<p class=\"paragraph inline-placeholder vossi-paragraph\" data-uri=\"es.cms.cnn.com\/_components\/paragraph\/instances\/cmtj4go93000x3j6sjgz8lx55@published\" data-editable=\"text\" data-component-name=\"paragraph\" data-article-gutter=\"true\">\n            Si bien su dolorosa derrota del domingo podr\u00eda resultar ser otra falsa alarma, es muy probable que sea el principio del fin para \u00e9l. La expresi\u00f3n de su rostro mientras intentaba mostrarse desafiante sin duda lo confirmaba. Djokovic siempre ha tenido el control en la cancha, un maestro de su entorno. Esta vez, parec\u00eda derrotado y quiz\u00e1s \u00e9l mismo se dio cuenta de ello por primera vez.\n    <\/p>\n<p class=\"paragraph inline-placeholder vossi-paragraph\" data-uri=\"es.cms.cnn.com\/_components\/paragraph\/instances\/cmtj4gol1000y3j6s9uca0wmv@published\" data-editable=\"text\" data-component-name=\"paragraph\" data-article-gutter=\"true\">\n            Pase lo que pase en los pr\u00f3ximos meses, Djokovic pasar\u00e1 a la historia como posiblemente el mejor tenista de todos los tiempos y no ser\u00e1 el \u00faltimo campe\u00f3n en aferrarse al deporte demasiado tiempo.\n    <\/p>\n<p class=\"paragraph inline-placeholder vossi-paragraph\" data-uri=\"es.cms.cnn.com\/_components\/paragraph\/instances\/cmtj4gol2000z3j6swbxb2zqd@published\" data-editable=\"text\" data-component-name=\"paragraph\" data-article-gutter=\"true\">\n            Quiz\u00e1s redefinir su concepto de \u00e9xito le ayude a continuar un a\u00f1o o dos m\u00e1s, pero si el campe\u00f3n estar\u00eda satisfecho con eso es otra cuesti\u00f3n.\n    <\/p>\n","protected":false},"excerpt":{"rendered":"CNN\u00a0\u2014\u00a0 Con l\u00e1grimas en los ojos y el cuerpo desfalleciendo, era inevitable sentir que la derrota del domingo&hellip;\n","protected":false},"author":2,"featured_media":743347,"comment_status":"","ping_status":"","sticky":false,"template":"","format":"standard","meta":{"footnotes":""},"categories":[274],"tags":[131890,168,25,24,547,23,167,327,326,541],"class_list":["post-743346","post","type-post","status-publish","format-standard","has-post-thumbnail","category-tenis","tag-abierto-de-eeuu","tag-deportes","tag-es","tag-espana","tag-novak-djokovic","tag-spain","tag-sports","tag-tenis","tag-tennis","tag-us-open"],"share_on_mastodon":{"url":"https:\/\/pubeurope.com\/@es\/117199638569276354","error":""},"_links":{"self":[{"href":"https:\/\/www.europesays.com\/es\/wp-json\/wp\/v2\/posts\/743346","targetHints":{"allow":["GET"]}}],"collection":[{"href":"https:\/\/www.europesays.com\/es\/wp-json\/wp\/v2\/posts"}],"about":[{"href":"https:\/\/www.europesays.com\/es\/wp-json\/wp\/v2\/types\/post"}],"author":[{"embeddable":true,"href":"https:\/\/www.europesays.com\/es\/wp-json\/wp\/v2\/users\/2"}],"replies":[{"embeddable":true,"href":"https:\/\/www.europesays.com\/es\/wp-json\/wp\/v2\/comments?post=743346"}],"version-history":[{"count":0,"href":"https:\/\/www.europesays.com\/es\/wp-json\/wp\/v2\/posts\/743346\/revisions"}],"wp:featuredmedia":[{"embeddable":true,"href":"https:\/\/www.europesays.com\/es\/wp-json\/wp\/v2\/media\/743347"}],"wp:attachment":[{"href":"https:\/\/www.europesays.com\/es\/wp-json\/wp\/v2\/media?parent=743346"}],"wp:term":[{"taxonomy":"category","embeddable":true,"href":"https:\/\/www.europesays.com\/es\/wp-json\/wp\/v2\/categories?post=743346"},{"taxonomy":"post_tag","embeddable":true,"href":"https:\/\/www.europesays.com\/es\/wp-json\/wp\/v2\/tags?post=743346"}],"curies":[{"name":"wp","href":"https:\/\/api.w.org\/{rel}","templated":true}]}}