{"id":743350,"date":"2026-09-02T04:50:26","date_gmt":"2026-09-02T04:50:26","guid":{"rendered":"https:\/\/www.europesays.com\/es\/743350\/"},"modified":"2026-09-02T04:50:26","modified_gmt":"2026-09-02T04:50:26","slug":"huida-hacia-adelante-con-la-cubierta-del-polideportivo-pisuerga","status":"publish","type":"post","link":"https:\/\/www.europesays.com\/es\/743350\/","title":{"rendered":"Huida hacia adelante con la cubierta del Polideportivo Pisuerga"},"content":{"rendered":"<p class=\"paragraph\">La cubierta del polideportivo Pisuerga vivi\u00f3 en la ma\u00f1ana de este martes un nuevo cap\u00edtulo que poco o m\u00e1s bien nada, aclara la situaci\u00f3n actual de un pabell\u00f3n condenado por las goteras pr\u00e1cticamente desde su inauguraci\u00f3n hace 40 a\u00f1os y que llev\u00f3 al actual equipo de gobierno, por fin, a echarle mano con una reparaci\u00f3n proyectada y no con parches como hasta la fecha. Una obra que supon\u00eda la colocaci\u00f3n de una sobrecubierta encima de la actual cubierta a lo largo de toda la superficie del pabell\u00f3n y front\u00f3n y que, al poco tiempo de comenzar los trabajos, se paraliz\u00f3 ante el peligro de derrumbamiento obligando a una nueva reformulaci\u00f3n y rec\u00e1lculo  por un tema de peso y seguridad.<\/p>\n<p>            <a href=\"#\" title=\"\"><\/p>\n<p>                    <img loading=\"lazy\" decoding=\"async\" width=\"140\" height=\"140\" alt=\"Vista parcial de una zona de la cubierta de Pisuerga en mal estado.\" src=\"https:\/\/imagenes.diariodevalladolid.es\/files\/related_image\/uploads\/2025\/11\/04\/6909f1bc58dc5.jpeg\" data-full-src=\"https:\/\/www.europesays.com\/es\/wp-content\/uploads\/2026\/09\/6909f1bc58dc5.jpeg\"\/><\/p>\n<p>            <\/a><\/p>\n<p class=\"paragraph\">La empresa ejecutora de la obra pidi\u00f3 el mes de agosto (coincidente con vacaciones y cuando se iba a realizar dicha obra) para dictar un informe cuya resoluci\u00f3n fue comunicada al Ayuntamiento el pasado lunes. Un d\u00eda despu\u00e9s, el alcalde Jes\u00fas Julio Carnero, fue el encargado de &#8216;estar a los pies de los caballos&#8217; para comunicar la \u2018soluci\u00f3n\u2019 (entre comillas) decidida o escogida. Una \u2018soluci\u00f3n\u2019 que se convierte en una nueva huida hacia adelante que resuelve de momento el c\u00f3mo pero no el cuando.\u00a0<\/p>\n<p class=\"c-detail__media__subtitle\">\n<p>        Paneles de la sobrecubierta que iban a ser colocados inicialmente y que deber\u00e1n ser sustituidos por unos m\u00e1s flexibles y de menor peso.G. V.<\/p>\n<p class=\"paragraph\">Se sabe lo que hay que hacer, un planteamiento o soluci\u00f3n totalmente diferente a la idea inicial, pero no cuando dicha soluci\u00f3n ser\u00e1 efectiva totalmente. Y es que primeramente habr\u00e1 que resolver las actuaciones correspondientes desde el punto de vista jur\u00eddico y administrativo (tramitaci\u00f3n administrativa) antes de proceder a la obra. Una obra que ahora consistir\u00e1 en la colocaci\u00f3n de \u00abuna sobrecubierta  con un sistema mucho m\u00e1s flexible y menos pesado y tan r\u00edgido que el proyectado inicialmente\u00bb.<\/p>\n<p class=\"c-detail__cite full \">\n<p>JESUS JULIO CARNERO<br \/>\u00abLa actividad del primer equipo del CBC Valladolid  en el pabell\u00f3n no se va a ver paralizada\u00bb<\/p>\n<p class=\"paragraph\">El alcalde, lejos de hipotecarse, no se atreve a dar fechas ni de comienzo de las obras ni de finalizaci\u00f3n de  las mismas. \u00abDespu\u00e9s de 40 a\u00f1os el polideportivo Pisuerga tendr\u00e1 una soluci\u00f3n definitiva en relaci\u00f3n a su cubierta en los pr\u00f3ximos meses. En cuanto a plazos, yo en el tema de las obras no doy nunca plazos. Piensen, por ejemplo, en el polideportivo de Delicias, la gran obra del equipo de gobierno anterior desde el punto de vista de lo que se acometi\u00f3 durante ocho a\u00f1os por parte del equipo de gobierno anterior. Esa obra en un momento determinado se par\u00f3 y tuvo un par\u00f3n de 14 meses y una inversi\u00f3n complementaria superior a los 400 mil euros\u00bb.<\/p>\n<p class=\"c-detail__media__subtitle\">\n<p>        Pista principal actualmente del pabell\u00f3n Pisuerga con algunos cubos para las goteras en la pista lateral.G. V.<\/p>\n<p class=\"paragraph\">El alcalde traslada tranquilidad al Club de baloncesto asegurando que \u00aben el pabell\u00f3n Pisuerga se continuar\u00e1 con total normalidad la pr\u00e1ctica del primer equipo y tendremos, siempre en previsi\u00f3n ante cualquier circunstancia de excepcionalidad que pudiera acontecer como la que aconteci\u00f3 el a\u00f1o pasado, el pabell\u00f3n Pilar Fern\u00e1ndez Valderrama a nuestra disposici\u00f3n y a la disposici\u00f3n del club. La actividad del pabell\u00f3n no se va a ver paralizada con las obras  en la cubierta\u00bb, repiti\u00f3 Jes\u00fas Julio Carnero a este peri\u00f3dico.<\/p>\n<p class=\"c-detail__media__subtitle\">\n<p>        Vista parcial de la cubierta del Pisuerga a medio montar antes de la paralizaci\u00f3n de las obras.EM<\/p>\n<p class=\"paragraph\">El problema radica en el front\u00f3n, donde comenzaron las obras y donde la empresa detect\u00f3 que la estructura del pabell\u00f3n no aguantar\u00eda el peso de la sobrecubierta. Un front\u00f3n de uso diario y a &#8216;full-time&#8217; por los equipos de cantera y que desde la paralizaci\u00f3n de las obras est\u00e1 clausurado e inutilizado, con cubos visibles para las nuevas goteras (ver imagen) y sin fecha para el regreso de su actividad. El primer edil de la ciudad indicaba este martes que los equipos de base y cantera del CBC Valladolid ser\u00e1n reubicados en otras instalaciones municipales de la ciudad sin problema.<\/p>\n","protected":false},"excerpt":{"rendered":"La cubierta del polideportivo Pisuerga vivi\u00f3 en la ma\u00f1ana de este martes un nuevo cap\u00edtulo que poco o&hellip;\n","protected":false},"author":2,"featured_media":743351,"comment_status":"","ping_status":"","sticky":false,"template":"","format":"standard","meta":{"footnotes":""},"categories":[269],"tags":[299,298,128355,5297,168,25,131891,24,17853,3138,41426,23,167],"class_list":["post-743350","post","type-post","status-publish","format-standard","has-post-thumbnail","category-baloncesto","tag-baloncesto","tag-basketball","tag-club-baloncesto-ciudad-de-valladolid","tag-construccion","tag-deportes","tag-es","tag-escuela-de-baloncesto","tag-espana","tag-infraestructuras","tag-jesus-julio-carnero","tag-polideportivo-pisuerga","tag-spain","tag-sports"],"share_on_mastodon":{"url":"https:\/\/pubeurope.com\/@es\/117199650099289041","error":""},"_links":{"self":[{"href":"https:\/\/www.europesays.com\/es\/wp-json\/wp\/v2\/posts\/743350","targetHints":{"allow":["GET"]}}],"collection":[{"href":"https:\/\/www.europesays.com\/es\/wp-json\/wp\/v2\/posts"}],"about":[{"href":"https:\/\/www.europesays.com\/es\/wp-json\/wp\/v2\/types\/post"}],"author":[{"embeddable":true,"href":"https:\/\/www.europesays.com\/es\/wp-json\/wp\/v2\/users\/2"}],"replies":[{"embeddable":true,"href":"https:\/\/www.europesays.com\/es\/wp-json\/wp\/v2\/comments?post=743350"}],"version-history":[{"count":0,"href":"https:\/\/www.europesays.com\/es\/wp-json\/wp\/v2\/posts\/743350\/revisions"}],"wp:featuredmedia":[{"embeddable":true,"href":"https:\/\/www.europesays.com\/es\/wp-json\/wp\/v2\/media\/743351"}],"wp:attachment":[{"href":"https:\/\/www.europesays.com\/es\/wp-json\/wp\/v2\/media?parent=743350"}],"wp:term":[{"taxonomy":"category","embeddable":true,"href":"https:\/\/www.europesays.com\/es\/wp-json\/wp\/v2\/categories?post=743350"},{"taxonomy":"post_tag","embeddable":true,"href":"https:\/\/www.europesays.com\/es\/wp-json\/wp\/v2\/tags?post=743350"}],"curies":[{"name":"wp","href":"https:\/\/api.w.org\/{rel}","templated":true}]}}