{"id":743354,"date":"2026-09-02T04:52:38","date_gmt":"2026-09-02T04:52:38","guid":{"rendered":"https:\/\/www.europesays.com\/es\/743354\/"},"modified":"2026-09-02T04:52:38","modified_gmt":"2026-09-02T04:52:38","slug":"lionel-richie-ingresa-voluntariamente-en-cuidados-intensivos-para-someterse-a-pruebas-medicas","status":"publish","type":"post","link":"https:\/\/www.europesays.com\/es\/743354\/","title":{"rendered":"Lionel Richie ingresa voluntariamente en cuidados intensivos para someterse a pruebas m\u00e9dicas"},"content":{"rendered":"<p>\n        El cantante estadounidense<strong> Lionel Richie <\/strong>ingres\u00f3 voluntariamente el pasado s\u00e1bado<strong> en un hospital de St. Louis <\/strong>(Misuri), en la unidad de cuidados intensivos, para someterse a <strong>pruebas m\u00e9dicas<\/strong>, seg\u00fan inform\u00f3 este lunes el portal de far\u00e1ndula TMZ.\n<\/p>\n<p class=\"article-body__text \">\n        El portal, que cit\u00f3 fuentes cercanas<strong> al legendario artista de 77 a\u00f1os<\/strong>, indic\u00f3 que este ingres\u00f3 por precauci\u00f3n tras tener dificultades para mantenerse de pie en el concierto que dio esa misma noche, pero espera ser dado de alta ma\u00f1ana martes.\n<\/p>\n<p class=\"article-body__text \">\n        Al final de su actuaci\u00f3n en la sala The Muny de St. Louis, <strong>mientras cantaba su \u00e9xito &#8216;All night long&#8217;, Richie pidi\u00f3 a su equipo una silla para sentarse,<\/strong> seg\u00fan se observa en v\u00eddeos del concierto publicados en redes sociales. Los m\u00e9dicos barajan que el autor de \u00e9xitos como &#8216;Hello&#8217; y &#8216;Endless love&#8217; sufriera una \u00abligera deshidrataci\u00f3n\u00bb, agreg\u00f3 el medio.\n<\/p>\n<blockquote class=\"twitter-tweet\" data-lang=\"es\">\n<p lang=\"es\" dir=\"ltr\">Lionel Richie interrumpi\u00f3 su presentaci\u00f3n tras manifestar s\u00edntomas de mareo en el escenario durante el concierto del pasado mi\u00e9rcoles en Minnesota. <\/p>\n<p>Luego de un intermedio de 40 minutos, miembros de su equipo anunciaron la cancelaci\u00f3n definitiva del espect\u00e1culo debido a que no\u2026<\/p>\n<p>\u2014 Charo Fern\u00e1ndez (@Charofernandezr) <a href=\"https:\/\/x.com\/Charofernandezr\/status\/2070530175440191743?ref_src=twsrc%5Etfw\" rel=\"nofollow\">26 de junio de 2026<\/a><\/p><\/blockquote>\n<p class=\"article-body__text \">\n        El ingreso del ganador del <a href=\"https:\/\/www.noticiasdenavarra.com\/tags\/grammy\/\" title=\"Grammy\" rel=\"nofollow noopener\" target=\"_blank\" class=\"link copy\">Grammy <\/a>se produce despu\u00e9s de otros problemas de salud que le obligaron a finalizar antes de tiempo un concierto a finales de junio en Minesota, y en el que dijo a la audiencia que se sent\u00eda \u00abmareado\u00bb y tambi\u00e9n pidi\u00f3 una silla para descansar.\n<\/p>\n<p class=\"article-body__text \">\n        Despu\u00e9s de ese incidente en la primera parada de su gira &#8216;Sing a song all night long&#8217;, Richie pospuso los dos siguientes conciertos, que iban a celebrarse en Chicago y Columbus (Ohio), explicando que sus m\u00e9dicos le hab\u00edan recomendado \u00abdescansar y recuperar la salud por completo<strong>\u00ab. El 4 de julio, public\u00f3 un mensaje en Instagram agradeciendo a sus seguidores su cari\u00f1o y agreg\u00f3 que se encontraba \u00abbien\u00bb.<\/strong>\n<\/p>\n<p class=\"article-body__text \">\n        El tambi\u00e9n jurado del <strong>concurso de talento &#8216;American Idol&#8217; no ha publicado nada en sus redes sociales<\/strong> desde el jueves, cuando homenaje\u00f3 a la fallecida cantante Dolly Parton, pero sus seguidores le han dejado cientos de comentarios dese\u00e1ndole una pronta recuperaci\u00f3n.<\/p>\n","protected":false},"excerpt":{"rendered":"El cantante estadounidense Lionel Richie ingres\u00f3 voluntariamente el pasado s\u00e1bado en un hospital de St. Louis (Misuri), en&hellip;\n","protected":false},"author":2,"featured_media":743355,"comment_status":"","ping_status":"","sticky":false,"template":"","format":"standard","meta":{"footnotes":""},"categories":[174],"tags":[255,33385,146,147,25,24,256,12881,46249,131851,23,99899],"class_list":["post-743354","post","type-post","status-publish","format-standard","has-post-thumbnail","category-famosos","tag-celebrities","tag-cuidados","tag-entertainment","tag-entretenimiento","tag-es","tag-espana","tag-famosos","tag-ingresa","tag-lionel","tag-richie","tag-spain","tag-voluntariamente"],"share_on_mastodon":{"url":"https:\/\/pubeurope.com\/@es\/117199657110732918","error":""},"_links":{"self":[{"href":"https:\/\/www.europesays.com\/es\/wp-json\/wp\/v2\/posts\/743354","targetHints":{"allow":["GET"]}}],"collection":[{"href":"https:\/\/www.europesays.com\/es\/wp-json\/wp\/v2\/posts"}],"about":[{"href":"https:\/\/www.europesays.com\/es\/wp-json\/wp\/v2\/types\/post"}],"author":[{"embeddable":true,"href":"https:\/\/www.europesays.com\/es\/wp-json\/wp\/v2\/users\/2"}],"replies":[{"embeddable":true,"href":"https:\/\/www.europesays.com\/es\/wp-json\/wp\/v2\/comments?post=743354"}],"version-history":[{"count":0,"href":"https:\/\/www.europesays.com\/es\/wp-json\/wp\/v2\/posts\/743354\/revisions"}],"wp:featuredmedia":[{"embeddable":true,"href":"https:\/\/www.europesays.com\/es\/wp-json\/wp\/v2\/media\/743355"}],"wp:attachment":[{"href":"https:\/\/www.europesays.com\/es\/wp-json\/wp\/v2\/media?parent=743354"}],"wp:term":[{"taxonomy":"category","embeddable":true,"href":"https:\/\/www.europesays.com\/es\/wp-json\/wp\/v2\/categories?post=743354"},{"taxonomy":"post_tag","embeddable":true,"href":"https:\/\/www.europesays.com\/es\/wp-json\/wp\/v2\/tags?post=743354"}],"curies":[{"name":"wp","href":"https:\/\/api.w.org\/{rel}","templated":true}]}}