{"id":743364,"date":"2026-09-02T05:02:39","date_gmt":"2026-09-02T05:02:39","guid":{"rendered":"https:\/\/www.europesays.com\/es\/743364\/"},"modified":"2026-09-02T05:02:39","modified_gmt":"2026-09-02T05:02:39","slug":"fuengirola-cartama-y-campanillas-las-zonas-de-malaga-en-alerta-por-el-virus-del-nilo","status":"publish","type":"post","link":"https:\/\/www.europesays.com\/es\/743364\/","title":{"rendered":"Fuengirola, C\u00e1rtama y Campanillas: las zonas de M\u00e1laga en alerta por el virus del Nilo"},"content":{"rendered":"<p class=\"ft-text\">Andaluc\u00eda ha elevado a <strong>59 el n\u00famero de <\/strong><a class=\"ft-link ft-link--decoration\" href=\"https:\/\/www.laopiniondemalaga.es\/malaga\/2026\/07\/25\/como-evitar-picaduras-mosquito-virus-nilo-malaga-132794029.html\" target=\"_blank\" rel=\"nofollow noopener\"><strong>casos humanos de fiebre del Nilo Occidental<\/strong><\/a> registrados en lo que va de 2026, despu\u00e9s de que la Consejer\u00eda de Presidencia, Sanidad y Emergencias haya notificado este lunes cuatro nuevos casos en las provincias de <strong>Sevilla <\/strong>y <strong>Huelva<\/strong>, tres de ellos graves.<\/p>\n<p class=\"ft-text\">Aunque <strong>M\u00e1laga no registra por el momento casos humanos confirmados<\/strong>, la provincia mantiene <a class=\"ft-link ft-link--decoration\" href=\"https:\/\/www.laopiniondemalaga.es\/malaga\/2026\/08\/07\/malaga-declara-alerta-campanillas-3-133172517.html\" target=\"_blank\" rel=\"nofollow noopener\"><strong>tres zonas en situaci\u00f3n de alerta<\/strong><\/a> por la circulaci\u00f3n del virus del Nilo Occidental: C\u00e1rtama hasta el 22 de septiembre; M\u00e1laga capital y Campanillas hasta el 3 de septiembre.<\/p>\n<p class=\"ft-text\">La declaraci\u00f3n de estas \u00e1reas implica reforzar la vigilancia y las medidas para controlar la presencia de los mosquitos que pueden transmitir el virus. La Junta mantiene un programa espec\u00edfico de seguimiento que incluye vigilancia entomol\u00f3gica, animal y humana.<\/p>\n<p>Las zonas de M\u00e1laga en alerta por el virus del Nilo<\/p>\n<p class=\"ft-text\">La presencia de <strong>Fuengirola, C\u00e1rtama, Las Lagunas y Campanillas<\/strong> entre las \u00e1reas en alerta obliga a intensificar las actuaciones preventivas. Esta situaci\u00f3n no significa necesariamente que se hayan producido contagios humanos en estos lugares, sino que se ha detectado circulaci\u00f3n del virus o circunstancias que justifican reforzar la vigilancia.<\/p>\n<p class=\"ft-text\">De hecho, los <strong>59 casos humanos confirmados en Andaluc\u00eda<\/strong> durante esta temporada se concentran, seg\u00fan la \u00faltima actualizaci\u00f3n, en las provincias de <strong>Sevilla y Huelva<\/strong>.<\/p>\n<p class=\"ft-text\">Desde la \u00faltima actualizaci\u00f3n realizada el pasado viernes se han localizado cuatro nuevos casos: uno en <strong>Aznalc\u00e1zar, Almensilla y Dos Hermanas<\/strong>, en la provincia de Sevilla, y otro en <strong>San Bartolom\u00e9<\/strong>, en Huelva.<\/p>\n<p class=\"ft-text\">De los 59 casos confirmados hasta el momento, <strong>38 han presentado una enfermedad leve y 21 han desarrollado enfermedad neuroinvasiva<\/strong>. Desde el inicio del recuento se han registrado <strong>dos fallecimientos<\/strong> y han requerido ingreso hospitalario 24 personas, de las que siete contin\u00faan hospitalizadas.<\/p>\n<p><img decoding=\"async\" src=\"https:\/\/www.europesays.com\/es\/wp-content\/uploads\/2026\/09\/daf8772c-4121-40d8-bc62-7d64217c098b_alta-libre-aspect-ratio_default_0_x1000y446.jpg\" width=\"1200\" height=\"803\" alt=\"11\/05\/2021 Un operario inician las labores de fumigaci\u00f3n y el tratamiento de imbornales contra el mosquito para prevenir el Virus del Nilo a 11 de mayo del 2021. En el Parque Municipal Adolfo Cantalejo Su\u00e1rez de Coria del R\u00edo (Sevilla). Andaluc\u00eda SALUD Mar\u00eda Jos\u00e9 L\u00f3pez - Europa Press\" class=\"ft-helper-img-rd\" loading=\"lazy\" fetchpriority=\"auto\"\/><\/p>\n<p class=\"ft-helper-fontColor-quaternary ft-helper-fontSize-body-S ft-helper-spacer-t-xxs\">Un operario inician las labores de fumigaci\u00f3n y el tratamiento de imbornales contra el mosquito para prevenir el Virus del Nilo a 11 de mayo del 2021. En el Parque Municipal Adolfo Cantalejo Su\u00e1rez de Coria del R\u00edo (Sevilla).  \/ MJ LOPEZ \/ Europa Press<\/p>\n<p class=\"ft-text\">Villamanrique de la Condesa contin\u00faa siendo el municipio con mayor n\u00famero de positivos, con once, seguido de Dos Hermanas, con nueve, y Coria del R\u00edo, con seis. La Puebla del R\u00edo, Almensilla y Aznalc\u00e1zar acumulan cinco casos cada uno.<\/p>\n<p class=\"ft-text\">La Junta ha informado adem\u00e1s de que se han realizado estudios de laboratorio para descartar la infecci\u00f3n por el virus del Nilo en <strong>566 personas<\/strong>, adem\u00e1s del despistaje de arbovirosis en 125 casos de meningitis v\u00edrica. En el cribado de donantes de sangre se han llevado a cabo <strong>5.369 determinaciones entre el 1 de junio y el 30 de agosto<\/strong>.<\/p>\n<p>Qu\u00e9 supone estar en un \u00e1rea de alerta<\/p>\n<p class=\"ft-text\">La declaraci\u00f3n de una zona como <strong>\u00e1rea en alerta por el virus del Nilo Occidental<\/strong> implica intensificar la vigilancia entomol\u00f3gica, animal y humana, adem\u00e1s de activar actuaciones de promoci\u00f3n comunitaria y reforzar la informaci\u00f3n dirigida a los vecinos.<\/p>\n<p class=\"ft-text\">Los ayuntamientos afectados tambi\u00e9n deben <strong>intensificar el control y tratamiento de los mosquitos transmisores<\/strong> con el objetivo de reducir su presencia y minimizar el riesgo de transmisi\u00f3n.<\/p>\n<p>Sanidad pide evitar las picaduras de mosquitos<\/p>\n<p class=\"ft-text\">Ante esta situaci\u00f3n, la Consejer\u00eda de Sanidad insiste en adoptar <strong>medidas para evitar las picaduras de mosquitos<\/strong>, especialmente entre las personas vulnerables y en aquellas zonas en las que se haya detectado una elevada presencia del mosquito vector.<\/p>\n<p class=\"ft-text\">Entre las recomendaciones figuran <strong>utilizar repelentes registrados, vestir ropa clara que cubra buena parte del cuerpo, instalar mosquiteras y utilizar insecticidas dom\u00e9sticos o repelentes ambientales<\/strong>.<\/p>\n<p class=\"ft-text\">Salud P\u00fablica tambi\u00e9n aconseja <strong>evitar cualquier acumulaci\u00f3n de agua estancada<\/strong> en piscinas, albercas, lavaderos, jardines, macetas, juguetes o cubos, ya que estos espacios pueden convertirse en lugares de cr\u00eda de las larvas de mosquito.<\/p>\n","protected":false},"excerpt":{"rendered":"Andaluc\u00eda ha elevado a 59 el n\u00famero de casos humanos de fiebre del Nilo Occidental registrados en lo&hellip;\n","protected":false},"author":2,"featured_media":743365,"comment_status":"","ping_status":"","sticky":false,"template":"","format":"standard","meta":{"footnotes":""},"categories":[92],"tags":[10618,73238,858,954,25,24,13330,165,3855,5046,166,23,2275,7996],"class_list":["post-743364","post","type-post","status-publish","format-standard","has-post-thumbnail","category-salud","tag-campanillas","tag-cartama","tag-casos","tag-cuatro","tag-es","tag-espana","tag-fuengirola","tag-health","tag-malaga","tag-nilo","tag-salud","tag-spain","tag-virus","tag-zonas"],"share_on_mastodon":{"url":"https:\/\/pubeurope.com\/@es\/117199697431883482","error":""},"_links":{"self":[{"href":"https:\/\/www.europesays.com\/es\/wp-json\/wp\/v2\/posts\/743364","targetHints":{"allow":["GET"]}}],"collection":[{"href":"https:\/\/www.europesays.com\/es\/wp-json\/wp\/v2\/posts"}],"about":[{"href":"https:\/\/www.europesays.com\/es\/wp-json\/wp\/v2\/types\/post"}],"author":[{"embeddable":true,"href":"https:\/\/www.europesays.com\/es\/wp-json\/wp\/v2\/users\/2"}],"replies":[{"embeddable":true,"href":"https:\/\/www.europesays.com\/es\/wp-json\/wp\/v2\/comments?post=743364"}],"version-history":[{"count":0,"href":"https:\/\/www.europesays.com\/es\/wp-json\/wp\/v2\/posts\/743364\/revisions"}],"wp:featuredmedia":[{"embeddable":true,"href":"https:\/\/www.europesays.com\/es\/wp-json\/wp\/v2\/media\/743365"}],"wp:attachment":[{"href":"https:\/\/www.europesays.com\/es\/wp-json\/wp\/v2\/media?parent=743364"}],"wp:term":[{"taxonomy":"category","embeddable":true,"href":"https:\/\/www.europesays.com\/es\/wp-json\/wp\/v2\/categories?post=743364"},{"taxonomy":"post_tag","embeddable":true,"href":"https:\/\/www.europesays.com\/es\/wp-json\/wp\/v2\/tags?post=743364"}],"curies":[{"name":"wp","href":"https:\/\/api.w.org\/{rel}","templated":true}]}}