{"id":743376,"date":"2026-09-02T05:10:21","date_gmt":"2026-09-02T05:10:21","guid":{"rendered":"https:\/\/www.europesays.com\/es\/743376\/"},"modified":"2026-09-02T05:10:21","modified_gmt":"2026-09-02T05:10:21","slug":"dos-alavesistas-premiados-por-la-asociacion-de-futbolistas-espanoles-afe-norte-expres","status":"publish","type":"post","link":"https:\/\/www.europesays.com\/es\/743376\/","title":{"rendered":"Dos alavesistas premiados por la Asociaci\u00f3n de Futbolistas Espa\u00f1oles (AFE) &#8211; Norte Expr\u00e9s"},"content":{"rendered":"<p><a href=\"https:\/\/nortexpres.com\/wp-content\/uploads\/2026\/09\/DSZ_8658-scaled-1-scaled.jpg\" data-caption=\"fotos afe\" rel=\"nofollow noopener\" target=\"_blank\"><img loading=\"lazy\" decoding=\"async\" width=\"696\" height=\"463\" class=\"entry-thumb td-modal-image\" src=\"https:\/\/www.europesays.com\/es\/wp-content\/uploads\/2026\/09\/DSZ_8658-scaled-1-696x463.jpg\"   alt=\"\" title=\"DSZ_8658-scaled\"\/><\/a>fotos afe<\/p>\n<p>La\u00a0<strong>Asociaci\u00f3n de Futbolistas Espa\u00f1oles (AFE)\u00a0<\/strong>ha celebrado este martes una nueva edici\u00f3n de sus\u00a0<strong>Premios AFE<\/strong>, una quinta gala que ha vuelto a poner en el centro a los y las futbolistas, los y las grandes protagonistas de la temporada\u00a0<strong>2025\/2026<\/strong>.<\/p>\n<p class=\"wp-block-paragraph\">Durante el acto, AFE tambi\u00e9n hizo entrega del\u00a0<strong>Premio Quini<\/strong>\u00a0y del\u00a0<strong>Premio Natalia Pablos<\/strong>, destinados a reconocer a los m\u00e1ximos goleadores y goleadoras de Primera, Segunda y Tercera Federaci\u00f3n, as\u00ed como de Primera y Segunda Federaci\u00f3n FUTFEM. Asimismo, los y las guardametas con menos goles encajados recibieron el\u00a0<strong>Premio Arconada<\/strong>\u00a0y el\u00a0<strong>Premio Carmen Arce \u2018Kubalita\u2019<\/strong>, correspondientes tambi\u00e9n a dichas competiciones.<\/p>\n<p class=\"wp-block-paragraph\"><strong>Premio Arconada<\/strong><\/p>\n<ul class=\"wp-block-list\">\n<li>Segunda Federaci\u00f3n \/\u00a0<strong>Gr\u00e9goire Swiderski<\/strong>\u00a0(Deportivo Alav\u00e9s B).<\/li>\n<\/ul>\n<p class=\"wp-block-paragraph\"><strong>Premio Carmen Arce \u2018Kubalita\u2019<\/strong><\/p>\n<ul class=\"wp-block-list\">\n<li>Primera Federaci\u00f3n FUTFEM \/\u00a0<strong>Sof\u00eda Fuente<\/strong>\u00a0(Deportivo Alav\u00e9s).<\/li>\n<\/ul>\n<p><a href=\"https:\/\/nortexpres.com\/wp-content\/uploads\/2026\/09\/DSZ_8727.jpg\" rel=\"nofollow noopener\" target=\"_blank\"><img fetchpriority=\"high\" decoding=\"async\" class=\"alignnone size-medium wp-image-339372\" src=\"https:\/\/www.europesays.com\/es\/wp-content\/uploads\/2026\/09\/DSZ_8727-300x200.jpg\" alt=\"\" width=\"300\" height=\"200\"  \/><\/a><\/p>\n<p>\u00a0<\/p>\n<p>Los\u00a0<strong>Premios AFE<\/strong>\u00a0tienen como se\u00f1a de identidad que han sido los y las propias futbolistas quienes valoraron mediante\u00a0<strong>votaci\u00f3n<\/strong> a sus compa\u00f1eros y compa\u00f1eras de competici\u00f3n. Una caracter\u00edstica que otorga un significado especial a cada premio. El m\u00e1ximo ganador ha sido lamine Yamal.<\/p>\n","protected":false},"excerpt":{"rendered":"fotos afe La\u00a0Asociaci\u00f3n de Futbolistas Espa\u00f1oles (AFE)\u00a0ha celebrado este martes una nueva edici\u00f3n de sus\u00a0Premios AFE, una quinta&hellip;\n","protected":false},"author":2,"featured_media":743377,"comment_status":"","ping_status":"","sticky":false,"template":"","format":"standard","meta":{"footnotes":""},"categories":[5],"tags":[10975,1334,17,18,25,24,13,14,11,19,20,9,10,15,16,23,12,21,22],"class_list":["post-743376","post","type-post","status-publish","format-standard","has-post-thumbnail","category-titulares","tag-afe","tag-alaves","tag-breaking-news","tag-breakingnews","tag-es","tag-espana","tag-featured-news","tag-featurednews","tag-headlines","tag-latest-news","tag-latestnews","tag-news","tag-noticias","tag-noticias-destacadas","tag-noticiasdestacadas","tag-spain","tag-titulares","tag-ultimas-noticias","tag-ultimasnoticias"],"share_on_mastodon":{"url":"https:\/\/pubeurope.com\/@es\/117199728995628099","error":""},"_links":{"self":[{"href":"https:\/\/www.europesays.com\/es\/wp-json\/wp\/v2\/posts\/743376","targetHints":{"allow":["GET"]}}],"collection":[{"href":"https:\/\/www.europesays.com\/es\/wp-json\/wp\/v2\/posts"}],"about":[{"href":"https:\/\/www.europesays.com\/es\/wp-json\/wp\/v2\/types\/post"}],"author":[{"embeddable":true,"href":"https:\/\/www.europesays.com\/es\/wp-json\/wp\/v2\/users\/2"}],"replies":[{"embeddable":true,"href":"https:\/\/www.europesays.com\/es\/wp-json\/wp\/v2\/comments?post=743376"}],"version-history":[{"count":0,"href":"https:\/\/www.europesays.com\/es\/wp-json\/wp\/v2\/posts\/743376\/revisions"}],"wp:featuredmedia":[{"embeddable":true,"href":"https:\/\/www.europesays.com\/es\/wp-json\/wp\/v2\/media\/743377"}],"wp:attachment":[{"href":"https:\/\/www.europesays.com\/es\/wp-json\/wp\/v2\/media?parent=743376"}],"wp:term":[{"taxonomy":"category","embeddable":true,"href":"https:\/\/www.europesays.com\/es\/wp-json\/wp\/v2\/categories?post=743376"},{"taxonomy":"post_tag","embeddable":true,"href":"https:\/\/www.europesays.com\/es\/wp-json\/wp\/v2\/tags?post=743376"}],"curies":[{"name":"wp","href":"https:\/\/api.w.org\/{rel}","templated":true}]}}