{"id":743386,"date":"2026-09-02T05:22:25","date_gmt":"2026-09-02T05:22:25","guid":{"rendered":"https:\/\/www.europesays.com\/es\/743386\/"},"modified":"2026-09-02T05:22:25","modified_gmt":"2026-09-02T05:22:25","slug":"la-tarde-en-que-llorenc-santamaria-fue-a-visitar-a-su-amigo-xisco-balaguer","status":"publish","type":"post","link":"https:\/\/www.europesays.com\/es\/743386\/","title":{"rendered":"La tarde en que Lloren\u00e7 Santamaria fue a visitar a su amigo Xisco Balaguer"},"content":{"rendered":"<p>Hay historias que, sin necesidad de grandes titulares, te llegan directamente al coraz\u00f3n. Y esta que os voy a contar es una de ellas. O eso me ha parecido a m\u00ed. Los protagonistas son dos buenos amigos que han dedicado buena parte de su vida a la m\u00fasica: <strong>Lloren\u00e7 Santamaria y Xisco Balaguer.<\/strong><\/p>\n<p>La vida cambia para algunos<\/p>\n<p>Xisco es cantante y teclista, y forma parte de esa generaci\u00f3n de m\u00fasicos mallorquines que dejaron su huella en grupos como Los Beta y Sal y Pimienta. Lloren\u00e7, por su parte, contin\u00faa en plena actividad, trabajando, cantando y demostrando que la m\u00fasica sigue siendo una parte fundamental de su vida.<br \/>Lo digo porque Xisco, que antes pod\u00eda ir y venir, moverse, encontrarse con amigos y disfrutar de su libertad como cualquiera de nosotro<strong>s, vive ahora en una residencia y necesita una silla de ruedas para desplazarse.<\/strong><\/p>\n<p><strong>Pero, afortunadamente, no est\u00e1 solo<\/strong>. De vez en cuando recibe la visita de m\u00fasicos, amigos y compa\u00f1eros de tantos a\u00f1os. Viejas glorias, como \u00e9l, que aparecen por all\u00ed para recordar viejos tiempos, hablar de m\u00fasica y, seguramente, volver durante un rato a aquellos escenarios, aquellas canciones y aquellas historias que nunca se olvidan. Me estoy refiriendo a amigos como Jaume Beta y Tolo Alba, por ejemplo.<\/p>\n<p>Visita no esperada<\/p>\n<p><strong>Pero la otra tarde ocurri\u00f3 algo especial<\/strong>, e inesperado para Xisco al recibir una visita que ni se la imaginaba&#8230; Porque fue, sin duda, una gran sorpresa&#8230; Sobre todo porque de pronto apareci\u00f3 Lloren\u00e7 Santamaria, lo cual, para Xisco, supuso mucho m\u00e1s que una simple visita. S\u00ed, porque Lloren\u00e7 sigue teniendo una vida muy activa, con trabajo, actuaciones y compromisos&#8230; Sin embargo supo hacerse un hueco en lo cotidiano, y a la vez tomarse un tiempo para ir a ver a su amigo, sentarse a su lado, hablar con \u00e9l, recordar, re\u00edrse&#8230; Pero, sobre todo, hacerle sentir que sigue formando parte de su vida. Que sigue estando ah\u00ed&#8230;<\/p>\n<p>\u00abHe venido a verte, amigo\u00bb<\/p>\n<p>Por eso imagino que la sorpresa de Xisco fue enorme. Y no era para menos. Porque cuando aparece alguien a qui\u00e9n aprecias, alguien con quien has compartido tantos a\u00f1os, tantos momentos y, en este caso, tambi\u00e9n tanta m\u00fasica, de repente todo cobra un significado especial.<strong> Y creo que aqu\u00ed est\u00e1 la verdadera historia.<\/strong><\/p>\n<p>Porque no estamos contando solamente que Lloren\u00e7 Santamaria estuvo visitando a Xisco Balaguer, sino que estamos hablando de la amistad, de esa que no entiende de a\u00f1os, ni de distancias, ni de agendas apretadas&#8230; Y Lloren\u00e7, con este gesto, demostr\u00f3 precisamente eso: que la amistad verdadera no necesita grandes discursos, sino que a veces, y como mucho, basta con llamar a una puerta y decir: <strong>\u00abHe venido a verte, amigo\u00bb.<\/strong><\/p>\n<p>Y pues que esta es la historia de dos m\u00fasicos. O de dos amigos. O de dos vidas llenas de canciones. O de una sorpresa que, seguramente, Xisco no olvidar\u00e1 f\u00e1cilmente. Y tambi\u00e9n, porque la pilles como la pilles, es una historia bonita&#8230;<strong> S\u00ed, fue un instante, pero \u00a1que instante!<\/strong><\/p>\n","protected":false},"excerpt":{"rendered":"Hay historias que, sin necesidad de grandes titulares, te llegan directamente al coraz\u00f3n. Y esta que os voy&hellip;\n","protected":false},"author":2,"featured_media":743387,"comment_status":"","ping_status":"","sticky":false,"template":"","format":"standard","meta":{"footnotes":""},"categories":[174],"tags":[255,146,147,25,24,256,492,23,2922,1529],"class_list":["post-743386","post","type-post","status-publish","format-standard","has-post-thumbnail","category-famosos","tag-celebrities","tag-entertainment","tag-entretenimiento","tag-es","tag-espana","tag-famosos","tag-sociedad","tag-spain","tag-tendencias","tag-ultima-hora"],"share_on_mastodon":{"url":"https:\/\/pubeurope.com\/@es\/117199775100358514","error":""},"_links":{"self":[{"href":"https:\/\/www.europesays.com\/es\/wp-json\/wp\/v2\/posts\/743386","targetHints":{"allow":["GET"]}}],"collection":[{"href":"https:\/\/www.europesays.com\/es\/wp-json\/wp\/v2\/posts"}],"about":[{"href":"https:\/\/www.europesays.com\/es\/wp-json\/wp\/v2\/types\/post"}],"author":[{"embeddable":true,"href":"https:\/\/www.europesays.com\/es\/wp-json\/wp\/v2\/users\/2"}],"replies":[{"embeddable":true,"href":"https:\/\/www.europesays.com\/es\/wp-json\/wp\/v2\/comments?post=743386"}],"version-history":[{"count":0,"href":"https:\/\/www.europesays.com\/es\/wp-json\/wp\/v2\/posts\/743386\/revisions"}],"wp:featuredmedia":[{"embeddable":true,"href":"https:\/\/www.europesays.com\/es\/wp-json\/wp\/v2\/media\/743387"}],"wp:attachment":[{"href":"https:\/\/www.europesays.com\/es\/wp-json\/wp\/v2\/media?parent=743386"}],"wp:term":[{"taxonomy":"category","embeddable":true,"href":"https:\/\/www.europesays.com\/es\/wp-json\/wp\/v2\/categories?post=743386"},{"taxonomy":"post_tag","embeddable":true,"href":"https:\/\/www.europesays.com\/es\/wp-json\/wp\/v2\/tags?post=743386"}],"curies":[{"name":"wp","href":"https:\/\/api.w.org\/{rel}","templated":true}]}}