{"id":743390,"date":"2026-09-02T05:27:43","date_gmt":"2026-09-02T05:27:43","guid":{"rendered":"https:\/\/www.europesays.com\/es\/743390\/"},"modified":"2026-09-02T05:27:43","modified_gmt":"2026-09-02T05:27:43","slug":"el-coste-de-ser-fan-del-fenomeno-k-pop-en-espana-se-convierte-en-un-estilo-de-vida","status":"publish","type":"post","link":"https:\/\/www.europesays.com\/es\/743390\/","title":{"rendered":"El coste de ser fan del fen\u00f3meno K-Pop en Espa\u00f1a: \u00abSe convierte en un estilo de vida\u00bb"},"content":{"rendered":"<p class=\"c-paragraph\">El <b><a href=\"https:\/\/www.20minutos.es\/tags\/temas\/k-pop.html\" title=\"K-Pop\" rel=\"nofollow noopener\" target=\"_blank\">K-Pop (Korean Popular Music)<\/a><\/b>,\u00a0un g\u00e9nero musical originario de Corea del Sur que combina el pop, la electr\u00f3nica, el hip-hop y el rock, se ha convertido en uno de los fen\u00f3menos culturales con mayor impacto en los h\u00e1bitos de consumo del siglo XXI. Aunque inicialmente nace como un movimiento adolescente, en la actualidad <b>el perfil del fan en Espa\u00f1a se encuentra entre los 31 y los 45 a\u00f1os<\/b>\u00a0con paridad de g\u00e9nero.<\/p>\n<p class=\"c-paragraph\">En concreto,\u00a0<b>el 14% de los espa\u00f1oles se considera fan del K-Pop<\/b>, cifra que asciende hasta el 19% entre las personas de entre 31 y 45 a\u00f1os, siendo casi casi el doble de popular que entre los j\u00f3venes de entre 18 y 30 a\u00f1os (11%), seg\u00fan asegura el \u00faltimo estudio elaborado por <b><a href=\"https:\/\/www.20minutos.es\/lainformacion\/economia-y-finanzas\/cadena-china-con-objetos-diseno-low-cost-que-se-hizo-pasar-por-japonesa-se-extiende-por-espana-puedes-encontrar-todo_6924389_0.html\" title=\"La cadena china con objetos de dise\u00f1o &#039;low cost&#039; que se hizo pasar por japonesa se extiende por Espa\u00f1a: &quot;Puedes encontrar de todo&quot;\" rel=\"nofollow noopener\" target=\"_blank\">Miniso, la cadena china de venta al por menos de objetos de dise\u00f1o a precios asequibles<\/a><\/b>.\u00a0<\/p>\n<p class=\"c-paragraph\">El citado informe afirma que alrededor de este fen\u00f3meno se ha generado un ecosistema de consumo que abarca m\u00fasica, moda, belleza, contenido audiovisual y merchandising, lo que que implica un <b>gasto mensual de entre 20 y 100 euros a m\u00e1s del 85% de los fans.\u00a0<\/b><\/p>\n<p class=\"c-paragraph\">El estudio se\u00f1ala adem\u00e1s que los<b> art\u00edculos de moda, coleccionables, decoraci\u00f3n y papeler\u00eda son los m\u00e1s demandados por el fan de K-Pop<\/b>\u00a0 cuando algo se vuelve viral o simplemente est\u00e1 de moda. Adem\u00e1s, la mayor\u00eda -el 54%- acude expresamente a una tienda para disfrutar de la experiencia de compra. En este sentido,<b>\u00a0las cajas sorpresa generan un entusiasmo especial: el 91% las considera emocionantes<\/b>, conectando perfectamente con la cultura del\u00a0unboxing\u00a0y el coleccionismo que caracteriza a esta comunidad.<\/p>\n<p class=\"c-paragraph\">\u00abEl K-Pop no es una moda importada recientemente y los datos avalan ese movimiento que lleva a\u00f1os gest\u00e1ndose. <b>Nuestros datos confirman que el fan de K-Pop no es solo alguien que escucha m\u00fasica, es un consumidor comprometido<\/b>, que busca productos que le permitan expresar su identidad y sentirse parte de una comunidad\u00bb, explica <b>Ana Rivera<\/b>, General Manager de Miniso en Espa\u00f1a. \u00abLos fans del K-Pop buscan productos y actividades que conecten emocionalmente con ellos, ya que este fen\u00f3meno se convierte en muchos casos en un estilo de vida para los fans y de expresi\u00f3n de pertenencia a una comunidad\u00bb, sentencia.\u00a0<\/p>\n<p>Instagram y TikTok, canales de referencia<\/p>\n<p class=\"c-paragraph\">El estudio indica, por otra parte, que <b>m\u00e1s del 80% de los encuestados<\/b> aseguran que los canales de referencia en las redes sociales para los fans a la hora de estar informados sobre cualquier novedad del K-Pop son <b>Instagram y TikTok<\/b>.\u00a0<\/p>\n<p class=\"c-paragraph\">Adem\u00e1s, el 57% de este grupo comparte contenido sobre sus compras en redes sociales de manera frecuente (siempre o muy a menudo), el 83% se considera coleccionista activo y<b> el 91% valora positivamente la est\u00e9tica asi\u00e1tica.\u00a0<\/b>Seg\u00fan un informe de la Fundaci\u00f3n Coreana para el Intercambio Cultural Internacional y el Ministerio de Cultura, Deportes y Turismo, el fen\u00f3meno surcoreano gener\u00f3 19.000 millones de d\u00f3lares en exportaciones en 2025, con un aumento del 84% en las exportaciones musicales respecto al a\u00f1o anterior.,\u00a0<\/p>\n","protected":false},"excerpt":{"rendered":"El K-Pop (Korean Popular Music),\u00a0un g\u00e9nero musical originario de Corea del Sur que combina el pop, la electr\u00f3nica,&hellip;\n","protected":false},"author":2,"featured_media":743391,"comment_status":"","ping_status":"","sticky":false,"template":"","format":"standard","meta":{"footnotes":""},"categories":[170],"tags":[4897,146,147,25,24,8470,7629,10648,184,185,8643,23],"class_list":["post-743390","post","type-post","status-publish","format-standard","has-post-thumbnail","category-musica","tag-coste","tag-entertainment","tag-entretenimiento","tag-es","tag-espana","tag-fan","tag-fenomeno","tag-k","tag-music","tag-musica","tag-ser","tag-spain"],"share_on_mastodon":{"url":"https:\/\/pubeurope.com\/@es\/117199794738261492","error":""},"_links":{"self":[{"href":"https:\/\/www.europesays.com\/es\/wp-json\/wp\/v2\/posts\/743390","targetHints":{"allow":["GET"]}}],"collection":[{"href":"https:\/\/www.europesays.com\/es\/wp-json\/wp\/v2\/posts"}],"about":[{"href":"https:\/\/www.europesays.com\/es\/wp-json\/wp\/v2\/types\/post"}],"author":[{"embeddable":true,"href":"https:\/\/www.europesays.com\/es\/wp-json\/wp\/v2\/users\/2"}],"replies":[{"embeddable":true,"href":"https:\/\/www.europesays.com\/es\/wp-json\/wp\/v2\/comments?post=743390"}],"version-history":[{"count":0,"href":"https:\/\/www.europesays.com\/es\/wp-json\/wp\/v2\/posts\/743390\/revisions"}],"wp:featuredmedia":[{"embeddable":true,"href":"https:\/\/www.europesays.com\/es\/wp-json\/wp\/v2\/media\/743391"}],"wp:attachment":[{"href":"https:\/\/www.europesays.com\/es\/wp-json\/wp\/v2\/media?parent=743390"}],"wp:term":[{"taxonomy":"category","embeddable":true,"href":"https:\/\/www.europesays.com\/es\/wp-json\/wp\/v2\/categories?post=743390"},{"taxonomy":"post_tag","embeddable":true,"href":"https:\/\/www.europesays.com\/es\/wp-json\/wp\/v2\/tags?post=743390"}],"curies":[{"name":"wp","href":"https:\/\/api.w.org\/{rel}","templated":true}]}}