{"id":743398,"date":"2026-09-02T05:33:02","date_gmt":"2026-09-02T05:33:02","guid":{"rendered":"https:\/\/www.europesays.com\/es\/743398\/"},"modified":"2026-09-02T05:33:02","modified_gmt":"2026-09-02T05:33:02","slug":"nuestra-experta-analiza-el-significado-del-look-azul-con-el-que-carlota-casiraghi-cumple-un-nuevo-sueno-la-ha-acompanado-en-momentos-clave-de-su-vida","status":"publish","type":"post","link":"https:\/\/www.europesays.com\/es\/743398\/","title":{"rendered":"Nuestra experta analiza el significado del look azul con el que Carlota Casiraghi cumple un nuevo sue\u00f1o: \u00abLa ha acompa\u00f1ado en momentos clave de su vida\u00bb"},"content":{"rendered":"<p id=\"ezhxUe3w9k\" data-wc=\"120\"><strong>Carlota Casiraghi<\/strong> no es solo una integrante m\u00e1s de la<strong>\u00a0familia Grimaldi<\/strong>; es, probablemente, una de las m\u00e1s aclamadas. La hija de Carolina de M\u00f3naco y del empresario italiano Stefano Casiraghi atraviesa uno de los momentos m\u00e1s especiales de su vida. Hace apenas unas semanas celebraba su 40 cumplea\u00f1os y ahora, casi sin tiempo para bajar de esa nube, vuelve a ser protagonista por un motivo muy distinto, aunque igual de emocionante. Con una sonrisa de lado a lado, celebra ahora haber recibido <strong>su primer premio literario<\/strong> gracias a <a class=\"hm-link ho-link\" href=\"https:\/\/www.hola.com\/realeza\/casa_monaco\/20260124879813\/carlota-casiraghi-habla-como-nunca-de-la-maternidad\/\" data-mrf-recirculation=\"article-body-link\" rel=\"nofollow noopener\" target=\"_blank\">su primera novela en solitario,\u00a0<\/a><a class=\"hm-link ho-link\" href=\"https:\/\/www.hola.com\/realeza\/casa_monaco\/20260124879813\/carlota-casiraghi-habla-como-nunca-de-la-maternidad\/\" data-mrf-recirculation=\"article-body-link\" rel=\"nofollow noopener\" target=\"_blank\">La f\u00ealure<\/a>, a\u00f1adiendo as\u00ed un nuevo cap\u00edtulo a una trayectoria en la que la moda, la filosof\u00eda y la literatura siempre han ido de la mano.<\/p>\n<p> <img src=\"https:\/\/www.europesays.com\/es\/wp-content\/uploads\/2026\/09\/c6a1a4e1dfbc-ph1cry22082675.jpg\"   width=\"2001\" height=\"3000\" loading=\"lazy\" decoding=\"async\" alt=\"Carlota Casiraghi recibe el premio Musa Nostra, su primer reconocimiento literario, durante la inauguraci\u00f3n del Festival E Statinate en Lumio, C\u00f3rcega (agosto de 2026).\" fetchpriority=\"auto\" class=\"image ho-image\"\/>\u00a9 PHOTONECarlota Casiraghi recibe el premio Musa Nostra durante la inauguraci\u00f3n del Festival E Statinate en Lumio, C\u00f3rcega (agosto de 2026).<br \/>\nUna cita muy especial, el reconocimiento a su proyecto m\u00e1s reciente<\/p>\n<p id=\"et4fSHuyEA\" data-wc=\"71\">Fue durante la 16.\u00aa edici\u00f3n del Festival \u2018E Statinate\u2019, celebrado en Lumio, C\u00f3rcega, donde Carlota recibi\u00f3 este reconocimiento. El alcalde de la localidad, Etienne Suzzoni, y Marie-France Bereni Canazzi, presidenta de Musanostra, fueron los encargados de entregarle<strong>\u00a0<\/strong><a class=\"hm-link ho-link\" href=\"https:\/\/www.hola.com\/realeza\/casa_monaco\/20260823919535\/carlota-casiraghi-recibe-primer-premio-literario\/\" data-mrf-recirculation=\"article-body-link\" rel=\"nofollow noopener\" target=\"_blank\">el premio \u2018Musa Nostra\u2019 durante la inauguraci\u00f3n del encuentro<\/a>, una cita en la que, adem\u00e1s de celebrar este nuevo logro, volvi\u00f3 a hacer gala de ese <strong>estilo elegante y sofisticado<\/strong> que tanto la caracteriza.<\/p>\n<p> <img src=\"https:\/\/www.europesays.com\/es\/wp-content\/uploads\/2026\/09\/1cca5efd26c1-ph1cry22082657cut.jpg\"   width=\"2025\" height=\"3000\" loading=\"lazy\" decoding=\"async\" alt=\"Carlota Casiraghi recibe el premio Musa Nostra, su primer reconocimiento literario, durante la inauguraci\u00f3n del Festival E Statinate en Lumio, C\u00f3rcega (agosto de 2026).\" fetchpriority=\"auto\" class=\"image ho-image\"\/>\u00a9 PHOTONECarlota Casiraghi recibe el premio Musa Nostra durante la inauguraci\u00f3n del Festival E Statinate en Lumio, C\u00f3rcega (agosto de 2026).<br \/>\nEl look azul profundo con el que conquist\u00f3 a las amantes de la moda en C\u00f3rcega<\/p>\n<p id=\"e4zfwt3ygfp\" data-wc=\"102\">Aunque desconocemos a qu\u00e9 firma pertenece este dise\u00f1o que acaba de estrenar, lo cierto es que se trata de <strong>una prenda que encaja a la perfecci\u00f3n con su estilo<\/strong>. Hablamos de un vestido corto que, aunque a primera vista parece limpio y sencillo, esconde una clara inspiraci\u00f3n rom\u00e1ntica, especialmente visible en su escote asim\u00e9trico y en el tejido que cae con naturalidad por debajo de uno de los hombros. Adem\u00e1s, los<strong>\u00a0<\/strong>suaves <strong>pliegues que se forman alrededor del pecho y la cintura<\/strong> ayudan a definir la silueta y a conseguir ese efecto tipazo que realza a\u00fan m\u00e1s la figura de la arist\u00f3crata.<\/p>\n<p id=\"ecOUsRRLvGL\" data-wc=\"44\">Como suele ser habitual en ella, Carlota volvi\u00f3 a confiar en <strong>un look de belleza muy natural<\/strong>. Llev\u00f3 el cabello suelto, con ese acabado desenfadado que parece casi secado al aire, y un maquillaje muy ligero que dejaba todo el protagonismo a sus facciones.<\/p>\n<p> <img src=\"https:\/\/www.europesays.com\/es\/wp-content\/uploads\/2026\/09\/b892ca2d5e28-gettyimages-2185583370.jpg\"   width=\"2500\" height=\"3752\" loading=\"lazy\" decoding=\"async\" alt=\"Carlota Casiraghi junto a Beatrice Borromeo y sus hijos durante el D\u00eda Nacional de M\u00f3naco en el Palacio Grimaldi (noviembre de 2024).\" fetchpriority=\"auto\" class=\"image ho-image\"\/>\u00a9 Getty ImagesCarlota Casiraghi junto a Beatrice Borromeo y sus hijos durante el D\u00eda Nacional de M\u00f3naco en el Palacio Grimaldi (noviembre de 2024).<br \/>\nEstilo que traspasa generaciones: de su abuela, Grace Kelly, a su madre, Carolina de M\u00f3naco<\/p>\n<p id=\"ea85DsCqPAe\" data-wc=\"113\">M\u00e1s all\u00e1 de la silueta del vestido, hubo otro detalle que no pas\u00f3 desapercibido:<strong>\u00a0el color<\/strong>. El azul fue el gran protagonista de su elecci\u00f3n y lo cierto es que no parece una tonalidad escogida al azar. Ocupa <a class=\"hm-link ho-link\" href=\"https:\/\/www.hola.com\/moda\/20260803915591\/carlota-casiraghi-40-cumpleanos-mejores-looks\/\" data-mrf-recirculation=\"article-body-link\" rel=\"nofollow noopener\" target=\"_blank\">un lugar especial dentro de su armario<\/a> y<strong>\u00a0la ha acompa\u00f1ado en algunos de los momentos m\u00e1s se\u00f1alados de su vida<\/strong>, desde su boda hasta el D\u00eda Nacional de M\u00f3naco. Una elecci\u00f3n que, adem\u00e1s, vuelve a poner de manifiesto ese estilo que parece haber pasado de generaci\u00f3n en generaci\u00f3n, pues Carlota combina la sofisticaci\u00f3n de su madre, Carolina de M\u00f3naco, con esa elegancia innata que convirti\u00f3 a su abuela, Grace Kelly, en todo un icono.<\/p>\n<p> <img src=\"https:\/\/www.europesays.com\/es\/wp-content\/uploads\/2026\/09\/77dcf07e6196-ph1cry22082601.jpg\"   width=\"2500\" height=\"1716\" loading=\"lazy\" decoding=\"async\" alt=\"Carlota Casiraghi recibe el premio Musa Nostra por su libro La F\u00ealure durante la inauguraci\u00f3n del festival literario E Statinate en Lumio, C\u00f3rcega (agosto de 2026).\" fetchpriority=\"auto\" class=\"image ho-image\"\/>\u00a9 PHOTONECarlota Casiraghi recibe el premio Musa Nostra durante la inauguraci\u00f3n del Festival E Statinate en Lumio, C\u00f3rcega (agosto de 2026).<br \/>\nUn segundo look que confirma su apuesta por algunas de las tonalidades m\u00e1s vibrantes\u00a0<\/p>\n<p id=\"e6JQjN5dbh\" data-wc=\"118\">Durante esta misma cita, la vimos tambi\u00e9n lucir<strong>\u00a0un ideal vestido de rayas en tono naranja<\/strong>, una propuesta mucho m\u00e1s relajada que conecta a la perfecci\u00f3n con la desconexi\u00f3n de los d\u00edas veraniegos. Una alternativa con la que demuestra que, cuando se trata de moda y de la temporada estival, no tiene miedo a jugar con <a class=\"hm-link ho-link\" href=\"https:\/\/www.hola.com\/fashion\/20251203870868\/carlota-casiraghi-chanel-desfile-nueva-york-abrigo-tigre\/\" data-mrf-recirculation=\"article-body-link\" rel=\"nofollow noopener\" target=\"_blank\">los colores m\u00e1s vibrantes de la paleta crom\u00e1tica<\/a>. En esta ocasi\u00f3n confi\u00f3 en un dise\u00f1o de Vanessa Bruno, de corte corto y recto, con cuello mao, manga corta y una discreta abertura en la parte delantera. Carlota decidi\u00f3 darle su propio toque al estilismo a\u00f1adiendo<strong>\u00a0un cintur\u00f3n trenzado que marcaba ligeramente la cintura<\/strong> y aportaba un aire todav\u00eda m\u00e1s cuidado al conjunto.<\/p>\n","protected":false},"excerpt":{"rendered":"Carlota Casiraghi no es solo una integrante m\u00e1s de la\u00a0familia Grimaldi; es, probablemente, una de las m\u00e1s aclamadas.&hellip;\n","protected":false},"author":2,"featured_media":743399,"comment_status":"","ping_status":"","sticky":false,"template":"","format":"standard","meta":{"footnotes":""},"categories":[91],"tags":[3900,17328,253,146,147,25,24,54123,1023,338,23],"class_list":["post-743398","post","type-post","status-publish","format-standard","has-post-thumbnail","category-entretenimiento","tag-hola","tag-carlota-casiraghi","tag-discover","tag-entertainment","tag-entretenimiento","tag-es","tag-espana","tag-looks","tag-moda","tag-portada","tag-spain"],"share_on_mastodon":{"url":"https:\/\/pubeurope.com\/@es\/117199819310112205","error":""},"_links":{"self":[{"href":"https:\/\/www.europesays.com\/es\/wp-json\/wp\/v2\/posts\/743398","targetHints":{"allow":["GET"]}}],"collection":[{"href":"https:\/\/www.europesays.com\/es\/wp-json\/wp\/v2\/posts"}],"about":[{"href":"https:\/\/www.europesays.com\/es\/wp-json\/wp\/v2\/types\/post"}],"author":[{"embeddable":true,"href":"https:\/\/www.europesays.com\/es\/wp-json\/wp\/v2\/users\/2"}],"replies":[{"embeddable":true,"href":"https:\/\/www.europesays.com\/es\/wp-json\/wp\/v2\/comments?post=743398"}],"version-history":[{"count":0,"href":"https:\/\/www.europesays.com\/es\/wp-json\/wp\/v2\/posts\/743398\/revisions"}],"wp:featuredmedia":[{"embeddable":true,"href":"https:\/\/www.europesays.com\/es\/wp-json\/wp\/v2\/media\/743399"}],"wp:attachment":[{"href":"https:\/\/www.europesays.com\/es\/wp-json\/wp\/v2\/media?parent=743398"}],"wp:term":[{"taxonomy":"category","embeddable":true,"href":"https:\/\/www.europesays.com\/es\/wp-json\/wp\/v2\/categories?post=743398"},{"taxonomy":"post_tag","embeddable":true,"href":"https:\/\/www.europesays.com\/es\/wp-json\/wp\/v2\/tags?post=743398"}],"curies":[{"name":"wp","href":"https:\/\/api.w.org\/{rel}","templated":true}]}}