{"id":74340,"date":"2025-08-26T21:35:09","date_gmt":"2025-08-26T21:35:09","guid":{"rendered":"https:\/\/www.europesays.com\/es\/74340\/"},"modified":"2025-08-26T21:35:09","modified_gmt":"2025-08-26T21:35:09","slug":"la-promesa-avance-del-capitulo-662-del-miercoles-27-de-agosto-de-2025","status":"publish","type":"post","link":"https:\/\/www.europesays.com\/es\/74340\/","title":{"rendered":"&#8216;La Promesa&#8217;, avance del cap\u00edtulo 662 del mi\u00e9rcoles 27 de agosto de 2025"},"content":{"rendered":"<p data-journey-content=\"true\" data-node-id=\"3\" class=\"css-i9p093 emevuu60\">En el <a href=\"https:\/\/www.diezminutos.es\/telenovela\/espanolas\/a65809088\/la-promesa-avance-capitulo-661-martes-26-agosto-2025-tve\/\" target=\"_blank\" data-vars-ga-outbound-link=\"https:\/\/www.diezminutos.es\/telenovela\/espanolas\/a65809088\/la-promesa-avance-capitulo-661-martes-26-agosto-2025-tve\/\" data-vars-ga-ux-element=\"Hyperlink\" data-vars-ga-call-to-action=\"cap\u00edtulo de ayer en &#039;La Promesa&#039;\" data-node-id=\"3.1\" class=\"body-link css-177bzfx emevuu60\" rel=\"nofollow noopener\">cap\u00edtulo de ayer en &#8216;La Promesa&#8217;<\/a>, Enora pide explicaciones a To\u00f1o sobre la relaci\u00f3n con su madre, pero el joven se niega a d\u00e1rselas. Esto no hace m\u00e1s que aumentar el empe\u00f1o de Enora en buscar una reconciliaci\u00f3n entre madre e hijo. \u00bfLo conseguir\u00e1? Catalina y Martina anuncian a sus parejas y al marqu\u00e9s su reconciliaci\u00f3n. Ahora tienen que pensar en la estrategia de negociaci\u00f3n para acercarse de nuevo al bar\u00f3n de Valladares. La visita de la duquesa de Carril no ha conseguido animar a Vera, sino todo lo contrario, al constatar la doncella que el reencuentro con su hermano es m\u00e1s dif\u00edcil de lo que ella pensaba.<\/p>\n<p><img draggable=\"true\" alt=\"la promesa leocadia y cristobal\" title=\"la promesa leocadia y cristobal\" loading=\"lazy\" width=\"4096\" height=\"2730\" decoding=\"async\" data-nimg=\"1\" style=\"color:transparent;width:100%;height:auto;\"   src=\"https:\/\/www.europesays.com\/es\/wp-content\/uploads\/2025\/08\/cristobal-leocadia-la-promesa-68a45e3f029d0.jpg\" class=\"css-0 e1g79fud0\"\/><\/p>\n<p>RTVE<\/p>\n<p>El romance de Crist\u00f3bal y Leocadia en &#8216;La Promesa&#8217;<\/p>\n<p data-journey-content=\"true\" data-node-id=\"6\" class=\"css-i9p093 emevuu60\">\u00c1ngela comparte con Curro su felicidad por el futuro que les espera sin sospechar que la aparici\u00f3n sorpresa de alguien dar\u00e1 al traste con su alegr\u00eda. P\u00eda y Ricardo est\u00e1n preocupados por las consecuencias que tendr\u00e1 la relaci\u00f3n que mantienen de cara a los se\u00f1ores. La relaci\u00f3n que hay entre Leocadia y Crist\u00f3bal es m\u00e1s larga de lo que pensamos. El mayordomo confiesa que le hubiera gustado llegar a La Promesa cuando Cruz estaba todav\u00eda en palacio.<\/p>\n<p data-journey-content=\"true\" data-node-id=\"7\" class=\"css-i9p093 emevuu60\">En el cap\u00edtulo de este mi\u00e9rcoles en &#8216;<a href=\"https:\/\/www.diezminutos.es\/telenovela-la-promesa\/\" target=\"_blank\" data-vars-ga-outbound-link=\"https:\/\/www.diezminutos.es\/telenovela-la-promesa\/\" data-vars-ga-ux-element=\"Hyperlink\" data-vars-ga-call-to-action=\"La Promesa\" data-node-id=\"7.1\" class=\"body-link css-177bzfx emevuu60\" rel=\"nofollow noopener\">La Promesa<\/a>&#8216;, el inesperado regreso de Lorenzo desata el caos. Todos tiemblan ante la amenaza que representa su vuelta. Curro y \u00c1ngela viven aterrados, sabiendo que su enemigo ha regresado por venganza. Adem\u00e1s, el capit\u00e1n consigue forzar las cosas para provocar la ira de Curro, \u00a1y est\u00e1 a punto de conseguirlo! Manuel comunica a To\u00f1o y Enora las intenciones de Pedro Farr\u00e9 de comprar sus acciones. Estos discrepan sobre qu\u00e9 camino debe tomar Manuel. \u00bfCu\u00e1l ser\u00e1 la decisi\u00f3n final? <\/p>\n<p><img draggable=\"true\" alt=\"la promesa catalina y martina\" title=\"la promesa catalina y martina\" loading=\"lazy\" width=\"1200\" height=\"800\" decoding=\"async\" data-nimg=\"1\" style=\"color:transparent;width:100%;height:auto;\"   src=\"https:\/\/www.europesays.com\/es\/wp-content\/uploads\/2025\/08\/promesa-2-68ad8694c615c.jpeg\" class=\"css-0 e1g79fud0\"\/><\/p>\n<p>Productora<\/p>\n<p>Martina y Catalina enfrentan una noticia inesperada en &#8216;La Promesa&#8217;<\/p>\n<p data-journey-content=\"true\" data-node-id=\"11\" class=\"css-i9p093 emevuu60\">Pero no es el \u00fanico frente abierto de To\u00f1o: duda sobre su relaci\u00f3n con Enora al saber que Simona y Candela conocen la verdad sobre su matrimonio. P\u00eda y Ricardo enfrentan un ultim\u00e1tum de Crist\u00f3bal: uno de los dos debe abandonar La Promesa. Por su parte, Martina y Catalina no tienen buenas noticias tras haber hablado con el bar\u00f3n de Valladares\u2026 De forma inesperada, Vera recibe una visita que lo cambia todo: \u00a1su hermano Federico!<\/p>\n<p><img src=\"https:\/\/www.europesays.com\/es\/wp-content\/uploads\/2025\/08\/1756244109_650_43af9b8f-983e-4e74-8e74-9a7479b0966b_1681831601.file\" alt=\"Headshot of Pilar Mart\u00ednez\" title=\"Headshot of Pilar Mart\u00ednez\" width=\"100%\" height=\"100%\" decoding=\"async\" loading=\"lazy\" class=\"css-o0wq4v ev8dhu53\"\/><\/p>\n<p>Pilar Mart\u00ednez es periodista especializada en contenidos de televisi\u00f3n y cultura, se gradu\u00f3 en la carrera en Periodismo en la Facultad de Ciencias de la Informaci\u00f3n (Universidad Complutense de Madrid) en el a\u00f1o 2018. Desde entonces ha pasado por las redacciones de Ecoteuve (El Economista), donde realiz\u00f3 sus primeras pr\u00e1cticas durante el verano del 2016.<\/p>\n<p>Posteriormente, concretamente, en el a\u00f1o 2017 se pas\u00f3 al grupo Hearst Espa\u00f1a, donde comenz\u00f3 su andadura en las revistas de televisi\u00f3n: Supertele, Teleprograma, Telenovela. Ahora colabora con Diez Minutos, en su versi\u00f3n web, donde se encarga de realizar los avances semanales de las ficciones diarias de moda, as\u00ed como entrevistas y art\u00edculos sobre los melodramas o telenovelas que aterrizan en nuestro pa\u00eds y aquellos que est\u00e1n por venir.<\/p>\n<p>Toda una cazadora de exclusivas. A esto, se suma su puesto como redactora jefe de la secci\u00f3n de novela narrativa en la revista Culturamas, medio digital de alto impacto al que lleva unida desde el a\u00f1o 2013. \u00c1vida lectora, cin\u00e9fila y seri\u00e9fila de primer nivel, ha hecho de su vocaci\u00f3n su oficio. \u00a0<\/p>\n","protected":false},"excerpt":{"rendered":"En el cap\u00edtulo de ayer en &#8216;La Promesa&#8217;, Enora pide explicaciones a To\u00f1o sobre la relaci\u00f3n con su&hellip;\n","protected":false},"author":2,"featured_media":74341,"comment_status":"","ping_status":"","sticky":false,"template":"","format":"standard","meta":{"footnotes":""},"categories":[171],"tags":[253,146,147,25,24,23,214],"class_list":{"0":"post-74340","1":"post","2":"type-post","3":"status-publish","4":"format-standard","5":"has-post-thumbnail","7":"category-tv","8":"tag-discover","9":"tag-entertainment","10":"tag-entretenimiento","11":"tag-es","12":"tag-espana","13":"tag-spain","14":"tag-tv"},"share_on_mastodon":{"url":"","error":""},"_links":{"self":[{"href":"https:\/\/www.europesays.com\/es\/wp-json\/wp\/v2\/posts\/74340","targetHints":{"allow":["GET"]}}],"collection":[{"href":"https:\/\/www.europesays.com\/es\/wp-json\/wp\/v2\/posts"}],"about":[{"href":"https:\/\/www.europesays.com\/es\/wp-json\/wp\/v2\/types\/post"}],"author":[{"embeddable":true,"href":"https:\/\/www.europesays.com\/es\/wp-json\/wp\/v2\/users\/2"}],"replies":[{"embeddable":true,"href":"https:\/\/www.europesays.com\/es\/wp-json\/wp\/v2\/comments?post=74340"}],"version-history":[{"count":0,"href":"https:\/\/www.europesays.com\/es\/wp-json\/wp\/v2\/posts\/74340\/revisions"}],"wp:featuredmedia":[{"embeddable":true,"href":"https:\/\/www.europesays.com\/es\/wp-json\/wp\/v2\/media\/74341"}],"wp:attachment":[{"href":"https:\/\/www.europesays.com\/es\/wp-json\/wp\/v2\/media?parent=74340"}],"wp:term":[{"taxonomy":"category","embeddable":true,"href":"https:\/\/www.europesays.com\/es\/wp-json\/wp\/v2\/categories?post=74340"},{"taxonomy":"post_tag","embeddable":true,"href":"https:\/\/www.europesays.com\/es\/wp-json\/wp\/v2\/tags?post=74340"}],"curies":[{"name":"wp","href":"https:\/\/api.w.org\/{rel}","templated":true}]}}