{"id":743418,"date":"2026-09-02T05:49:22","date_gmt":"2026-09-02T05:49:22","guid":{"rendered":"https:\/\/www.europesays.com\/es\/743418\/"},"modified":"2026-09-02T05:49:22","modified_gmt":"2026-09-02T05:49:22","slug":"la-foto-de-la-orla-de-dos-de-los-actores-mas-famosos-de-espana-en-la-ugr-dani-rovira-y-salva-reina","status":"publish","type":"post","link":"https:\/\/www.europesays.com\/es\/743418\/","title":{"rendered":"La foto de la orla de dos de los actores m\u00e1s famosos de Espa\u00f1a en la UGR: Dani Rovira y Salva Reina"},"content":{"rendered":"<p><img decoding=\"async\" class=\"v-ath__i\" loading=\"lazy\" src=\"https:\/\/www.europesays.com\/es\/wp-content\/uploads\/2026\/09\/autor-407-foto-3.png\" alt=\"Camilo \u00c1lvarez\"\/><\/p>\n<p>01\/09\/2026<\/p>\n<p>Actualizado a las 19:44h.<\/p>\n<p class=\"v-d-p\" style=\"\">Dos j\u00f3venes malague\u00f1os vinieron a estudiar a Granada. Se formaron en la facultad de Ciencias de la Actividad F\u00edsica y del Deporte. Uno lleg\u00f3 en 1997, otro un a\u00f1o despu\u00e9s. Ambos compart\u00edan un sue\u00f1o paralelo que poco ten\u00eda que ver con esta formaci\u00f3n universitaria. Y ambos acabaron cumpliendo ese sue\u00f1o.<\/p>\n<p class=\"v-d-p\" style=\"\">Dani Rovira es uno de los grandes artistas en Espa\u00f1a. De sus mon\u00f3logos y sus cuentacuentos en peque\u00f1os locales de Granada mientras, precisamente, estudiaba en la UGR, a convertirse en un referente del humor y ser uno de los actores m\u00e1s reconocibles en Espa\u00f1a. Pas\u00f3 por la ciudad entre 1998 y 2003 para graduarse en la UGR y, siempre que puede, sin un motivo profesional de por medio, se escapa a Granada, un lugar que lo marc\u00f3 para siempre y en el que es feliz.<\/p>\n<p class=\"v-d-p\" style=\"\">A Salva Reina le ocurre algo similar. Tampoco lo de ser profesor de Educaci\u00f3n F\u00edsica le acaba de llenar y, mientras se formaba, iba dando forma a su carrera actoral. Ya hace tiempo que se asent\u00f3 en el panorama art\u00edstico nacional, pero su gran papel, el que le dio el Goya, le llev\u00f3 precisamente a Granada. Felip\u00edn, un vecino y emigrante malague\u00f1o en la Barcelona de los a\u00f1os 60 en la pel\u00edcula &#8216;El 47&#8217;, lo catapult\u00f3 directo al Palacio de Congresos, donde en febrero de 2025 se entregaron los Premios Goya. \u00ab\u00bfPero esto qu\u00e9 pollas es?\u00bb, grit\u00f3 en el atril al recibir la estatuilla, pues nadie tuvo que explicarle d\u00f3nde estaba y lo que significa Granada para \u00e9l.<\/p>\n<p class=\"v-d-p\" style=\"\">La Universidad de Granada ha compartido ahora las fotos de sus orlas. En ellas se puede ver a dos j\u00f3venes Dani Rovira y Salva Reina con el &#8216;azul UGR&#8217; y unos cuantos a\u00f1os menos.<\/p>\n","protected":false},"excerpt":{"rendered":"01\/09\/2026 Actualizado a las 19:44h. Dos j\u00f3venes malague\u00f1os vinieron a estudiar a Granada. Se formaron en la facultad&hellip;\n","protected":false},"author":2,"featured_media":743419,"comment_status":"","ping_status":"","sticky":false,"template":"","format":"standard","meta":{"footnotes":""},"categories":[174],"tags":[1014,255,1996,1563,146,147,25,24,256,19676,48188,10717,51098,10439,23,11722],"class_list":["post-743418","post","type-post","status-publish","format-standard","has-post-thumbnail","category-famosos","tag-actores","tag-celebrities","tag-dani","tag-dos","tag-entertainment","tag-entretenimiento","tag-es","tag-espana","tag-famosos","tag-foto","tag-orla","tag-reina","tag-rovira","tag-salva","tag-spain","tag-ugr"],"share_on_mastodon":{"url":"https:\/\/pubeurope.com\/@es\/117199882053257456","error":""},"_links":{"self":[{"href":"https:\/\/www.europesays.com\/es\/wp-json\/wp\/v2\/posts\/743418","targetHints":{"allow":["GET"]}}],"collection":[{"href":"https:\/\/www.europesays.com\/es\/wp-json\/wp\/v2\/posts"}],"about":[{"href":"https:\/\/www.europesays.com\/es\/wp-json\/wp\/v2\/types\/post"}],"author":[{"embeddable":true,"href":"https:\/\/www.europesays.com\/es\/wp-json\/wp\/v2\/users\/2"}],"replies":[{"embeddable":true,"href":"https:\/\/www.europesays.com\/es\/wp-json\/wp\/v2\/comments?post=743418"}],"version-history":[{"count":0,"href":"https:\/\/www.europesays.com\/es\/wp-json\/wp\/v2\/posts\/743418\/revisions"}],"wp:featuredmedia":[{"embeddable":true,"href":"https:\/\/www.europesays.com\/es\/wp-json\/wp\/v2\/media\/743419"}],"wp:attachment":[{"href":"https:\/\/www.europesays.com\/es\/wp-json\/wp\/v2\/media?parent=743418"}],"wp:term":[{"taxonomy":"category","embeddable":true,"href":"https:\/\/www.europesays.com\/es\/wp-json\/wp\/v2\/categories?post=743418"},{"taxonomy":"post_tag","embeddable":true,"href":"https:\/\/www.europesays.com\/es\/wp-json\/wp\/v2\/tags?post=743418"}],"curies":[{"name":"wp","href":"https:\/\/api.w.org\/{rel}","templated":true}]}}