{"id":743424,"date":"2026-09-02T05:53:17","date_gmt":"2026-09-02T05:53:17","guid":{"rendered":"https:\/\/www.europesays.com\/es\/743424\/"},"modified":"2026-09-02T05:53:17","modified_gmt":"2026-09-02T05:53:17","slug":"el-precioso-pueblo-de-alicante-en-el-que-han-veraneado-los-jonas-brothers-estaba-lleno-de-holandeses","status":"publish","type":"post","link":"https:\/\/www.europesays.com\/es\/743424\/","title":{"rendered":"El precioso pueblo de Alicante en el que han veraneado los Jonas Brothers: \u00abEstaba lleno de holandeses\u00bb"},"content":{"rendered":"<p class=\"c-paragraph\"><b>Espa\u00f1a atrae a miles de famosos<\/b> durante los meses de verano, por lo que es habitual ver entre junio y agosto a multitud de rostros conocidos disfrutando de unos d\u00edas en las <a href=\"https:\/\/www.20minutos.es\/viajes\/destinos\/cosas-imprescindibles-debes-hacer-viajas-mallorca-verano-lonely-planet_7021154_0.html\" title=\"Las cosas imprescindibles que debes hacer si viajas a Mallorca este verano seg\u00fan &#039;Lonely Planet&#039;\" rel=\"nofollow noopener\" target=\"_blank\">Islas Baleares,<\/a> las Islas Canarias o la Costa del Sol, entre otros destinos. Cantantes, estrellas de Hollywood o pol\u00edticos escogen el territorio espa\u00f1ol para sus vacaciones estivales, y uno de los \u00faltimos en hacerlo <b>ha sido Joe Jonas.<\/b><\/p>\n<p class=\"c-paragraph\">El miembro de los Jonas Brothers ha disfrutado de unos d\u00edas en Espa\u00f1a, en concreto en uno de los <b>municipios m\u00e1s tur\u00edsticos de la Comunidad Valenciana, como es J\u00e1vea, <\/b>en Alicante. Esta preciosa localidad de la <a href=\"https:\/\/www.20minutos.es\/viajes\/destinos\/altea-javea-pueblo-bonito-alicante-desconocen-turistas-lado-mejores-playas-espana_5725468_0.html\" title=\"Ni Altea ni J\u00e1vea: el precioso pueblo de Alicante que todav\u00eda no conocen los turistas y est\u00e1 al lado de las mejores playas\" rel=\"nofollow noopener\" target=\"_blank\">Costa Blanca<\/a> ofrece <b>joyas arquitect\u00f3nicas, tranquilidad y preciosas calas<\/b> a partes iguales, aunque hay un aspecto que al protagonista de Camp Rock no le ha pasado desapercibido durante su estancia en el pueblo.<\/p>\n<p>J\u00e1vea, el pueblo donde Joe Jonas ha pasado las vacaciones<\/p>\n<p class=\"c-paragraph\">Joe Jonas, en el p\u00f3dcast que presenta junto a sus hermanos Kevin y Nick, recalc\u00f3 la <b>notable presencia de turistas procedentes de Pa\u00edses Bajos<\/b> que hab\u00eda en J\u00e1vea, aunque la <a href=\"https:\/\/www.20minutos.es\/viajes\/destinos\/destinos-viajar-2026-ciudad-europa-poco-conocida-paises-bajos-utrecht_6680853_0.html\" title=\"La ciudad europea poco visitada que est\u00e1 entre los mejores destinos para viajar en 2026\" rel=\"nofollow noopener\" target=\"_blank\">comunidad neerlandesa<\/a> no impidi\u00f3 al cantante disfrutar de unas <b>jornadas alucinantes a orillas del Mediterr\u00e1neo<\/b> junto a su familia, dando paseos en barco en la costa de la localidad y en el <b>cabo de la Nao,<\/b> uno de los puntos m\u00e1s emblem\u00e1ticos de Alicante.<\/p>\n<p class=\"c-paragraph\">Durante su estancia en la <a href=\"https:\/\/www.20minutos.es\/viajes\/destino-turistico-espanol-mirror-recomienda-visitar-compara-playas-rio-janeiro-5689256\/\" title=\"El destino tur\u00edstico espa\u00f1ol que el &#039;Mirror&#039; recomienda visitar y compara con las playas de R\u00edo de Janeiro\" rel=\"nofollow noopener\" target=\"_blank\">comarca de Marina Alta,<\/a> los hermanos pudieron deleitarse no solo con las<b> calas que se esconden en los alrededores<\/b> de J\u00e1vea, sino tambi\u00e9n con los <b>rincones encantadores que se ocultan en el casco hist\u00f3rico<\/b> del pueblo. Eso s\u00ed, para tener m\u00e1s privacidad y no ser molestados constantemente, tanto Joe como su s\u00e9quito se alojaron en una lujosa villa apartada del bullicioso centro urbano de la localidad.<\/p>\n<p>Qu\u00e9 ver en J\u00e1vea<\/p>\n<p class=\"c-paragraph\">Lo que m\u00e1s <a href=\"https:\/\/www.20minutos.es\/viajes\/destinos\/pueblo-espana-javea-australianos-mueren-conocer-vogue-australia_6914261_0.html\" title=\"El pueblo de Espa\u00f1a que los australianos se &#039;mueren&#039; por conocer, seg\u00fan &#039;Vogue Australia&#039;\" rel=\"nofollow noopener\" target=\"_blank\">llama la atenci\u00f3n de J\u00e1vea<\/a> a los turistas internacionales son sus calas, pero la realidad es que este municipio alicantino est\u00e1 <b>repleto de joyas de todo tipo, <\/b>desde edificios tan incre\u00edbles como la<b> Iglesia de San Bartolom\u00e9<\/b> a puntos tan bonitos como el puerto o el Museo Arqueol\u00f3gico y Etnogr\u00e1fico, siempre sin olvidar los espectaculares enclaves costeros que hay en ella, como la conocida <b>Cala Granadella o la playa de El Arenal,<\/b> que dejan encantados a cualquiera que pone un pie en ellos.<\/p>\n","protected":false},"excerpt":{"rendered":"Espa\u00f1a atrae a miles de famosos durante los meses de verano, por lo que es habitual ver entre&hellip;\n","protected":false},"author":2,"featured_media":743425,"comment_status":"","ping_status":"","sticky":false,"template":"","format":"standard","meta":{"footnotes":""},"categories":[170],"tags":[2206,42595,146,147,25,24,27050,20229,9513,184,185,267,23],"class_list":["post-743424","post","type-post","status-publish","format-standard","has-post-thumbnail","category-musica","tag-alicante","tag-costa-blanca","tag-entertainment","tag-entretenimiento","tag-es","tag-espana","tag-javea","tag-joe-jonas","tag-jonas-brothers","tag-music","tag-musica","tag-planseo","tag-spain"],"share_on_mastodon":{"url":"https:\/\/pubeurope.com\/@es\/117199897063427586","error":""},"_links":{"self":[{"href":"https:\/\/www.europesays.com\/es\/wp-json\/wp\/v2\/posts\/743424","targetHints":{"allow":["GET"]}}],"collection":[{"href":"https:\/\/www.europesays.com\/es\/wp-json\/wp\/v2\/posts"}],"about":[{"href":"https:\/\/www.europesays.com\/es\/wp-json\/wp\/v2\/types\/post"}],"author":[{"embeddable":true,"href":"https:\/\/www.europesays.com\/es\/wp-json\/wp\/v2\/users\/2"}],"replies":[{"embeddable":true,"href":"https:\/\/www.europesays.com\/es\/wp-json\/wp\/v2\/comments?post=743424"}],"version-history":[{"count":0,"href":"https:\/\/www.europesays.com\/es\/wp-json\/wp\/v2\/posts\/743424\/revisions"}],"wp:featuredmedia":[{"embeddable":true,"href":"https:\/\/www.europesays.com\/es\/wp-json\/wp\/v2\/media\/743425"}],"wp:attachment":[{"href":"https:\/\/www.europesays.com\/es\/wp-json\/wp\/v2\/media?parent=743424"}],"wp:term":[{"taxonomy":"category","embeddable":true,"href":"https:\/\/www.europesays.com\/es\/wp-json\/wp\/v2\/categories?post=743424"},{"taxonomy":"post_tag","embeddable":true,"href":"https:\/\/www.europesays.com\/es\/wp-json\/wp\/v2\/tags?post=743424"}],"curies":[{"name":"wp","href":"https:\/\/api.w.org\/{rel}","templated":true}]}}