{"id":743428,"date":"2026-09-02T05:55:16","date_gmt":"2026-09-02T05:55:16","guid":{"rendered":"https:\/\/www.europesays.com\/es\/743428\/"},"modified":"2026-09-02T05:55:16","modified_gmt":"2026-09-02T05:55:16","slug":"la-portada-sport-de-hoy-miercoles-2-de-septiembre-de-2026","status":"publish","type":"post","link":"https:\/\/www.europesays.com\/es\/743428\/","title":{"rendered":"La portada SPORT de hoy, mi\u00e9rcoles 2 de septiembre de 2026"},"content":{"rendered":"<p class=\"ft-text\">\u201c<strong>Cuando el Bar\u00e7a me llam\u00f3, me emocion\u00e9<\/strong>\u201d es el gran titular de la portada de SPORT de hoy, <strong>2 de septiembre de 2026<\/strong>. El <strong>FC Barcelona<\/strong> presenta a <strong>Gabriel Jesus<\/strong> como nuevo jugador azulgrana, en una incorporaci\u00f3n que refuerza de manera importante el ataque del conjunto cul\u00e9. El delantero brasile\u00f1o se mostr\u00f3 especialmente ilusionado con esta nueva etapa y dej\u00f3 claro que sus problemas f\u00edsicos ya han quedado atr\u00e1s: \u201c<strong>Mis problemas de rodilla son parte del pasado; estoy listo para darlo todo<\/strong>\u201d.<\/p>\n<p><img decoding=\"async\" src=\"https:\/\/www.europesays.com\/es\/wp-content\/uploads\/2026\/09\/3f533e6b-feac-4a01-9a31-c0b53a490605_alta-libre-aspect-ratio_default_0_x853y699.jpg\" width=\"1200\" height=\"1474\" alt=\"La portada SPORT de este mi\u00e9rcoles\" class=\"ft-helper-img-rd\" loading=\"lazy\" fetchpriority=\"auto\"\/><\/p>\n<p class=\"ft-helper-fontColor-quaternary ft-helper-fontSize-body-S ft-helper-spacer-t-xxs\">La portada SPORT de este mi\u00e9rcoles  \/ SPORT.es<\/p>\n<p class=\"ft-text\">El atacante firma por <strong>tres temporadas, hasta junio de 2029<\/strong>, y lucir\u00e1 el <strong>dorsal \u20189\u2019<\/strong>, asumiendo as\u00ed un papel protagonista en la delantera blaugrana. Gabriel Jesus llega dispuesto a recuperar su mejor versi\u00f3n y afrontar con ambici\u00f3n un reto que, seg\u00fan reconoce, le gener\u00f3 una enorme emoci\u00f3n desde el momento en que recibi\u00f3 la llamada del Bar\u00e7a.<\/p>\n<p class=\"ft-text\">En el cap\u00edtulo de salidas, <strong>Marc Casad\u00f3 jugar\u00e1 cedido en el Deportivo<\/strong>. El centrocampista azulgrana se marcha a pr\u00e9stamo al conjunto gallego, que contar\u00e1 con una <strong>opci\u00f3n de compra de 30 millones de euros<\/strong>. Una operaci\u00f3n importante dentro de los \u00faltimos movimientos del mercado y que permitir\u00e1 al futbolista disponer de continuidad y protagonismo lejos del Camp Nou.<\/p>\n<p class=\"ft-text\">El <strong>mercado de fichajes<\/strong> tambi\u00e9n deja movimientos destacados en Europa. <strong>Jonathan David pone rumbo al Atl\u00e9tico de Madrid<\/strong>, mientras que el <strong>Manchester City paga 145 millones por Enzo Fern\u00e1ndez<\/strong>, una cifra que convierte la operaci\u00f3n en una de las grandes bombas de este mercado.<\/p>\n<p class=\"ft-text\">En <strong>MotoGP<\/strong>, <strong>Jorge Mart\u00edn<\/strong> analiza la lucha por el campeonato y reconoce que \u201c<strong>ser\u00e1 especial pelearle el t\u00edtulo a Marc M\u00e1rquez<\/strong>\u201d. El piloto afronta con m\u00e1xima motivaci\u00f3n un duelo que promete convertirse en uno de los grandes focos de atenci\u00f3n de la temporada.<\/p>\n<p class=\"ft-text\">Por su parte, el <strong>Bar\u00e7a de baloncesto<\/strong> da por cerrada su plantilla con la incorporaci\u00f3n de <strong>Justin Minaya<\/strong>, que se convierte en el <strong>und\u00e9cimo fichaje del verano<\/strong>. Adem\u00e1s, SPORT entrevista a <strong>Berni \u00c1lvarez<\/strong>, quien reivindica un mayor apoyo institucional al deporte catal\u00e1n: \u201c<strong>El deportista catal\u00e1n se merece m\u00e1s ayudas<\/strong>\u201d.<\/p>\n","protected":false},"excerpt":{"rendered":"\u201cCuando el Bar\u00e7a me llam\u00f3, me emocion\u00e9\u201d es el gran titular de la portada de SPORT de hoy,&hellip;\n","protected":false},"author":2,"featured_media":743429,"comment_status":"","ping_status":"","sticky":false,"template":"","format":"standard","meta":{"footnotes":""},"categories":[93],"tags":[10903,2296,168,25,24,315,295,338,23,3020,167],"class_list":["post-743428","post","type-post","status-publish","format-standard","has-post-thumbnail","category-deportes","tag-10903","tag-barca","tag-deportes","tag-es","tag-espana","tag-hoy","tag-miercoles","tag-portada","tag-spain","tag-sport","tag-sports"],"share_on_mastodon":{"url":"https:\/\/pubeurope.com\/@es\/117199905298644130","error":""},"_links":{"self":[{"href":"https:\/\/www.europesays.com\/es\/wp-json\/wp\/v2\/posts\/743428","targetHints":{"allow":["GET"]}}],"collection":[{"href":"https:\/\/www.europesays.com\/es\/wp-json\/wp\/v2\/posts"}],"about":[{"href":"https:\/\/www.europesays.com\/es\/wp-json\/wp\/v2\/types\/post"}],"author":[{"embeddable":true,"href":"https:\/\/www.europesays.com\/es\/wp-json\/wp\/v2\/users\/2"}],"replies":[{"embeddable":true,"href":"https:\/\/www.europesays.com\/es\/wp-json\/wp\/v2\/comments?post=743428"}],"version-history":[{"count":0,"href":"https:\/\/www.europesays.com\/es\/wp-json\/wp\/v2\/posts\/743428\/revisions"}],"wp:featuredmedia":[{"embeddable":true,"href":"https:\/\/www.europesays.com\/es\/wp-json\/wp\/v2\/media\/743429"}],"wp:attachment":[{"href":"https:\/\/www.europesays.com\/es\/wp-json\/wp\/v2\/media?parent=743428"}],"wp:term":[{"taxonomy":"category","embeddable":true,"href":"https:\/\/www.europesays.com\/es\/wp-json\/wp\/v2\/categories?post=743428"},{"taxonomy":"post_tag","embeddable":true,"href":"https:\/\/www.europesays.com\/es\/wp-json\/wp\/v2\/tags?post=743428"}],"curies":[{"name":"wp","href":"https:\/\/api.w.org\/{rel}","templated":true}]}}