{"id":743432,"date":"2026-09-02T05:57:15","date_gmt":"2026-09-02T05:57:15","guid":{"rendered":"https:\/\/www.europesays.com\/es\/743432\/"},"modified":"2026-09-02T05:57:15","modified_gmt":"2026-09-02T05:57:15","slug":"el-planazo-de-pelicula-de-penelope-cruz-en-los-angeles-con-su-hermano-eduardo-y-sus-hijos","status":"publish","type":"post","link":"https:\/\/www.europesays.com\/es\/743432\/","title":{"rendered":"El planazo de pel\u00edcula de Pen\u00e9lope Cruz en Los \u00c1ngeles con su hermano Eduardo y sus hijos"},"content":{"rendered":"<p id=\"elBtxpi95r\" data-wc=\"109\">Entre atracci\u00f3n y atracci\u00f3n, las calles de Universal Studios Hollywood se convirtieron por un d\u00eda en el escenario de una bonita reuni\u00f3n familiar. Aprovechando una pausa en el rodaje de su nueva pel\u00edcula, Par\u00eds Paramount, <a class=\"hm-link ho-link\" href=\"https:\/\/www.hola.com\/belleza\/20260901920976\/penelope-cruz-pelo-corto-flequillo-mechas-cobrizas-melena-castana-otono\/\" data-mrf-recirculation=\"article-body-link\" rel=\"nofollow noopener\" target=\"_blank\">Pen\u00e9lope Cruz decidi\u00f3 regalarse<\/a> una divertida jornada de desconexi\u00f3n en el<strong>\u00a0famoso parque tem\u00e1tico californiano<\/strong>. La actriz no estuvo sola en esta escapada: acudi\u00f3 acompa\u00f1ada por sus dos hijos, Leo y Luna, de quince y trece a\u00f1os, y por su hermano menor, Eduardo. Esta c\u00e1lida estampa en la Costa Oeste llega como el broche de oro a unos meses vertiginosos para la int\u00e9rprete, que se prepara para una rentr\u00e9e profesional por todo lo alto.\u00a0<\/p>\n<p>  <img src=\"https:\/\/www.europesays.com\/es\/wp-content\/uploads\/2026\/09\/0d37fca12d23-u616732003cut.jpg\"   width=\"2500\" height=\"3750\" loading=\"lazy\" decoding=\"async\" alt=\"Pen\u00e9lope Cruz aprovech\u00f3 un descanso en el rodaje de su nueva pel\u00edcula, 'Par\u00eds Paramount', para disfrutar de una divertida jornada familiar en el famoso parque tem\u00e1tico de Los \u00c1ngeles\" fetchpriority=\"auto\" class=\"image ho-image\"\/>\u00a9 GTRESPen\u00e9lope Cruz aprovech\u00f3 un descanso en el rodaje de su nueva pel\u00edcula, &#8216;Par\u00eds Paramount&#8217;, para disfrutar de una divertida jornada familiar en el famoso parque tem\u00e1tico de Los \u00c1ngeles<\/p>\n<p id=\"et6Ml2vAzNm\" data-wc=\"70\">Por un lado, encara <a class=\"hm-link ho-link\" href=\"https:\/\/www.hola.com\/actualidad\/20250519832850\/penelope-cruz-los-javis-nueva-pelicula-la-bola-negra\/\" data-mrf-recirculation=\"article-body-link\" rel=\"nofollow noopener\" target=\"_blank\">el estreno, el 25 de septiembre, de La bola negra,\u00a0<\/a>el esperado largometraje de los Javis donde desempolv\u00f3 sus <strong>18 a\u00f1os de formaci\u00f3n en<\/strong><strong>\u00a0ballet<\/strong>\u00a0y super\u00f3 sus miedos esc\u00e9nicos al interpretar a una cupletista. Por otro lado, volver\u00e1 a compartir cartelera con su marido, Javier Bardem, en Bunker, la nueva producci\u00f3n del franc\u00e9s Florian Zeller, que competir\u00e1 en la secci\u00f3n oficial del Festival de Venecia.<\/p>\n<p>Eduardo, el hermano de Pen\u00e9lope, centrado en sus proyectos y su hijo Cairo<\/p>\n<p id=\"e_qV_I2cEC\" data-wc=\"90\">Por su parte, Eduardo, afincado en la<strong>\u00a0meca del cine desde hace dos d\u00e9cadas<\/strong>, fue el perfecto anfitri\u00f3n de la jornada. El m\u00fasico y compositor atraviesa una etapa de profundos cambios, tras conocerse los rumores de distanciamiento de<a class=\"hm-link ho-link\" href=\"https:\/\/www.hola.com\/actualidad\/20230325228555\/eva-de-dominici-la-chica-de-la-limpieza-protagonista-serie\/\" data-mrf-recirculation=\"article-body-link\" rel=\"nofollow noopener\" target=\"_blank\">\u00a0la actriz argentina Eva de Dominici\u00a0<\/a>\u2014madre de su hijo, Cairo, de seis a\u00f1os\u2014, pero en lo profesional vive un momento inmejorable. Volcado en la producci\u00f3n cinematogr\u00e1fica con su nueva compa\u00f1\u00eda, NIMOA, trabaja ya en la adaptaci\u00f3n de la novela D\u00edas de abandono, un ambicioso proyecto que estar\u00e1 dirigido por Isabel Coixet.<\/p>\n<p>  <img src=\"https:\/\/www.europesays.com\/es\/wp-content\/uploads\/2026\/09\/a098d621a2da-u616732019.jpg\"   width=\"2500\" height=\"3192\" loading=\"lazy\" decoding=\"async\" alt=\"La actriz junto a su hijo, Leo, de 15 a\u00f1os, y su hermano, Eduardo, afincado en la meca del cine desde hace dos d\u00e9cadas\" fetchpriority=\"auto\" class=\"image ho-image\"\/>\u00a9 GTRESLa actriz junto a su hijo, Leo, de 15 a\u00f1os, y su hermano, Eduardo, afincado en la meca del cine desde hace dos d\u00e9cadas<\/p>\n<p id=\"eH4n7syTve\" data-wc=\"81\">La informaci\u00f3n sobre el posible distanciamiento fue revelada por el periodista argentino \u00c1ngel de Brito en el programa LAM, en el que la actriz en pleno directo no desminti\u00f3 la informaci\u00f3n, limit\u00e1ndose a contestar <strong>\u201cno quiero hablar de mi familia ahora\u201d.<\/strong> La actriz argentina y el m\u00fasico espa\u00f1ol, que hab\u00eda sido a\u00f1os antes novio de Eva Longoria, se conocieron durante uno de los viajes que hac\u00eda Eva a Estados Unidos en 2018, cuando se enamoraron y comenzaron a construir su historia.\u00a0<\/p>\n<p id=\"e4E4EfgDfyn\" data-wc=\"58\">A pesar de los rumores, <a class=\"hm-link ho-link\" href=\"https:\/\/www.hola.com\/actualidad\/20251007860184\/asi-ha-celebrado-eduardo-cruz-hermano-de-penelope-el-cumpleanos-de-su-hijo\/\" data-mrf-recirculation=\"article-body-link\" rel=\"nofollow noopener\" target=\"_blank\">Eduardo est\u00e1 volcado en su vida en Los \u00c1ngeles,<\/a> disfrutando del tiempo de calidad en familia y centrado en su peque\u00f1o. As\u00ed es como, en su \u00faltimo cumplea\u00f1os quiso dedicarle unas palabras de forma p\u00fablica \u00abQu\u00e9 alegr\u00eda verte crecer y descubrir la <strong>personita incre\u00edble en la que te est\u00e1s convirtiendo<\/strong>\u00ab, afirm\u00f3 el m\u00fasico.\u00a0<\/p>\n<p>Pen\u00e9lope Cruz: planes en familia junto a sus dos hijos Leo y Luna<\/p>\n<p id=\"edEBi_2RNOR\" data-wc=\"89\">El matrimonio formado por <a class=\"hm-link ho-link\" href=\"https:\/\/www.hola.com\/actualidad\/20260706911089\/penelope-cruz-inesperada-confesion-javier-bardem-16-aniversario-matrimonio\/\" data-mrf-recirculation=\"article-body-link\" rel=\"nofollow noopener\" target=\"_blank\">Pen\u00e9lope Cruz y Javier Bardem<\/a>-que este julio cumplieron 16 a\u00f1os de casados- siempre ha tratado de mantener la intimidad y privacidad de sus hijos de forma muy estricta. El actor ha mostrado en numerosas ocasiones su<strong>\u00a0compromiso con la crianza de sus hijos<\/strong>, su privacidad y el amor que siente por ellos. As\u00ed es como, en una entrevista a la revista Esquire\u00a0afirm\u00f3 que \u00abintenta ser el <strong>padre presente<\/strong> que \u00e9l mismo no pudo tener\u00bb, admitiendo que \u00abestar lejos de ellos <strong>le duele incluso f\u00edsicamente\u00bb<\/strong>.\u00a0<\/p>\n<p id=\"euu9lmoCmw3\" data-wc=\"49\">Sin embargo, alguna vez Pen\u00e9lope <a class=\"hm-link ho-link\" href=\"https:\/\/www.hola.com\/actualidad\/20250904853866\/penelope-cruz-comparte-lo-orgullosa-que-esta-de-su-hijo-leo\/\" data-mrf-recirculation=\"article-body-link\" rel=\"nofollow noopener\" target=\"_blank\">ha mostrado lo orgullosa que est\u00e1 de sus hijos\u00a0<\/a>o compartido alguna reflexi\u00f3n sobre la maternidad. Tambi\u00e9n en eventos multitudinarios como los partidos del mundial el pasado mes de julio, donde los hijos fueron captados disfrutando junto a sus padres como un aficionado m\u00e1s.\u00a0<\/p>\n<p> Te puede interesarSeguir leyendo<\/p>\n","protected":false},"excerpt":{"rendered":"Entre atracci\u00f3n y atracci\u00f3n, las calles de Universal Studios Hollywood se convirtieron por un d\u00eda en el escenario&hellip;\n","protected":false},"author":2,"featured_media":743433,"comment_status":"","ping_status":"","sticky":false,"template":"","format":"standard","meta":{"footnotes":""},"categories":[91],"tags":[3900,517,3899,89575,146,147,25,24,22111,23],"class_list":["post-743432","post","type-post","status-publish","format-standard","has-post-thumbnail","category-entretenimiento","tag-hola","tag-actualidad","tag-contenido-sensible","tag-eduardo-cruz","tag-entertainment","tag-entretenimiento","tag-es","tag-espana","tag-penelope-cruz","tag-spain"],"share_on_mastodon":{"url":"https:\/\/pubeurope.com\/@es\/117199912586321460","error":""},"_links":{"self":[{"href":"https:\/\/www.europesays.com\/es\/wp-json\/wp\/v2\/posts\/743432","targetHints":{"allow":["GET"]}}],"collection":[{"href":"https:\/\/www.europesays.com\/es\/wp-json\/wp\/v2\/posts"}],"about":[{"href":"https:\/\/www.europesays.com\/es\/wp-json\/wp\/v2\/types\/post"}],"author":[{"embeddable":true,"href":"https:\/\/www.europesays.com\/es\/wp-json\/wp\/v2\/users\/2"}],"replies":[{"embeddable":true,"href":"https:\/\/www.europesays.com\/es\/wp-json\/wp\/v2\/comments?post=743432"}],"version-history":[{"count":0,"href":"https:\/\/www.europesays.com\/es\/wp-json\/wp\/v2\/posts\/743432\/revisions"}],"wp:featuredmedia":[{"embeddable":true,"href":"https:\/\/www.europesays.com\/es\/wp-json\/wp\/v2\/media\/743433"}],"wp:attachment":[{"href":"https:\/\/www.europesays.com\/es\/wp-json\/wp\/v2\/media?parent=743432"}],"wp:term":[{"taxonomy":"category","embeddable":true,"href":"https:\/\/www.europesays.com\/es\/wp-json\/wp\/v2\/categories?post=743432"},{"taxonomy":"post_tag","embeddable":true,"href":"https:\/\/www.europesays.com\/es\/wp-json\/wp\/v2\/tags?post=743432"}],"curies":[{"name":"wp","href":"https:\/\/api.w.org\/{rel}","templated":true}]}}