{"id":743436,"date":"2026-09-02T05:59:14","date_gmt":"2026-09-02T05:59:14","guid":{"rendered":"https:\/\/www.europesays.com\/es\/743436\/"},"modified":"2026-09-02T05:59:14","modified_gmt":"2026-09-02T05:59:14","slug":"la-rentabilidad-de-las-letras-del-tesoro-ya-roza-el-3-ante-la-presion-de-la-inflacion","status":"publish","type":"post","link":"https:\/\/www.europesays.com\/es\/743436\/","title":{"rendered":"La rentabilidad de las Letras del Tesoro ya roza el 3 % ante la presi\u00f3n de la inflaci\u00f3n"},"content":{"rendered":"<p class=\"c-paragraph\">Las Letras del Tesoro recuperan atractivo entre los <a href=\"https:\/\/www.heraldo.es\/noticias\/economia\/2026\/08\/05\/ibex-35-prolonga-su-escalada-apuntala-maximos-por-encima-los-20-000-puntos-2042702.html\" title=\"El Ibex-35 prolonga su escalada y apuntala m\u00e1ximos por encima de los 20.000 puntos\" target=\"_blank\" rel=\"nofollow noopener\">ahorradores espa\u00f1oles en un entorno marcado por la subida de los precios.<\/a> El resultado de la subasta de este martes no decepcion\u00f3 las expectativas y la rentabilidad a doce meses roz\u00f3 pr\u00e1cticamente el 3 %, <b>por encima de la que pagan de media los dep\u00f3sitos bancarios a un a\u00f1o y las cuentas corrientes. <\/b>En concreto, la referencia a un a\u00f1o toc\u00f3 el 2,832 %, mientras que el plazo a seis meses escal\u00f3 hasta el 2,623 %. Este repunte llega en un momento especialmente delicado para los mercados, con el precio del petr\u00f3leo por encima de los 92 d\u00f3lares y la inflaci\u00f3n de la eurozona acelerada hasta el 3,3 % en agosto, por lo que el ahorrador que mantenga su dinero en estos t\u00edtulos todav\u00eda no consigue preservar completamente su poder adquisitivo.<\/p>\n","protected":false},"excerpt":{"rendered":"Las Letras del Tesoro recuperan atractivo entre los ahorradores espa\u00f1oles en un entorno marcado por la subida de&hellip;\n","protected":false},"author":2,"featured_media":743437,"comment_status":"","ping_status":"","sticky":false,"template":"","format":"standard","meta":{"footnotes":""},"categories":[80],"tags":[82,95,94,25,24,4207,5131,5591,23,14613,3352],"class_list":["post-743436","post","type-post","status-publish","format-standard","has-post-thumbnail","category-economia","tag-business","tag-economia","tag-economy","tag-es","tag-espana","tag-las","tag-letras","tag-rentabilidad","tag-spain","tag-tesoro","tag-ya"],"share_on_mastodon":{"url":"https:\/\/pubeurope.com\/@es\/117199920467595337","error":""},"_links":{"self":[{"href":"https:\/\/www.europesays.com\/es\/wp-json\/wp\/v2\/posts\/743436","targetHints":{"allow":["GET"]}}],"collection":[{"href":"https:\/\/www.europesays.com\/es\/wp-json\/wp\/v2\/posts"}],"about":[{"href":"https:\/\/www.europesays.com\/es\/wp-json\/wp\/v2\/types\/post"}],"author":[{"embeddable":true,"href":"https:\/\/www.europesays.com\/es\/wp-json\/wp\/v2\/users\/2"}],"replies":[{"embeddable":true,"href":"https:\/\/www.europesays.com\/es\/wp-json\/wp\/v2\/comments?post=743436"}],"version-history":[{"count":0,"href":"https:\/\/www.europesays.com\/es\/wp-json\/wp\/v2\/posts\/743436\/revisions"}],"wp:featuredmedia":[{"embeddable":true,"href":"https:\/\/www.europesays.com\/es\/wp-json\/wp\/v2\/media\/743437"}],"wp:attachment":[{"href":"https:\/\/www.europesays.com\/es\/wp-json\/wp\/v2\/media?parent=743436"}],"wp:term":[{"taxonomy":"category","embeddable":true,"href":"https:\/\/www.europesays.com\/es\/wp-json\/wp\/v2\/categories?post=743436"},{"taxonomy":"post_tag","embeddable":true,"href":"https:\/\/www.europesays.com\/es\/wp-json\/wp\/v2\/tags?post=743436"}],"curies":[{"name":"wp","href":"https:\/\/api.w.org\/{rel}","templated":true}]}}