{"id":743446,"date":"2026-09-02T06:10:20","date_gmt":"2026-09-02T06:10:20","guid":{"rendered":"https:\/\/www.europesays.com\/es\/743446\/"},"modified":"2026-09-02T06:10:20","modified_gmt":"2026-09-02T06:10:20","slug":"xavier-bosch-me-ha-gustado-y-no-me-ha-gustado-4","status":"publish","type":"post","link":"https:\/\/www.europesays.com\/es\/743446\/","title":{"rendered":"Xavier Bosch: me ha gustado y no me ha gustado"},"content":{"rendered":"<p data-gtm-element-container=\"modulo-texto-link\" class=\"paragraph\"><strong>ME HA GUSTADO:\u00a0Brizuela y Parra est\u00e1n que se salen<\/strong><\/p>\n<p data-gtm-element-container=\"modulo-texto-link\" class=\"paragraph\">Espa\u00f1a se ha complicado su clasificaci\u00f3n para el pr\u00f3ximo Mundial de baloncesto. En tres d\u00edas, los de <strong>Chus Mateo<\/strong> han perdido sorprendentemente ante Portugal y salieron derrotados tambi\u00e9n en Grecia, en una pr\u00f3rroga con robo arbitral incorporado. La cuesti\u00f3n es que, en ambos partidos, los mejores anotadores de Espa\u00f1a y los que han tirado del carro en los momentos decisivos han sido los dos \u00fanicos jugadores del Bar\u00e7a: <strong>Joel Parra<\/strong> y<strong> Dar\u00edo Brizuela<\/strong>.\u00a0As\u00ed pues, mientras el Bar\u00e7a de <strong>Xevi Pujol<\/strong> va fichando jugadores y m\u00e1s jugadores (ya vamos por 11), dos de los que siguen en la plantilla se pondr\u00e1n a las \u00f3rdenes de<strong> Sekulic <\/strong>en un gran estado de forma. Tanto el escolta como el alero demuestran que, de haber tenido m\u00e1s minutos en cancha, las cosas le hubieran ido mejor al equipo, tanto con <strong>Pe\u00f1arroya <\/strong>como con <strong>Xavi Pascual<\/strong>.\u00a0Adem\u00e1s, a <strong>Parra <\/strong>y <strong>Brizuela<\/strong>, con tantas caras nuevas, de tantas procedencias distintas, les tocar\u00e1 hacer algo importante fuera de la pista: integrar esos nuevos fichajes para que sepan d\u00f3nde viven, qu\u00e9 es el Palau y qu\u00e9 significa el Bar\u00e7a para tantas personas. Su misi\u00f3n, pues, no solo ser\u00e1 meter puntos y defender. A ambos les tocar\u00e1 dar dos pasos m\u00e1s.<\/p>\n<p><img decoding=\"async\" loading=\"lazy\" alt=\"Spain's Lamine Yamal celebrates with teammate Rodri, left, after scoring his side's opening goal during the World Cup Group H soccer match between Spain and Saudi Arabia in Atlanta, Sunday, June 21, 2026. (AP Photo\/Erik S.Lesser)\" src=\"https:\/\/imagenes2.mundodeportivo.com\/files\/content_image_mobile_filter\/uploads\/2026\/06\/21\/6a381713569a5.jpeg\" data-full-src=\"https:\/\/www.europesays.com\/es\/wp-content\/uploads\/2026\/09\/6a381713569a5.jpeg\"\/>Rodri y Lamine Yamal, dos de los ocho campeones del mundo del Bar\u00e7a\u00a0Erik S.Lesser \/ Ap-LaPresse<\/p>\n<p data-gtm-element-container=\"modulo-texto-link\" class=\"paragraph\"><strong>NO ME HA GUSTADO:\u00a0\u00bfEl homenaje\u00a0para cu\u00e1ndo?<\/strong><\/p>\n<p data-gtm-element-container=\"modulo-texto-link\" class=\"paragraph\">La vida de <strong>Pedri<\/strong>, <strong>Lamine Yamal<\/strong>, <strong>Cubars\u00ed<\/strong>, <strong>Olmo<\/strong>, <strong>Gavi<\/strong>, <strong>Eric<\/strong>,<strong> Joan Garcia<\/strong> y <strong>Rodrigo<\/strong> tiene un punto culminante. La consecuci\u00f3n del Mundial de f\u00fatbol. Es su mayor gesta deportiva. Lo ganaron con Espa\u00f1a, s\u00ed, que es donde juegan porque es su selecci\u00f3n. Es un orgullo para el FC Barcelona que ocho de sus jugadores (entonces estaba <strong>Ferran Torres<\/strong> en lugar de <strong>Rodri<\/strong>) sean campeones del mundo. La prueba es que ah\u00ed, en los \u00faltimos partidos, estaba el presidente <strong>Joan Laporta<\/strong> para animarles, con el escudo de Espa\u00f1a junto al del Bar\u00e7a en la solapa.\u00a0No entiendo que, despu\u00e9s de dos partidos en el Camp Nou, Pedri, Lamine, Cubars\u00ed, Olmo, Gavi, Eric, Joan y Rodri no hayan recibido el aplauso de la afici\u00f3n del Bar\u00e7a por ser campeones del mundo. Ellos tampoco. Cierto que el ambiente ante el Athletic, despu\u00e9s del apaleamiento y detenci\u00f3n del menor con la estelada en los alrededores del Mart\u00ednez Valero en Elche, no era el id\u00f3neo. Pero\u2026 \u00bfy ante el Rayo Vallecano?\u00a0Adem\u00e1s, es rid\u00edculo hacer un acto por los 100 partidos de <strong>Andreas Christensen<\/strong> en el Bar\u00e7a y pasar de los que lograron su mayor gesta en la vida deportiva. C\u00f3mo nos complicamos la vida, en el Bar\u00e7a, a veces. \u00bfEl homenaje, pues, para cu\u00e1ndo?<\/p>\n","protected":false},"excerpt":{"rendered":"ME HA GUSTADO:\u00a0Brizuela y Parra est\u00e1n que se salen Espa\u00f1a se ha complicado su clasificaci\u00f3n para el pr\u00f3ximo&hellip;\n","protected":false},"author":2,"featured_media":743447,"comment_status":"","ping_status":"","sticky":false,"template":"","format":"standard","meta":{"footnotes":""},"categories":[269],"tags":[299,298,168,25,24,23,167],"class_list":["post-743446","post","type-post","status-publish","format-standard","has-post-thumbnail","category-baloncesto","tag-baloncesto","tag-basketball","tag-deportes","tag-es","tag-espana","tag-spain","tag-sports"],"share_on_mastodon":{"url":"https:\/\/pubeurope.com\/@es\/117199964784288850","error":""},"_links":{"self":[{"href":"https:\/\/www.europesays.com\/es\/wp-json\/wp\/v2\/posts\/743446","targetHints":{"allow":["GET"]}}],"collection":[{"href":"https:\/\/www.europesays.com\/es\/wp-json\/wp\/v2\/posts"}],"about":[{"href":"https:\/\/www.europesays.com\/es\/wp-json\/wp\/v2\/types\/post"}],"author":[{"embeddable":true,"href":"https:\/\/www.europesays.com\/es\/wp-json\/wp\/v2\/users\/2"}],"replies":[{"embeddable":true,"href":"https:\/\/www.europesays.com\/es\/wp-json\/wp\/v2\/comments?post=743446"}],"version-history":[{"count":0,"href":"https:\/\/www.europesays.com\/es\/wp-json\/wp\/v2\/posts\/743446\/revisions"}],"wp:featuredmedia":[{"embeddable":true,"href":"https:\/\/www.europesays.com\/es\/wp-json\/wp\/v2\/media\/743447"}],"wp:attachment":[{"href":"https:\/\/www.europesays.com\/es\/wp-json\/wp\/v2\/media?parent=743446"}],"wp:term":[{"taxonomy":"category","embeddable":true,"href":"https:\/\/www.europesays.com\/es\/wp-json\/wp\/v2\/categories?post=743446"},{"taxonomy":"post_tag","embeddable":true,"href":"https:\/\/www.europesays.com\/es\/wp-json\/wp\/v2\/tags?post=743446"}],"curies":[{"name":"wp","href":"https:\/\/api.w.org\/{rel}","templated":true}]}}