{"id":743448,"date":"2026-09-02T06:11:14","date_gmt":"2026-09-02T06:11:14","guid":{"rendered":"https:\/\/www.europesays.com\/es\/743448\/"},"modified":"2026-09-02T06:11:14","modified_gmt":"2026-09-02T06:11:14","slug":"fichaje-estrella-del-racing-en-los-ultimos-instantes-del-mercado","status":"publish","type":"post","link":"https:\/\/www.europesays.com\/es\/743448\/","title":{"rendered":"Fichaje estrella del Racing en los \u00faltimos instantes del mercado"},"content":{"rendered":"<p>                        <img loading=\"lazy\" decoding=\"async\" class=\"nolazy\" alt=\"Fichaje estrella del Racing en los \u00faltimos instantes del mercado\" width=\"449\" height=\"221\" src=\"https:\/\/www.europesays.com\/es\/wp-content\/uploads\/2026\/09\/6a975a16c2e37.jpeg\"\/>El joven extremo sevillano llega procedente del Betis tras disputar 33 partidos oficiales con el primer equipo verdiblanco la pasada temporada.<\/p>\n<p class=\"c-detail__info__more\">Actualizado el 02\/09\/2026 01:05 CEST<\/p>\n<p data-gtm-element-container=\"modulo-texto-link\" class=\"paragraph\">El <strong>Racing de Santander<\/strong> cierra el mercado de fichajes con la incorporaci\u00f3n de<strong> Pablo Garc\u00eda <\/strong>(20 a\u00f1os) procedente del <strong>Real Betis<\/strong>. Un gran refuerzo para el ataque del equipo c\u00e1ntabro que llega a <strong>Santander <\/strong>en los \u00faltimos instantes del mercado.<\/p>\n<p data-gtm-element-container=\"modulo-texto-link\" class=\"paragraph\">El futbolista andaluz ha disputado 33 partidos oficiales: 21 en <strong>LaLiga EA Sports<\/strong>, seis en la<strong> Europa League<\/strong>, dos en la <strong>Conference League <\/strong>y cuatro en la <strong>Copa del Rey<\/strong>. El <strong>Real Betis <\/strong>se guarda un porcentaje por una futura venta, as\u00ed como\u00a0una opci\u00f3n de tanteo. El canterano del Betis jug\u00f3 con el filial verdiblanco\u00a038 encuentros y marc\u00f3 12 tantos tras su debut en 2023. Dos a\u00f1os m\u00e1s tarde, el futbolista hispalense debut\u00f3 con el primer equipo.<\/p>\n<p data-gtm-element-container=\"modulo-texto-link\" class=\"paragraph\">Nacido en <strong>Sevilla <\/strong>en 2006, Pablo Garc\u00eda puede jugar en ambas bandas del ataque y su desborde y descaro a la hora de encarar a los rivales lo convierten en un jugador impredecible y necesario para desajustar defensas cerradas.<\/p>\n<p>{\u00aballowComment\u00bb:\u00bballowed\u00bb,\u00bbarticleId\u00bb:\u00bbarticle-1004222375&#8243;,\u00bburl\u00bb:\u00bbhttps:\\\/\\\/www.mundodeportivo.com\\\/futbol\\\/fichajes\\\/oficial\\\/20260902\\\/1004222375\\\/fichaje-estrella-racing-ultimos-instantes-mercado.html\u00bb,\u00bblivefyre-url\u00bb:\u00bbarticle-1004222375&#8243;}<\/p>\n<p>Cargando siguiente contenido&#8230;\n                <\/p>\n","protected":false},"excerpt":{"rendered":"El joven extremo sevillano llega procedente del Betis tras disputar 33 partidos oficiales con el primer equipo verdiblanco&hellip;\n","protected":false},"author":2,"featured_media":743449,"comment_status":"","ping_status":"","sticky":false,"template":"","format":"standard","meta":{"footnotes":""},"categories":[268],"tags":[168,25,24,280,282,281,23,167],"class_list":["post-743448","post","type-post","status-publish","format-standard","has-post-thumbnail","category-futbol","tag-deportes","tag-es","tag-espana","tag-football","tag-futbol","tag-soccer","tag-spain","tag-sports"],"share_on_mastodon":{"url":"https:\/\/pubeurope.com\/@es\/117199968908783935","error":""},"_links":{"self":[{"href":"https:\/\/www.europesays.com\/es\/wp-json\/wp\/v2\/posts\/743448","targetHints":{"allow":["GET"]}}],"collection":[{"href":"https:\/\/www.europesays.com\/es\/wp-json\/wp\/v2\/posts"}],"about":[{"href":"https:\/\/www.europesays.com\/es\/wp-json\/wp\/v2\/types\/post"}],"author":[{"embeddable":true,"href":"https:\/\/www.europesays.com\/es\/wp-json\/wp\/v2\/users\/2"}],"replies":[{"embeddable":true,"href":"https:\/\/www.europesays.com\/es\/wp-json\/wp\/v2\/comments?post=743448"}],"version-history":[{"count":0,"href":"https:\/\/www.europesays.com\/es\/wp-json\/wp\/v2\/posts\/743448\/revisions"}],"wp:featuredmedia":[{"embeddable":true,"href":"https:\/\/www.europesays.com\/es\/wp-json\/wp\/v2\/media\/743449"}],"wp:attachment":[{"href":"https:\/\/www.europesays.com\/es\/wp-json\/wp\/v2\/media?parent=743448"}],"wp:term":[{"taxonomy":"category","embeddable":true,"href":"https:\/\/www.europesays.com\/es\/wp-json\/wp\/v2\/categories?post=743448"},{"taxonomy":"post_tag","embeddable":true,"href":"https:\/\/www.europesays.com\/es\/wp-json\/wp\/v2\/tags?post=743448"}],"curies":[{"name":"wp","href":"https:\/\/api.w.org\/{rel}","templated":true}]}}