{"id":743450,"date":"2026-09-02T06:12:14","date_gmt":"2026-09-02T06:12:14","guid":{"rendered":"https:\/\/www.europesays.com\/es\/743450\/"},"modified":"2026-09-02T06:12:14","modified_gmt":"2026-09-02T06:12:14","slug":"primicia-miguel-bose-se-muda-a-una-casa-mas-grande-en-andorra-y-matricula-a-sus-hijos-en-el-mismo-colegio-que-estudiaron-las-thyssen","status":"publish","type":"post","link":"https:\/\/www.europesays.com\/es\/743450\/","title":{"rendered":"Primicia: Miguel Bos\u00e9 se muda a una casa m\u00e1s grande en Andorra y matr\u00edcula a sus hijos en el mismo colegio que estudiaron las Thyssen"},"content":{"rendered":"<p>Despu\u00e9s de sus vacaciones en Mallorca, un destino veraniego que repite desde hace unos tres a\u00f1os, <b>Miguel Bos\u00e9 ya est\u00e1 plenamente instalado en Andorra, su nuevo domicilio familiar y fiscal<\/b>. Sus hijos, Tadeo y Diego, de 14 a\u00f1os, est\u00e1n matriculados desde esta primavera en el prestigioso colegio \u00c1gora International School, en la capital del Principado, el mismo donde estudiaron Carmen y Sabina, las mellizas de la baronesa Thyssen.<\/p>\n<p>La novedad es que el artista ha cambiado de domicilio. <b>Bos\u00e9 ha dejado el chal\u00e9 que hab\u00eda alquilado desde hace meses por 10.000 euros al mes<\/b> en la urbanizaci\u00f3n Guem, un dato que Informalia no quiso dar por respeto a la privacidad de la familia, y se ha trasladado a uno m\u00e1s grande, en otra zona residencial de mayor nivel, con vistas espectaculares, mucha intimidad y, por cierto, muy cercana a los chal\u00e9s de Tita Cervera y su hijo Borja Thyssen. Parece que el cantante necesitaba m\u00e1s espacio para todo el mobiliario, sus objetos personales y la instalaci\u00f3n t\u00e9cnica de m\u00fasica que se ha tra\u00eddo de M\u00e9xico.<\/p>\n<p>En sus salidas por las calles de Andorra para hacer gestiones o pasear, nos cuenta gente de la localidad que saluda cordialmente a todo el mundo que le reconoce y que est\u00e1 encantado con esta nueva vida que ha elegido a sus 70 a\u00f1os.<\/p>\n<p>Todav\u00eda no hay constancia de que hayan ido a visitar a Miguel y a sus chavales los hijos de Nacho Palau, su expareja, el escultor valenciano con el que acord\u00f3, hace 15 a\u00f1os, ser padre y formar una familia con cuatro hijos. Los de Palau, que nacieron unos meses despu\u00e9s, son Yvo y Telmo, concebidos igualmente mediante gestaci\u00f3n subrogada en Estados Unidos.<\/p>\n<p>Sin embargo, la ruptura acab\u00f3 en los tribunales y desemboc\u00f3 tambi\u00e9n en la separaci\u00f3n de los ni\u00f1os, cada uno con sus respectivos padres biol\u00f3gicos. Pero los chicos nunca han perdido el contacto. Los hijos de Palau pasan el verano en Mallorca con sus &#8216;hermanos&#8217;, como ellos mismos los consideran, y <b>ahora que Bos\u00e9 est\u00e1 con los suyos en Andorra, es evidente que habr\u00e1 mucho mayor contacto entre todos<\/b>.<\/p>\n<p>WhatsApp<a href=\"https:\/\/api.whatsapp.com\/send?text=https:\/\/www.eleconomista.es\/informalia\/famosos\/noticias\/14011105\/09\/26\/primicia-miguel-bose-se-muda-a-una-casa-mas-grande-en-andorra-y-matricula-a-sus-hijos-en-el-mismo-colegio-que-estudiaron-las-thyssen.html?utm_source%3Dwhatsapp%26utm_medium%3Dshare_button&amp;id=1648118629957_whatsapp\" target=\"_blank\" data-action=\"share\/whatsapp\/share\" aria-label=\"Compartir en Whatsapp\" rel=\"nofollow noopener\"><\/a>Facebook<a id=\"fb-share\" href=\"#\" target=\"_blank\" rel=\"noopener noreferrer\" aria-label=\"Compartir en Facebook\"><\/a>Twitter<a href=\"https:\/\/twitter.com\/share?text=Primicia%3A+Miguel+Bos%C3%A9+se+muda+a+una+casa+m%C3%A1s+grande+en+Andorra+y+matr%C3%ADcula+a+sus+hijos+en+el+mismo+colegio+que+estudiaron+las+Thyssen&amp;url=https:\/\/www.eleconomista.es\/informalia\/famosos\/noticias\/14011105\/09\/26\/primicia-miguel-bose-se-muda-a-una-casa-mas-grande-en-andorra-y-matricula-a-sus-hijos-en-el-mismo-colegio-que-estudiaron-las-thyssen.html&amp;via=Informalia&amp;id=1648118839245_twitter\" target=\"_blank\" aria-label=\"Compartir en Twitter\" rel=\"nofollow noopener\"><\/a>Linkedin<a onclick=\"return abrirLinkedin();\" href=\"https:\/\/www.linkedin.com\/shareArticle?text=Primicia%3A+Miguel+Bos%C3%A9+se+muda+a+una+casa+m%C3%A1s+grande+en+Andorra+y+matr%C3%ADcula+a+sus+hijos+en+el+mismo+colegio+que+estudiaron+las+Thyssen&amp;url=https:\/\/www.eleconomista.es\/informalia\/famosos\/noticias\/14011105\/09\/26\/primicia-miguel-bose-se-muda-a-una-casa-mas-grande-en-andorra-y-matricula-a-sus-hijos-en-el-mismo-colegio-que-estudiaron-las-thyssen.html&amp;mini=true\" target=\"_blank\" aria-label=\"Compartir en linkedin\" rel=\"nofollow noopener\"><\/a>Beloud<a href=\"https:\/\/beloud.com\/share?text=Primicia%3A+Miguel+Bos%C3%A9+se+muda+a+una+casa+m%C3%A1s+grande+en+Andorra+y+matr%C3%ADcula+a+sus+hijos+en+el+mismo+colegio+que+estudiaron+las+Thyssen&amp;url=https:\/\/www.eleconomista.es\/informalia\/famosos\/noticias\/14011105\/09\/26\/primicia-miguel-bose-se-muda-a-una-casa-mas-grande-en-andorra-y-matricula-a-sus-hijos-en-el-mismo-colegio-que-estudiaron-las-thyssen.html&amp;via=Informalia&amp;id=1648118839245_beloud\" target=\"_blank\" aria-label=\"Compartir en beloud\" rel=\"nofollow noopener\"><\/a>Bluesky<a href=\"https:\/\/bsky.app\/intent\/compose?text=https:\/\/bsky.app\/intent\/compose?text=https:\/\/www.eleconomista.es\/informalia\/famosos\/noticias\/14011105\/09\/26\/primicia-miguel-bose-se-muda-a-una-casa-mas-grande-en-andorra-y-matricula-a-sus-hijos-en-el-mismo-colegio-que-estudiaron-las-thyssen.html&amp;url=https:\/\/www.eleconomista.es\/informalia\/famosos\/noticias\/14011105\/09\/26\/primicia-miguel-bose-se-muda-a-una-casa-mas-grande-en-andorra-y-matricula-a-sus-hijos-en-el-mismo-colegio-que-estudiaron-las-thyssen.html&amp;via=elEconomistaes&amp;id=1648118839245_bluesky\" target=\"_blank\" aria-label=\"Compartir en bluesky\" rel=\"nofollow noopener\"><\/a><\/p>\n<p><script async src=\"https:\/\/platform.twitter.com\/widgets.js\" charset=\"utf-8\"><\/script><\/p>\n","protected":false},"excerpt":{"rendered":"Despu\u00e9s de sus vacaciones en Mallorca, un destino veraniego que repite desde hace unos tres a\u00f1os, Miguel Bos\u00e9&hellip;\n","protected":false},"author":2,"featured_media":743451,"comment_status":"","ping_status":"","sticky":false,"template":"","format":"standard","meta":{"footnotes":""},"categories":[174],"tags":[255,146,147,25,24,256,260,23],"class_list":["post-743450","post","type-post","status-publish","format-standard","has-post-thumbnail","category-famosos","tag-celebrities","tag-entertainment","tag-entretenimiento","tag-es","tag-espana","tag-famosos","tag-gente","tag-spain"],"share_on_mastodon":{"url":"https:\/\/pubeurope.com\/@es\/117199972489798685","error":""},"_links":{"self":[{"href":"https:\/\/www.europesays.com\/es\/wp-json\/wp\/v2\/posts\/743450","targetHints":{"allow":["GET"]}}],"collection":[{"href":"https:\/\/www.europesays.com\/es\/wp-json\/wp\/v2\/posts"}],"about":[{"href":"https:\/\/www.europesays.com\/es\/wp-json\/wp\/v2\/types\/post"}],"author":[{"embeddable":true,"href":"https:\/\/www.europesays.com\/es\/wp-json\/wp\/v2\/users\/2"}],"replies":[{"embeddable":true,"href":"https:\/\/www.europesays.com\/es\/wp-json\/wp\/v2\/comments?post=743450"}],"version-history":[{"count":0,"href":"https:\/\/www.europesays.com\/es\/wp-json\/wp\/v2\/posts\/743450\/revisions"}],"wp:featuredmedia":[{"embeddable":true,"href":"https:\/\/www.europesays.com\/es\/wp-json\/wp\/v2\/media\/743451"}],"wp:attachment":[{"href":"https:\/\/www.europesays.com\/es\/wp-json\/wp\/v2\/media?parent=743450"}],"wp:term":[{"taxonomy":"category","embeddable":true,"href":"https:\/\/www.europesays.com\/es\/wp-json\/wp\/v2\/categories?post=743450"},{"taxonomy":"post_tag","embeddable":true,"href":"https:\/\/www.europesays.com\/es\/wp-json\/wp\/v2\/tags?post=743450"}],"curies":[{"name":"wp","href":"https:\/\/api.w.org\/{rel}","templated":true}]}}