{"id":743454,"date":"2026-09-02T06:15:30","date_gmt":"2026-09-02T06:15:30","guid":{"rendered":"https:\/\/www.europesays.com\/es\/743454\/"},"modified":"2026-09-02T06:15:30","modified_gmt":"2026-09-02T06:15:30","slug":"destacados-de-programacion-del-miercoles-2-de-septiembre","status":"publish","type":"post","link":"https:\/\/www.europesays.com\/es\/743454\/","title":{"rendered":"Destacados de programaci\u00f3n del mi\u00e9rcoles, 2 de septiembre"},"content":{"rendered":"<p><img decoding=\"async\" src=\"https:\/\/www.europesays.com\/es\/wp-content\/uploads\/2026\/09\/Antena3.jpg\" itemprop=\"image\" width=\"100%\" alt=\"\"\/><\/p>\n<p><b>Antena 3 estrena este mi\u00e9rcoles \u2018La Mesa\u2019, el nuevo programa de Prime Time de Cristina Pardo (23:00 horas)<\/b><\/p>\n<p>\u2018La Mesa\u2019, el nuevo programa presentado por Cristina Pardo llegar\u00e1 a Antena 3 ma\u00f1ana, en directo y tras \u2018El Hormiguero\u2019. Cada semana, el programa tomar\u00e1 como punto de partida la actualidad para abordar las cuestiones que marcan la agenda del d\u00eda a trav\u00e9s de las noticias, sus protagonistas y las historias que permiten entender qu\u00e9 est\u00e1 pasando y cu\u00e1l es su impacto en la sociedad. Y todo bajo la premisa de que hay otra manera de hablar sobre lo que sucede.<\/p>\n<p>Y es que \u2018La Mesa\u2019 no ser\u00e1 una tertulia habitual ni una sucesi\u00f3n de entrevistas, sino un espacio en directo con vida propia, abierto a diferentes \u00e1ngulos y miradas, riguroso y en el que se combinar\u00e1n informaci\u00f3n y entretenimiento. \u2018La Mesa\u2019 gira en torno a su propia mesa, que no s\u00f3lo vertebra el plat\u00f3 del programa, sino que es una herramienta narrativa de primer orden sobre la que se articulan los contenidos y los invitados. La mesa, adem\u00e1s, permite, a trav\u00e9s de su propia pantalla, introducir im\u00e1genes, descubrir datos o cruzar versiones contrapuestas.<\/p>\n<p>El espacio se organiza en torno a cuatro mesas con diferentes tem\u00e1ticas, pero unidas entre s\u00ed. La primera mesa estar\u00e1 dedicada a la actualidad, aportando el gran asunto de la noche de esta tem\u00e1tica. No estar\u00e1 vinculado a la noticia m\u00e1s importante de la jornada, sino a aquello en lo que el programa puede aportar valor a\u00f1adido e informaci\u00f3n propia: protagonistas, documentos, preguntas diferentes\u2026 En su estreno, contar\u00e1 con el an\u00e1lisis riguroso y sosegado de Vicente Vall\u00e9s, director y presentador de Antena 3 Noticias 2.<\/p>\n<p>La segunda mesa corresponde a un gran personaje, invitado de la noche, que se incorporar\u00e1 al programa. Pol\u00edticos, escritores, periodistas, personajes relevantes de la vida econ\u00f3mica, social o m\u00e9dica\u2026 son algunos de los perfiles que se sumar\u00e1n a esta parte de \u2018La Mesa\u2019 para mantener una conversaci\u00f3n diferente y descubrir al espectador otras facetas desconocidas de los mismos. Para arrancar el primer programa, Carlos Alsina, codirector de \u2018M\u00e1s de Uno\u2019 en Onda Cero, ser\u00e1 el primer invitado de esta mesa.<\/p>\n<p>En la tercera mesa, que seguir\u00e1 entroncando con la anterior, se apuesta por los asuntos que coloquen al espectador dentro de la conversaci\u00f3n. Situaciones reales, decisiones, experiencias o dilemas que planteen a quienes ven el programa la pregunta \u201c\u00bfQu\u00e9 har\u00eda yo?\u201d.<\/p>\n<p>En su mesa final, \u2018La Mesa\u2019 se libera: humor, curiosidades, historias extraordinarias experiencias sorprendentes y personajes inesperados se dar\u00e1n cita para enfilar el tramo final del programa.<\/p>\n<p>Con este nuevo formato, Antena 3 contin\u00faa reforzando su apuesta por la actualidad, el an\u00e1lisis y el entretenimiento. Una f\u00f3rmula que ha posicionado a la cadena como l\u00edder durante cinco temporadas consecutivas, creciendo de forma imparable y cerrando el curso con una media de 12,8%. Asimismo, Antena 3 tambi\u00e9n ha liderado el Prime Time, franja de m\u00e1xima audiencia, por sexta temporada, subiendo al 13,6%.<\/p>\n<p><b>\u2018\u00a1Salta!\u2019 Antena 3 estrena en Prime Time un nuevo programa del concurso presentado por Manel Fuentes (23:00 horas)<\/b><\/p>\n<p>En \u2018\u00a1Salta!\u2019 se ponen a prueba conocimientos de cultura general, la estrategia y la valent\u00eda de sus concursantes son claves en la mec\u00e1nica de este concurso ambientado en lo alto de un imponente puente de 40 metros de largo<\/p>\n<p>Al arrancar el juego, el presentador expone 5 afirmaciones sobre un mismo tema, y solo una es cierta. Todos los concursantes a la vez marcan la respuesta que creen correcta. El m\u00e1s r\u00e1pido en pulsar la opci\u00f3n correcta se convierte en el \u201ccontroller\u201d, que determinar\u00e1 el orden del juego. Esta persona pasa a controlar el juego y tiene una gran ventaja: puede decidir si jugar \u00e9l o hacer que se la juegue otro. Aqu\u00ed recae toda la estrategia del concurso: conviene dejar que vayan pasando otros para llegar directamente a los \u00faltimos niveles con menos riesgo de fallar, pero tambi\u00e9n puede ocurrir que los oponentes acierten y vayan superando niveles hasta el final, y entonces el \u201ccontroller\u201d nunca juegue<\/p>\n<p>Niveles 1 y 2: hay dos afirmaciones y solo una es cierta. Cada afirmaci\u00f3n es una trampilla.<\/p>\n<p>Niveles 3 a 5: hay tres afirmaciones y solo una es cierta. Cada afirmaci\u00f3n es una trampilla.<\/p>\n<p>Niveles 6 a 9: hay cuatro afirmaciones y solo una es cierta. Cada afirmaci\u00f3n es una trampilla.<\/p>\n<p>\u2018\u00a1Salta!\u2019 es un formato original de Talpa Studios que est\u00e1 producido por Atresmedia en colaboraci\u00f3n con Buend\u00eda Estudios<\/p>\n<p>El programa podr\u00e1 seguirse fuera de Espa\u00f1a a trav\u00e9s de Antena 3 Internacional y la versi\u00f3n internacional de atresplayer<\/p>\n<p><b>\u2018Sue\u00f1os de Libertad\u2019 contin\u00faa con \u00e9xito en la sobremesa de Antena 3 (15:45 horas)<\/b><\/p>\n<p>Gabriel pone a prueba a Paula<\/p>\n<p>Este mi\u00e9rcoles, en \u2018Sue\u00f1os de libertad\u2019\u2026<\/p>\n<p>Dami\u00e1n toma una decisi\u00f3n sobre la permanencia de Eduardo en la casa y le hace una propuesta inesperada a Tasio.<\/p>\n<p>Mientras tanto, Gabriel pone a prueba a Paula y, por otro lado, se llevan a Pablo al quir\u00f3fano.<\/p>\n<p>Adem\u00e1s, Marta y Fina aparcan sus diferencias para trabajar juntas y Valentina ve un gesto c\u00f3mplice de Andr\u00e9s con Bego\u00f1a.<\/p>\n<p><img decoding=\"async\" src=\"https:\/\/www.europesays.com\/es\/wp-content\/uploads\/2026\/09\/Sexta.jpg\" itemprop=\"image\" width=\"100%\" alt=\"\"\/><\/p>\n<p><b>laSexta emite una programaci\u00f3n especial sobre la crisis de Ceuta con una edici\u00f3n diaria de \u2018El Objetivo de Ana Pastor\u2019 (21:30 horas)<\/b><\/p>\n<p>\u2018El Objetivo de Ana Pastor\u2019 inicia curso en laSexta con una programaci\u00f3n especial diaria para seguir la crisis migratoria de Ceuta. Ana Pastor presentar\u00e1 una edici\u00f3n diaria de \u2018El Objetivo\u2019 de lunes a jueves a las 21.30 horas, reforzando la cobertura informativa de la cadena ante una situaci\u00f3n que ha marcado la actualidad durante las \u00faltimas semanas.<\/p>\n<p>El programa ofrecer\u00e1 cada d\u00eda los datos, testimonios y claves de lo que est\u00e1 ocurriendo en Ceuta, con conexiones desde los lugares que son noticia y la participaci\u00f3n de expertos y analistas para explicar y contextualizar las \u00faltimas novedades de la crisis migratoria.<\/p>\n<p><b>\u2018Testigo protegido\u2019 en El Taquillazo de laSexta (23:00 horas<\/b>)<\/p>\n<p>Una param\u00e9dica resulta herida tras presenciar un tiroteo entre dos agentes de polic\u00eda corruptos. Cuando la llevan al hospital, debe hacer todo lo posible para evitar que alguno de los dos le de caza. Por suerte, un polic\u00eda veterano, el teniente Wakes, ha sido asignado para que la proteja.<\/p>\n<p>T\u00edtulo Original: TRAUMA CENTER\/ Pa\u00eds: EE.UU.\/ Int.: Nicky Whelan, Bruce Willis, Tito Ortiz\/ Dctor.: Matt Eskandari\/ A\u00f1o: 2019<\/p>\n<p><b>\u2018Zapeando\u2019, la tertulia m\u00e1s desenfadada de la televisi\u00f3n recibe la visita de \u00c1ngel Ll\u00e1cer maestro de ceremonias de \u2018Una fiesta de muerte: asesinato en Canfranc\u2019 y presentador de \u2018Congelados\u2019 que llega muy pronto a laSexta (15:30 horas)<\/b><\/p>\n<p>Conducido por Miki Nadal, y Quique Peinado, Isabel Forner, Virginia Riezu y Nacho Garc\u00eda como colaboradores, junto a Juan Sanguino y Necko Vidal, \u2018Zapeando\u2019 recibe la visita de \u00c1ngel Ll\u00e1cer, maestro de ceremonias de \u2018Una fiesta de muerte: Asesinato en Canfranc\u2019 y presentador de \u2018Congelados\u2019 que llega muy pronto a laSexta<\/p>\n<p>Un formato por el que corre el ADN de laSexta: innovador, en constante evoluci\u00f3n, transgresor y que mantiene su frescura desde su estreno en noviembre de 2013, cuando lleg\u00f3 a la cadena para amenizar las tardes cargado de iron\u00eda y buen humor, acudiendo a su cita con los espectadores durante todas las semanas de cada a\u00f1o.<\/p>\n<p><img decoding=\"async\" src=\"https:\/\/www.europesays.com\/es\/wp-content\/uploads\/2026\/09\/Nova.jpg\" itemprop=\"image\" width=\"100%\" alt=\"\"\/><\/p>\n<p><b>\u2018La sombra del pasado\u2019, dos familias enfrentadas por la ambici\u00f3n y la sed de venganza, en Nova (18:00 horas)<\/b><\/p>\n<p>La familia de Raymundo Alcocer, un hombre humilde y de buen coraz\u00f3n que est\u00e1 casado con Roberta, una mujer ambiciosa y acomplejada. Ambos tienen una hija en com\u00fan que vivir\u00e1 una infancia dura por culpa de la mala fama de su madre. Por otro lado, est\u00e1 la familia de Severiano Mendoza, un hombre adinerado y caprichoso, casado con Candela con la que tiene un hijo llamado Crist\u00f3bal. Roberta es infiel a su marido con Severiano por sus ansias de dinero y poder.<\/p>\n<p>Raymundo descubrir\u00e1 la infidelidad lo que le llevar\u00e1 a un tr\u00e1gico final y con ello dejar\u00e1 a su hija Aldonza con un futuro incierto. La joven se cr\u00eda junto a su t\u00eda lejos de ese pueblo, pero con el tiempo decide volver para recuperar lo que era de su padre. En este momento surge el amor con Crist\u00f3bal. Pero ambas familias intentaran impedir esta relaci\u00f3n por todos los medios posibles.<\/p>\n<p><b>Cap\u00edtulos de \u2018Coraz\u00f3n Herido\u2019, en Nova (21:35 horas)<\/b><\/p>\n<p>La desesperaci\u00f3n de un hombre al saber que ha vivido una mentira; la venganza de ser enga\u00f1ado; la presi\u00f3n de una familia poderosa; los secretos familiares y los celos por un amor no correspondido\u2026 \u00bfpodr\u00e1 el amor sanar un coraz\u00f3n herido? \u2018Coraz\u00f3n Herido\u2019 narra la historia de un hombre traicionado por las personas que m\u00e1s ama.<\/p>\n<p>Ambientada en bellos espacios naturales y en Antioqu\u00eda, esta serie est\u00e1 protagonizada por G\u00f6khan Alkan, Ya\u011fmur Tanr\u0131sevsin, Merve \u00c7a\u011f\u0131ran y Toprak Can Ad\u0131g\u00fczel, entre otros.<\/p>\n<p><img decoding=\"async\" src=\"https:\/\/www.europesays.com\/es\/wp-content\/uploads\/2026\/09\/Neox.jpg\" itemprop=\"image\" width=\"100%\" alt=\"\"\/><\/p>\n<p><b>Neox emite cap\u00edtulos de la serie polic\u00edaca \u2018Chicago P.D.\u2019 (21:15 horas)<\/b><\/p>\n<p>Creada por Dick Wolf (\u2018Ley y orden\u2019), narra el d\u00eda a d\u00eda cotidiano de un equipo de polic\u00edas miembros de la Unidad de Inteligencia del Departamento de Polic\u00eda de Chicago, que persigue a los autores de los delitos que se producen por las calles de la ciudad.<\/p>\n<p>Protagonizada por Jason Beghe, Marina Squerciati y Patrick John Flueger, es una producci\u00f3n que cuenta con una larga trayectoria de casi diez a\u00f1os y que actualmente ha sido renovada por una und\u00e9cima temporada.<\/p>\n<p><b>\u2018Friends\u2019, una comedia emblem\u00e1tica de la televisi\u00f3n (11:00 horas)<\/b><\/p>\n<p>\u2018Friends\u2019 sigue la vida y aventuras de un grupo de seis amigos que viven en Nueva York. Protagonizada por Jennifer Aniston (Rachel Green), Courteney Cox (Monica Geller), Lisa Kudrow (Phoebe Buffay), Matt LeBlanc (Joey Tribbiani), Matthew Perry (Chandler Bing) y David Schwimmer (Ross Geller), destac\u00f3 por su ingenioso guion, personajes entra\u00f1ables y su capacidad para capturar las complejidades de la amistad y la vida en la veintena y treintena.<\/p>\n<p>La comedia se ha convertido en un fen\u00f3meno cultural que ha trascendido generaciones, convirti\u00e9ndose en una de las series m\u00e1s populares y que sigue siendo un referente hoy en d\u00eda.<\/p>\n<p><img decoding=\"async\" src=\"https:\/\/www.europesays.com\/es\/wp-content\/uploads\/2026\/09\/Mega.jpg\" itemprop=\"image\" width=\"100%\" alt=\"\"\/><\/p>\n<p><b>Cap\u00edtulos del fen\u00f3meno \u2018Forjado a fuego\u2019 (20:00 horas)<\/b><\/p>\n<p>Mega, el canal tem\u00e1tico de Atresmedia, emite episodios de \u2018Forjado a fuego\u2019, el reconocido formato internacional en el que cuatro herreros especializados compiten en la fabricaci\u00f3n de espadas y todo tipo de armas. El programa demuestra las habilidades que poseen los participantes en la construcci\u00f3n de la forja. En \u2018Forjado a fuego\u2019, los concursantes se enfrentar\u00e1n a los reconocidos desaf\u00edos del programa como fraguar el sable de Napole\u00f3n, la espada Messer, la Namagaki o el Bracamarte.<\/p>\n<p><b>Cap\u00edtulos de estreno de \u2018Aislados\u2019, la competici\u00f3n por la supervivencia en Mega (<\/b><b>15:15 horas)<\/b><\/p>\n<p>Diez expertos ponen a prueba su supervivencia, ya que son abandonados en parajes remotos y salvajes. Deben construir sus propios refugios, cazar y defenderse de los depredadores mientras documentan su experiencia sin equipo de filmaci\u00f3n, compitiendo por un premio de hasta un mill\u00f3n de d\u00f3lares al resistir en completo aislamiento.<\/p>\n<p><img decoding=\"async\" src=\"https:\/\/www.europesays.com\/es\/wp-content\/uploads\/2026\/09\/Atreseries.jpg\" itemprop=\"image\" width=\"100%\" alt=\"\"\/><\/p>\n<p><b>\u2018Los Misterios de Laura\u2019, serie protagonizada por Debra Messing, emite cap\u00edtulos en Atreseries (21:00 horas)<\/b><\/p>\n<p>\u2018Los Misterios de Laura\u2019 es una serie estadounidense protagonizada por la ganadora de un Emmy Deba Messing, Josh Lucas, Laz Alonso y Janina Gavanka. La ficci\u00f3n est\u00e1 dirigida por Michael Zinberg, Mark Haber, Michael M. Robin y Nelson McCormick. El guion corre a cargo de Janet Tamaro.<\/p>\n<p>Toda gira alrededor de Laura Diamond (Debra Messing), una extraordinaria polic\u00eda de Nueva York y madre de dos gemelos de 6 a\u00f1os, conocidos como \u201clos monstruos\u201d, que lidia con el equilibrio que suponen sus dos perfiles. Mientras que en terreno profesional su atenci\u00f3n al detalle hace que sobresalga, en casa va un paso por detr\u00e1s.<\/p>\n<p>Cerca de ella est\u00e1 el tambi\u00e9n polic\u00eda Jake Broderick (Josh Lucas), su exmarido y padre de sus hijos, que le ayudar\u00e1 con los peque\u00f1os, o su compa\u00f1ero inseparable Billy Soto (Laz Alonso). Laura, adem\u00e1s de enfrentarse a los delincuentes y criminales de la Gran Manzana, tambi\u00e9n lo tiene que hacer con su rival profesional Meredith Bose (Janina Gavankar), que no entiendo como es capaz de resolver, siempre con \u00e9xito, todos los casos.<\/p>\n<p><b>Atreseries emite \u2018Los misterios de la hermana Boniface\u2019 y, despu\u00e9s, contin\u00faa con \u2018Padre Brown\u2019 (<\/b><b>A partir de las 11:00 horas)<\/b><\/p>\n<p>El padre Brown es un cura cat\u00f3lico de apariencia ingenua, cuya agudeza psicol\u00f3gica lo convierte en un formidable detective, que suele resolver los cr\u00edmenes m\u00e1s enigm\u00e1ticos, atroces e inexplicables gracias a su conocimiento de la naturaleza humana antes que por el razonamiento l\u00f3gico.<\/p>\n<p>\u2018Los Misterios de la Hermana Boniface\u2019 ambientada en la Inglaterra rural de los a\u00f1os sesenta, es una serie polic\u00edaca que sigue las investigaciones de la hermana Boniface: monja, conductora de una Vespa, fabricante de vino y, sobre todo, cient\u00edfica forense.<\/p>\n","protected":false},"excerpt":{"rendered":"Antena 3 estrena este mi\u00e9rcoles \u2018La Mesa\u2019, el nuevo programa de Prime Time de Cristina Pardo (23:00 horas)&hellip;\n","protected":false},"author":2,"featured_media":743455,"comment_status":"","ping_status":"","sticky":false,"template":"","format":"standard","meta":{"footnotes":""},"categories":[171],"tags":[4040,121010,3500,146,147,25,24,5622,30177,73841,15500,23,214],"class_list":["post-743454","post","type-post","status-publish","format-standard","has-post-thumbnail","category-tv","tag-antena-3","tag-atreseries","tag-destacados","tag-entertainment","tag-entretenimiento","tag-es","tag-espana","tag-lasexta","tag-mega","tag-neox","tag-nova","tag-spain","tag-tv"],"share_on_mastodon":{"url":"https:\/\/pubeurope.com\/@es\/117199984560478424","error":""},"_links":{"self":[{"href":"https:\/\/www.europesays.com\/es\/wp-json\/wp\/v2\/posts\/743454","targetHints":{"allow":["GET"]}}],"collection":[{"href":"https:\/\/www.europesays.com\/es\/wp-json\/wp\/v2\/posts"}],"about":[{"href":"https:\/\/www.europesays.com\/es\/wp-json\/wp\/v2\/types\/post"}],"author":[{"embeddable":true,"href":"https:\/\/www.europesays.com\/es\/wp-json\/wp\/v2\/users\/2"}],"replies":[{"embeddable":true,"href":"https:\/\/www.europesays.com\/es\/wp-json\/wp\/v2\/comments?post=743454"}],"version-history":[{"count":0,"href":"https:\/\/www.europesays.com\/es\/wp-json\/wp\/v2\/posts\/743454\/revisions"}],"wp:featuredmedia":[{"embeddable":true,"href":"https:\/\/www.europesays.com\/es\/wp-json\/wp\/v2\/media\/743455"}],"wp:attachment":[{"href":"https:\/\/www.europesays.com\/es\/wp-json\/wp\/v2\/media?parent=743454"}],"wp:term":[{"taxonomy":"category","embeddable":true,"href":"https:\/\/www.europesays.com\/es\/wp-json\/wp\/v2\/categories?post=743454"},{"taxonomy":"post_tag","embeddable":true,"href":"https:\/\/www.europesays.com\/es\/wp-json\/wp\/v2\/tags?post=743454"}],"curies":[{"name":"wp","href":"https:\/\/api.w.org\/{rel}","templated":true}]}}