{"id":743462,"date":"2026-09-02T06:21:23","date_gmt":"2026-09-02T06:21:23","guid":{"rendered":"https:\/\/www.europesays.com\/es\/743462\/"},"modified":"2026-09-02T06:21:23","modified_gmt":"2026-09-02T06:21:23","slug":"espanoles-alertan-de-la-circulacion-de-e-coli-resistente-a-los-antibioticos-en-la-interfaz-humana-animal-y-ambiental","status":"publish","type":"post","link":"https:\/\/www.europesays.com\/es\/743462\/","title":{"rendered":"Espa\u00f1oles alertan de la circulaci\u00f3n de E. coli resistente a los antibi\u00f3ticos en la interfaz humana, animal y ambiental"},"content":{"rendered":"<p style=\"text-align:justify;\">Dentro del marco de Una Salud, investigadores de la Universidad de La Rioja, del Hospital Universitario Virgen del Roc\u00edo de Sevilla, del Grupo de Investigaci\u00f3n en Salud y Biotecnolog\u00eda (SaBio) del CISC, y del Instituto de Salud Carlos III, planificaron un estudio en el cual realizaron un cribado dirigido de 38 cepas de E. coli aisladas de fauna silvestre, ganado y reservorios de alimentos para caracterizar su potencial pat\u00f3geno mediante la integraci\u00f3n de enfoques gen\u00f3micos y fenot\u00edpicos.<\/p>\n<p style=\"text-align:justify;\">\u00a0<\/p>\n<p style=\"text-align:justify;\">El objetivo fue caracterizar exhaustivamente los<strong> serotipos cl\u00ednicamente significativos detectados en cepas de productos animales, ambientales y <\/strong><a target=\"_blank\" rel=\"noopener noreferrer nofollow\" href=\"https:\/\/www.diarioveterinario.com\/t\/5395836\/plantas-medicinales-salud-aves-corral-resistencia-antimicrobianos\"><strong>derivados de alimentos<\/strong><\/a>. Para ello, se realiz\u00f3 un an\u00e1lisis filogen\u00e9tico para examinar en detalle las bases gen\u00e9ticas implicadas en la movilizaci\u00f3n de factores de virulencia y genes de resistencia cl\u00ednica, elementos que no se hab\u00edan considerado previamente, y relacionarlos con ensayos in vitro que examinan comportamientos fenot\u00edpicos funcionales (adherencia in vitro, invasi\u00f3n, formaci\u00f3n de biopel\u00edculas y motilidad).<\/p>\n<p style=\"text-align:justify;\">\u00a0<\/p>\n<p style=\"text-align:justify;\">Estos aislados se originaron de heces de cig\u00fce\u00f1a blanca y frotis cloacales de polluelos, esti\u00e9rcol y aire de granjas av\u00edcolas, muestras nasales de cerdos y carne de pollo al por menor.<\/p>\n<p style=\"text-align:justify;\">\u00a0<\/p>\n<p style=\"text-align:justify;\">Los autores identificaron 47 genes relacionados con la virulencia, de los cuales 13 se asociaron principalmente con patotipos relevantes.<\/p>\n<p style=\"text-align:justify;\">\u00a0<\/p>\n<p style=\"text-align:justify;\">Tras realizar an\u00e1lisis fenot\u00edpicos, revelaron que las cepas de E. coli pat\u00f3genas extraintestinales (ExPEC) y uropat\u00f3genas (UPEC), particularmente aquellas pertenecientes al clon ST117 de alto riesgo, <strong>exhibieron capacidades de adhesi\u00f3n e internalizaci\u00f3n significativamente mejoradas<\/strong>.<\/p>\n<p style=\"text-align:justify;\">\u00a0<\/p>\n<p style=\"text-align:justify;\">Los investigadores tambi\u00e9n descubrieron que exist\u00eda una estrecha proximidad filogen\u00e9tica entre los aislados de aves silvestres (cig\u00fce\u00f1a) y los genomas de referencia humanos, lo que <strong>confirma la transmisi\u00f3n interespec\u00edfica y la circulaci\u00f3n clonal a trav\u00e9s de interfaces ambientales<\/strong>. Esto \u201cdemuestra que la fauna silvestre act\u00faa como un reservorio din\u00e1mico para E. coli virulenta\u201d.<\/p>\n<p style=\"text-align:justify;\">\u00a0<\/p>\n<p>E. coli resistente a los antibioticos en la interfaz humana, animal y ambiental<\/p>\n<p style=\"text-align:justify;\">\u00a0<\/p>\n<p style=\"text-align:justify;\">El an\u00e1lisis revel\u00f3 un contenido diverso de pl\u00e1smidos, incluyendo tama\u00f1o, familias de replicones y n\u00famero de pl\u00e1smidos por aislado. Su presencia en todas las cepas destaca, indican los autores, su papel en la adaptabilidad bacteriana, permitiendo la transferencia horizontal de determinantes de virulencia y <strong>resistencia antibi\u00f3tica<\/strong>.<\/p>\n<p style=\"text-align:justify;\">\u00a0<\/p>\n<p style=\"text-align:justify;\">As\u00ed, subrayan que los hallazgos coinciden con informes previos que <strong>demuestran la amplia distribuci\u00f3n de pl\u00e1smidos en diversos nichos ecol\u00f3gicos<\/strong>, incluyendo fauna silvestre, ganado, productos derivados de alimentos y entornos cl\u00ednicos.<\/p>\n<p style=\"text-align:justify;\">\u00a0<\/p>\n<p style=\"text-align:justify;\">En general, estos hallazgos ilustran \u201cc\u00f3mo los rasgos fenot\u00edpicos de los clones de alto riesgo coinciden con sus plataformas de virulencia gen\u00f3mica. La convergencia de la resistencia a m\u00faltiples f\u00e1rmacos y la aptitud patog\u00e9nica en las interfaces humanas, animales y ambientales <strong>subraya la necesidad de una <\/strong><a target=\"_blank\" rel=\"noopener noreferrer nofollow\" href=\"https:\/\/www.diarioveterinario.com\/t\/5986941\/ue-detecta-avances-carencias-vigilancia-resistencias-antimicrobianas-animales\"><strong>vigilancia molecular integrada<\/strong><\/a><strong> en un contexto de Una Salud<\/strong>\u201d.<\/p>\n<p style=\"text-align:justify;\">\u00a0<\/p>\n<p>E. coli y el enfoque de Una Salud<\/p>\n<p style=\"text-align:justify;\">\u00a0<\/p>\n<p style=\"text-align:justify;\"><strong>Escherichia coli <\/strong>es una bacteria altamente adaptable que existe como comensal benigno en los intestinos de humanos y animales. Sin embargo, ciertas cepas han evolucionado en variantes pat\u00f3genas distintas (patotipos), cada una definida por un repertorio caracter\u00edstico de factores de virulencia. Estos patotipos incluyen E. coli enteropat\u00f3gena (EPEC)*7, E. coli enterotoxig\u00e9nica (ETEC), E. coli productora de toxina Shiga (STEC) y E. coli enteroagregativa (EAEC). Adem\u00e1s, la E. coli pat\u00f3gena extraintestinal (ExPEC), que abarca la E. coli uropat\u00f3gena (UPEC), se distingue por su capacidad de causar enfermedades m\u00e1s all\u00e1 del tracto intestinal. Todos estos patotipos se asocian principalmente con la diarrea infantil y la diarrea del viajero, y en el caso de EAEC, una mayor capacidad para causar infecciones fuera del intestino (ExPEC), como causar una infecci\u00f3n del tracto urinario (ITU) asociada con el patotipo UPEC.<\/p>\n<p style=\"text-align:justify;\">\u00a0<\/p>\n<p style=\"text-align:justify;\">La <strong>diseminaci\u00f3n de cepas pat\u00f3genas de<\/strong> <strong>E. coli<\/strong> en el medio ambiente constituye un importante desaf\u00edo para la salud p\u00fablica. La <a target=\"_blank\" rel=\"noopener noreferrer nofollow\" href=\"https:\/\/www.diarioveterinario.com\/t\/5922307\/erizos-cataluna-portan-elevado-numero-genes-resistencia-antimicrobiana\"><strong>fauna silvestre<\/strong><\/a><strong> <\/strong>y los animales de producci\u00f3n son reservorios cr\u00edticos que facilitan la persistencia y propagaci\u00f3n de cepas virulentas, as\u00ed como de genes de resistencia a los antibi\u00f3ticos. La presencia de genes de betalactamasa de espectro extendido (BLEE) confiere resistencia a un amplio espectro de antibi\u00f3ticos betalact\u00e1micos, incluidas las cefalosporinas de tercera generaci\u00f3n. Estos genes se han identificado cada vez con mayor frecuencia en E. coli de diversas fuentes, desempe\u00f1ando as\u00ed un papel fundamental en los desaf\u00edos antimicrobianos planteados por la <a target=\"_blank\" rel=\"noopener noreferrer nofollow\" href=\"https:\/\/www.diarioveterinario.com\/t\/5897058\/presentan-guia-integrar-salud-humana-animal-ambiental-politicas-publicas-forma-efectiva\"><strong>perspectiva de Una Salud<\/strong><\/a>.<\/p>\n<p style=\"text-align:justify;\">\u00a0<\/p>\n<p style=\"text-align:justify;\">En consecuencia, los avances en las tecnolog\u00edas gen\u00f3micas han demostrado ser esenciales para aclarar las complejidades asociadas con la patog\u00e9nesis y los mecanismos de resistencia de E. coli.<\/p>\n<p style=\"text-align:justify;\">\u00a0<\/p>\n<p style=\"text-align:justify;\">La diversidad, la evoluci\u00f3n y las interacciones entre los sistemas CRISPR-Cas dentro de E. coli, as\u00ed como los elementos gen\u00e9ticos m\u00f3viles como los pl\u00e1smidos, influyen significativamente en la transferencia horizontal de genes. Esta interacci\u00f3n influye en la adquisici\u00f3n y propagaci\u00f3n de genes de resistencia a antibi\u00f3ticos relevantes para la evoluci\u00f3n bacteriana en la fauna silvestre y el ganado, un asunto que a\u00fan no est\u00e1 claro.<\/p>\n<p style=\"text-align:justify;\">\u00a0<\/p>\n<p style=\"text-align:justify;\">\u201cConfirmamos que <strong>E. coli<\/strong> <strong>es una especie din\u00e1mica que atraviesa barreras entre hu\u00e9spedes<\/strong>, lo que recalca la importancia de los reservorios ambientales y de fauna silvestre en la persistencia y propagaci\u00f3n de E. coli cl\u00ednicamente relevante\u201d, advierten.<\/p>\n","protected":false},"excerpt":{"rendered":"Dentro del marco de Una Salud, investigadores de la Universidad de La Rioja, del Hospital Universitario Virgen del&hellip;\n","protected":false},"author":2,"featured_media":743463,"comment_status":"","ping_status":"","sticky":false,"template":"","format":"standard","meta":{"footnotes":""},"categories":[92],"tags":[25,24,165,166,23],"class_list":["post-743462","post","type-post","status-publish","format-standard","has-post-thumbnail","category-salud","tag-es","tag-espana","tag-health","tag-salud","tag-spain"],"share_on_mastodon":{"url":"https:\/\/pubeurope.com\/@es\/117200007029582475","error":""},"_links":{"self":[{"href":"https:\/\/www.europesays.com\/es\/wp-json\/wp\/v2\/posts\/743462","targetHints":{"allow":["GET"]}}],"collection":[{"href":"https:\/\/www.europesays.com\/es\/wp-json\/wp\/v2\/posts"}],"about":[{"href":"https:\/\/www.europesays.com\/es\/wp-json\/wp\/v2\/types\/post"}],"author":[{"embeddable":true,"href":"https:\/\/www.europesays.com\/es\/wp-json\/wp\/v2\/users\/2"}],"replies":[{"embeddable":true,"href":"https:\/\/www.europesays.com\/es\/wp-json\/wp\/v2\/comments?post=743462"}],"version-history":[{"count":0,"href":"https:\/\/www.europesays.com\/es\/wp-json\/wp\/v2\/posts\/743462\/revisions"}],"wp:featuredmedia":[{"embeddable":true,"href":"https:\/\/www.europesays.com\/es\/wp-json\/wp\/v2\/media\/743463"}],"wp:attachment":[{"href":"https:\/\/www.europesays.com\/es\/wp-json\/wp\/v2\/media?parent=743462"}],"wp:term":[{"taxonomy":"category","embeddable":true,"href":"https:\/\/www.europesays.com\/es\/wp-json\/wp\/v2\/categories?post=743462"},{"taxonomy":"post_tag","embeddable":true,"href":"https:\/\/www.europesays.com\/es\/wp-json\/wp\/v2\/tags?post=743462"}],"curies":[{"name":"wp","href":"https:\/\/api.w.org\/{rel}","templated":true}]}}