{"id":743478,"date":"2026-09-02T06:32:14","date_gmt":"2026-09-02T06:32:14","guid":{"rendered":"https:\/\/www.europesays.com\/es\/743478\/"},"modified":"2026-09-02T06:32:14","modified_gmt":"2026-09-02T06:32:14","slug":"asi-queda-el-nuevo-programa-de-partidos-de-hoy-miercoles-en-el-us-open-con-alcaraz-y-jodar","status":"publish","type":"post","link":"https:\/\/www.europesays.com\/es\/743478\/","title":{"rendered":"As\u00ed queda el nuevo programa de partidos de hoy mi\u00e9rcoles en el US Open con Alcaraz y J\u00f3dar"},"content":{"rendered":"<p data-gtm-element-container=\"modulo-texto-link\" class=\"paragraph\">La lluvia provoc\u00f3 cancelaciones este martes en el US Open 2026, lo que supondr\u00e1 que este mi\u00e9rcoles coincidan partidos de primera ronda, de la parte alta del cuadro, con otros de segunda, en la baja. Perspectivas diferentes para los espa\u00f1oles <strong>Rafa J\u00f3dar y Carlos Alcaraz<\/strong>. El madrile\u00f1o a\u00fan no ha debutado, el murciano encara su segundo acto de la reaparici\u00f3n.<\/p>\n<p data-gtm-element-container=\"modulo-texto-link\" class=\"paragraph\">J\u00f3dar se qued\u00f3 en blanco el martes. Ni siquiera salt\u00f3 a la pista de juego, la adversidad meteorol\u00f3gica le dej\u00f3 sin el esperado estreno. Campe\u00f3n j\u00fanior en 2024, regresa para disputar el cuadro principal. A sus 19 a\u00f1os, desde la decimotercera plaza mundial.<\/p>\n<p data-gtm-element-container=\"modulo-texto-link\" class=\"paragraph\">Tendr\u00e1 delante al chino <strong>Yunchaokete Bu<\/strong>, relevo del australiano Thanasi Kokkinakis, que renunci\u00f3 por lesi\u00f3n. En el renovado orden de juego la cita contin\u00faa establecida en la Pista 17, a la intemperie. En segundo turno, despu\u00e9s del duelo femenino entre <strong>Taylor Townsend<\/strong> y la australiana <strong>Taylah Preston<\/strong>, que abre a las 5 de la tarde, y nunca antes de las 18:30 horas.<\/p>\n<p data-gtm-element-container=\"modulo-texto-link\" class=\"paragraph\">Menos urgencias tiene Carlos Alcaraz, ajeno al parte meteorol\u00f3gico. Vuelve al Arthur Ashe Stadium, estadio principal, que junto al Louis Armstrong Stadium dispone de techo retr\u00e1ctil.\u00a0<\/p>\n<p data-gtm-element-container=\"modulo-texto-link\" class=\"paragraph\">M\u00e1s complicaciones presenta la hora del duelo con el portugu\u00e9s <strong>Jaime Faria<\/strong>. D\u00eda largo para el murciano, que cerrar\u00e1 el programa. Sobre las 9 de la noche local, las tres de la madrugada espa\u00f1ola.<\/p>\n<p>Orden de juego del mi\u00e9rcoles<\/p>\n<p class=\"c-block__txt\"><strong>ARTHUR ASHE STADIUM<\/strong><\/p>\n<p class=\"c-block__txt\"><strong>\u200b(17:30 horas)<\/strong><\/p>\n<p class=\"c-block__txt\">\u200bJessica Pegula (USA\/3)-Sofia Kenin (USA)<\/p>\n<p class=\"c-block__txt\">\u200bBen Shelton (USA\/8)-Hubert Hurkacz (Pol)<\/p>\n<p class=\"c-block__txt\">\u200b<strong>(no antes 01:00 h. jueves)<\/strong><\/p>\n<p class=\"c-block__txt\">\u200bAryna Sabalenka (Blr\/1)-Polina Iatcenko<\/p>\n<p class=\"c-block__txt\">Jaime Faria (Por)-Carlos Alcaraz (Esp\/2)\u200b<br \/><strong>\u200bLOUIS ARMSTRONG STADIUM<br \/>\u200b(17:00 horas)<\/strong><\/p>\n<p class=\"c-block__txt\">Daniil Medvedev (Rus\/7)-Sebastian Gorzny (USA)<\/p>\n<p class=\"c-block__txt\">Marta Kostyuk (Ucr\/11)-Sloane Stephens (USA)<\/p>\n<p class=\"c-block__txt\"><strong>(no antes 01:00 h. jueves)<\/strong><\/p>\n<p class=\"c-block__txt\">Rei Sakamoto (Jap)-Frances Tiafoe (USA\/11)<\/p>\n<p class=\"c-block__txt\">Lanlana Tararudee (Tha)-Linda Noskova (Che\/6)<br \/><strong>\u200bPISTA 17<br \/>\u200b(17:00 horas)<\/strong><br \/>\u200bTaylor Townsend (USA)-Taylah Preston (Aus)<br \/>\u200bRafa J\u00f3dar (Esp\/12)-Yunchaokete Bu (Chn)<br \/>Katie Boulter (GBR)-Karolina Muchova (Che\/7)<br \/>Lloyd Harris (Saf)-Stefanos Tsitsipas (Gre)\u200b<\/p>\n<p data-gtm-element-container=\"modulo-texto-link\" class=\"paragraph\">Tambi\u00e9n hay representaci\u00f3n espa\u00f1ola en la Pista 10, por partida doble. A las 5 de la tarde juega <strong>Jaume Munar,<\/strong> ante el franc\u00e9s Arthur Rinderknech. En tercer turno, <strong>Oksana Selekhmeteva<\/strong> se mide a la uzbeka Kamila Rakhimova.<\/p>\n<p data-gtm-element-container=\"modulo-texto-link\" class=\"paragraph\">Y en la Pista 11 un panorama similar. A las 5 de la tarde, <strong>Dani M\u00e9rida <\/strong>disputa su segundo encuentro en Flushing Meadow. Frente al ruso <strong>Andrey Rublev<\/strong>.<\/p>\n","protected":false},"excerpt":{"rendered":"La lluvia provoc\u00f3 cancelaciones este martes en el US Open 2026, lo que supondr\u00e1 que este mi\u00e9rcoles coincidan&hellip;\n","protected":false},"author":2,"featured_media":743479,"comment_status":"","ping_status":"","sticky":false,"template":"","format":"standard","meta":{"footnotes":""},"categories":[274],"tags":[168,25,24,23,167,327,326],"class_list":["post-743478","post","type-post","status-publish","format-standard","has-post-thumbnail","category-tenis","tag-deportes","tag-es","tag-espana","tag-spain","tag-sports","tag-tenis","tag-tennis"],"share_on_mastodon":{"url":"https:\/\/pubeurope.com\/@es\/117200050353596726","error":""},"_links":{"self":[{"href":"https:\/\/www.europesays.com\/es\/wp-json\/wp\/v2\/posts\/743478","targetHints":{"allow":["GET"]}}],"collection":[{"href":"https:\/\/www.europesays.com\/es\/wp-json\/wp\/v2\/posts"}],"about":[{"href":"https:\/\/www.europesays.com\/es\/wp-json\/wp\/v2\/types\/post"}],"author":[{"embeddable":true,"href":"https:\/\/www.europesays.com\/es\/wp-json\/wp\/v2\/users\/2"}],"replies":[{"embeddable":true,"href":"https:\/\/www.europesays.com\/es\/wp-json\/wp\/v2\/comments?post=743478"}],"version-history":[{"count":0,"href":"https:\/\/www.europesays.com\/es\/wp-json\/wp\/v2\/posts\/743478\/revisions"}],"wp:featuredmedia":[{"embeddable":true,"href":"https:\/\/www.europesays.com\/es\/wp-json\/wp\/v2\/media\/743479"}],"wp:attachment":[{"href":"https:\/\/www.europesays.com\/es\/wp-json\/wp\/v2\/media?parent=743478"}],"wp:term":[{"taxonomy":"category","embeddable":true,"href":"https:\/\/www.europesays.com\/es\/wp-json\/wp\/v2\/categories?post=743478"},{"taxonomy":"post_tag","embeddable":true,"href":"https:\/\/www.europesays.com\/es\/wp-json\/wp\/v2\/tags?post=743478"}],"curies":[{"name":"wp","href":"https:\/\/api.w.org\/{rel}","templated":true}]}}