{"id":743480,"date":"2026-09-02T06:35:18","date_gmt":"2026-09-02T06:35:18","guid":{"rendered":"https:\/\/www.europesays.com\/es\/743480\/"},"modified":"2026-09-02T06:35:18","modified_gmt":"2026-09-02T06:35:18","slug":"james-maledon-es-muy-bueno-y-sabe-jugar-pero-fue-horrible","status":"publish","type":"post","link":"https:\/\/www.europesays.com\/es\/743480\/","title":{"rendered":"James: \u201cMaledon es muy bueno y sabe jugar, pero\u2026 fue horrible\u201d"},"content":{"rendered":"<p class=\"\">El <b>Real Madrid<\/b> persigue en el mercado el talento perdido con las salidas de <b>Hezonja <\/b>y <b>Lyles<\/b>. En julio lleg\u00f3 <a href=\"https:\/\/as.com\/baloncesto\/euroliga\/oficial-el-madrid-ficha-a-luwawu-cabarrot-f202607-n\/\" target=\"_self\" rel=\"nofollow noopener\" title=\"https:\/\/as.com\/baloncesto\/euroliga\/oficial-el-madrid-ficha-a-luwawu-cabarrot-f202607-n\/\">Timothe <b>Luwawu-Cabarrot<\/b><\/a> y ahora el club <b>busca<\/b> un <b>escolta principal<\/b> para completar la plantilla. A falta de ese fichaje, que se antoja vital para la pelea de altos vuelos de la Euroliga, <b>Pedro Mart\u00ednez <\/b>tendr\u00e1 que sacar tambi\u00e9n algo m\u00e1s de jugadores que el curso pasado no alcanzaron su mejor versi\u00f3n, ya fuera por una cuesti\u00f3n individual o de protagonismo en el equipo. En esa lista se puede incluir a <b>Theo Maledon<\/b> (1,95 m y 24 a\u00f1os) y a <b>Andr\u00e9s Feliz<\/b>, que en la Rep\u00fablica Dominicana comparte galones y notoriedad con <b>Jean Montero<\/b>, la sensaci\u00f3n de la pasada temporada continental (y ahora fichaje estrella del Olympiacos). <\/p>\n<p class=\"\">El franc\u00e9s ha llegado a la pretemporada del Real Madrid <a href=\"https:\/\/as.com\/baloncesto\/acb\/en-busca-del-mejor-maledon-f202608-n\/\" target=\"_self\" rel=\"nofollow noopener\" title=\"https:\/\/as.com\/baloncesto\/acb\/en-busca-del-mejor-maledon-f202608-n\/\"><b>bien f\u00edsicamente y musculado<\/b><\/a> despu\u00e9s de trabajar durante el verano y ya lleva dos semanas y media de preparaci\u00f3n en Valdebebas. No ha ido con su selecci\u00f3n a esta <b>Ventana <\/b>de la fase de clasificaci\u00f3n para el <b>Mundial <\/b>del pr\u00f3ximo a\u00f1o y el pasado s\u00e1bado particip\u00f3 en el primer amistoso merengue, que se sald\u00f3 con <a href=\"https:\/\/as.com\/baloncesto\/acb\/el-madrid-pierde-en-el-estreno-pero-recupera-a-tavares-f202608-n\/\" target=\"_self\" rel=\"nofollow noopener\" title=\"https:\/\/as.com\/baloncesto\/acb\/el-madrid-pierde-en-el-estreno-pero-recupera-a-tavares-f202608-n\/\"><b>derrota ante el R\u00edo Breog\u00e1n (110-102)<\/b><\/a>. El Madrid acus\u00f3 la ausencia de media plantilla. Se vieron algunos brochazos de lo que Pedro Mart\u00ednez intentar\u00e1 construir. Muchas rotaciones y un juego m\u00e1s vertical y directo, con m\u00e1s velocidad, y que sea capaz de abrir el campo para poder ir hacia el aro en penetraci\u00f3n. Ah\u00ed Maledon puede <b>desempe\u00f1ar un papel importante<\/b> en un estilo que le permita anotar, crear ventajas y asistir con su capacidad para encarar al rival en el uno contra uno. Especialista en sacar faltas y tiros libres. <\/p>\n<p><img decoding=\"async\" src=\"https:\/\/www.europesays.com\/es\/wp-content\/uploads\/2026\/09\/ZVJW6K7ZO5FWVFXGQG5QE67STM.jpg\" alt=\"James: \u201cMaledon es muy bueno y sabe jugar, pero\u2026 fue horrible\u201d\" height=\"1223\" width=\"964\"   loading=\"lazy\" fetchpriority=\"low\"\/>Theo Maledon, durante la actual pretemporada, en la Ciudad Deportiva del Real Madrid.Real Madrid.com<\/p>\n<p class=\"\">Con <b>Campazzo <\/b>de base puro, habr\u00e1 que ver <b>cu\u00e1l de los dos<\/b>, de Maledon y Feliz, act\u00faa m\u00e1s como escolta. En el primer duelo del verano el franc\u00e9s actu\u00f3 principalmente de director, pero el compromiso no era aclaratorio de nada, ya que el otro timonel disponible era el canterano <b>Pablo Mera<\/b>, de 16 a\u00f1os. Theo estuvo en pista 26:01 (solo Abalde jug\u00f3 m\u00e1s, apenas 47 segundos) e hizo <b>15 puntos, 7 asistencias y 2 recuperaciones<\/b> con una sola p\u00e9rdida para <b>20 de valoraci\u00f3n<\/b> tras forzar 9 personales al rival. De primeras, buenos n\u00fameros; pero no fue una actuaci\u00f3n redonda. <\/p>\n<p class=\"\">Theo mostr\u00f3 una gran facilidad para romper a su defensor, pero le falt\u00f3 punter\u00eda en el lanzamiento y tacto en acciones cercanas al aro. Y <b>le falt\u00f3 marcar el comp\u00e1s y empujar al equipo, imponer su ritmo<\/b>: -12 con \u00e9l en cancha. Su carta de tiro se qued\u00f3 en 2 de 7 de dos, 1 de 6 en triples y 8 de 9 desde la personal. <\/p>\n<p>La opini\u00f3n de una estrella y otro que lo fue<\/p>\n<p class=\"\">El choque, por ser el primero de preparaci\u00f3n y por las bajas, no da para muchos an\u00e1lisis, aunque, por lo visto, s\u00ed para un peque\u00f1o <b>debate en las redes sociales<\/b> en el que ha participado el m\u00e1ximo anotador de la historia de la Euroliga, <b>Mike James<\/b> (5.916 puntos y sumando, ahora en el Efes de Laso), <b>y Tyrese Rice,<\/b> ex del Bar\u00e7a, verdugo merengue como MVP de la Final Four 2014 y ahora de vuelta al Bayern de M\u00fanich 13 a\u00f1os despu\u00e9s como entrenador de desarrollo individual.<\/p>\n<p class=\"\">Una cuenta en X que informa sobre la Euroliga en franc\u00e9s coment\u00f3 esto de Maledon, tras su actuaci\u00f3n en Pontevedra, mientras compart\u00eda una imagen de la estad\u00edstica del encuentro: \u201cMaledon <b>va a hacer una temporada enorme <\/b>y luego no podr\u00e9is decir que no estabais avisados&#8230;\u201d. <\/p>\n<p class=\"\">Mike James, que <b>no vacila<\/b> a la hora de opinar, respondi\u00f3 al mensaje: \u201cEsto es exactamente la raz\u00f3n por la que <b>la valoraci\u00f3n deber\u00eda desaparecer<\/b> del baloncesto europeo. Creo que <b>Theo es muy bueno<\/b> y sabe jugar de verdad. De hecho, el otro d\u00eda estaba elogi\u00e1ndolo, pero estad\u00edsticamente este ha sido <b>un partido horrible por su parte<\/b>. Y s\u00e9 que \u00e9l tampoco siente que haya sido un buen partido\u201d.<\/p>\n<p>Una baza para Pedro Mart\u00ednez<\/p>\n<p class=\"\">Lo conoce bien por coincidir con \u00e9l en la Euroliga y tambi\u00e9n por haberlo tenido de rival hace dos campa\u00f1as en el campeonato franc\u00e9s. En el <b>Asvel Villeurbanne<\/b>, Maledon promedi\u00f3 en Europa <b>17 puntos, 4,6 asistencias<\/b> y 20 de valoraci\u00f3n (y 9,4; 2,9 y 11,2 el pasado curso en el Real). El duelo ante el Breog\u00e1n lo vio Tyrese Rice, posiblemente por Realmadrid TV, y decidi\u00f3 intervenir dando la raz\u00f3n a James: \u201cLo vi y no hizo un buen partido. Pero est\u00e1 claro que <b>sabe jugar<\/b>\u201d. <\/p>\n<p class=\"\">Maledon ser\u00e1 <b>una de las bazas de Pedro Mart\u00ednez<\/b> en su intento de que el Madrid crezca durante la temporada. El equipo vuelve a sonar con <b>acento franc\u00e9s<\/b>, el suyo, el de Luwawu-Cabarrot y el de <b>Olivier Sarr<\/b>.<\/p>\n<p>Noticias relacionadas<img decoding=\"async\" src=\"https:\/\/www.europesays.com\/es\/wp-content\/uploads\/2026\/09\/VAYGX5LTMFEFHPKV6YLBNRI2FI.jpg\" alt=\"\" class=\"\" height=\"9\" width=\"16\"   loading=\"lazy\" data-tb-thumbnail=\"\" fetchpriority=\"low\"\/><img decoding=\"async\" src=\"https:\/\/www.europesays.com\/es\/wp-content\/uploads\/2026\/09\/JIXX4O3WIRFCLCCET7BP2NC2SA.jpg\" alt=\"\" class=\"\" height=\"9\" width=\"16\"   loading=\"lazy\" data-tb-thumbnail=\"\" fetchpriority=\"low\"\/><\/p>\n<p class=\"\"><b>\u00a1Lleva el deporte contigo! <\/b><\/p>\n<p class=\"\">Descarga la App de AS para recibir alertas al instante y configura en <b>MiZona <\/b>qu\u00e9 quieres leer, sigue a tus equipos y consulta sus partidos. <a href=\"https:\/\/trackingcodes.prisamedia.com\/as.html?utm_campaign=cierre_articulo&amp;utm_source=web\" target=\"_blank\" rel=\"nofollow noopener\" title=\"https:\/\/trackingcodes.prisamedia.com\/as.html?utm_campaign=cierre_articulo&amp;utm_source=web\"><b>Desc\u00e1rgala aqu\u00ed.<\/b><\/a><b> <\/b>\u00bfAdem\u00e1s buscas licenciar contenido? Haz clic <a href=\"https:\/\/profesional.elpais.com\/soluciones-sindicacion?utm_medium=interno&amp;utm_source=crosslinking&amp;utm_campaign=sindicacion_as_pie_articulos\" target=\"_blank\" rel=\"nofollow noopener\" title=\"https:\/\/profesional.elpais.com\/soluciones-sindicacion?utm_medium=interno&amp;utm_source=crosslinking&amp;utm_campaign=sindicacion_as_pie_articulos\">aqu\u00ed<\/a>.<\/p>\n","protected":false},"excerpt":{"rendered":"El Real Madrid persigue en el mercado el talento perdido con las salidas de Hezonja y Lyles. En&hellip;\n","protected":false},"author":2,"featured_media":743481,"comment_status":"","ping_status":"","sticky":false,"template":"","format":"standard","meta":{"footnotes":""},"categories":[269],"tags":[299,298,168,25,24,23,167],"class_list":["post-743480","post","type-post","status-publish","format-standard","has-post-thumbnail","category-baloncesto","tag-baloncesto","tag-basketball","tag-deportes","tag-es","tag-espana","tag-spain","tag-sports"],"share_on_mastodon":{"url":"https:\/\/pubeurope.com\/@es\/117200063282334777","error":""},"_links":{"self":[{"href":"https:\/\/www.europesays.com\/es\/wp-json\/wp\/v2\/posts\/743480","targetHints":{"allow":["GET"]}}],"collection":[{"href":"https:\/\/www.europesays.com\/es\/wp-json\/wp\/v2\/posts"}],"about":[{"href":"https:\/\/www.europesays.com\/es\/wp-json\/wp\/v2\/types\/post"}],"author":[{"embeddable":true,"href":"https:\/\/www.europesays.com\/es\/wp-json\/wp\/v2\/users\/2"}],"replies":[{"embeddable":true,"href":"https:\/\/www.europesays.com\/es\/wp-json\/wp\/v2\/comments?post=743480"}],"version-history":[{"count":0,"href":"https:\/\/www.europesays.com\/es\/wp-json\/wp\/v2\/posts\/743480\/revisions"}],"wp:featuredmedia":[{"embeddable":true,"href":"https:\/\/www.europesays.com\/es\/wp-json\/wp\/v2\/media\/743481"}],"wp:attachment":[{"href":"https:\/\/www.europesays.com\/es\/wp-json\/wp\/v2\/media?parent=743480"}],"wp:term":[{"taxonomy":"category","embeddable":true,"href":"https:\/\/www.europesays.com\/es\/wp-json\/wp\/v2\/categories?post=743480"},{"taxonomy":"post_tag","embeddable":true,"href":"https:\/\/www.europesays.com\/es\/wp-json\/wp\/v2\/tags?post=743480"}],"curies":[{"name":"wp","href":"https:\/\/api.w.org\/{rel}","templated":true}]}}