{"id":743482,"date":"2026-09-02T06:36:14","date_gmt":"2026-09-02T06:36:14","guid":{"rendered":"https:\/\/www.europesays.com\/es\/743482\/"},"modified":"2026-09-02T06:36:14","modified_gmt":"2026-09-02T06:36:14","slug":"el-cierre-del-mercado-de-primera-doble-bombazo-del-depor-y-caza-mayor-de-elche-y-racing","status":"publish","type":"post","link":"https:\/\/www.europesays.com\/es\/743482\/","title":{"rendered":"El cierre del mercado de Primera: Doble bombazo del D\u00e9por y caza mayor de Elche y Racing"},"content":{"rendered":"<p data-mrf-recirculation=\"Links P\u00e1rrafos\" class=\"ue-c-article__paragraph paragraph ue-c-article--first-letter-highlighted\">Se acab\u00f3. El <strong>mercado de fichajes de verano<\/strong> ha echado el\u00a0<strong>cierre<\/strong> con una jornada con mucho movimiento en los clubes de <strong>Primera divisi\u00f3n<\/strong>. El d\u00eda arranc\u00f3 a las <strong>10.40 horas<\/strong> cuando el <strong>Racing de Santander<\/strong> anunci\u00f3 el fichaje de <strong>Aar\u00f3n Mart\u00edn<\/strong>, procedente del Genoa. \u00c9l fue el primero. Despu\u00e9s, llegaron muchos m\u00e1s. En total, se completaron <strong>26 operaciones.<\/strong>\u00a0<\/p>\n<p>BETIS<\/p>\n<p data-mrf-recirculation=\"Links P\u00e1rrafos\" class=\"ue-c-article__paragraph paragraph\">La \u00faltima, pasada la una de la madrugada, fue la de <strong>Dani Ceballos<\/strong>. Uno de los <strong>bombazos<\/strong> de este mercado se hizo de rogar. El centrocampista, tras concluir su etapa en el Real Madrid, ten\u00eda arreglado su fichaje por el <strong>Betis<\/strong>, tal y como hab\u00eda informado MARCA a lo largo del d\u00eda, pero su oficialidad lleg\u00f3 ya bien entrada la noche. Firma con los verdiblancos un contrato <strong>hasta 2029.<\/strong><\/p>\n<p>BARCELONA<\/p>\n<p data-mrf-recirculation=\"Links P\u00e1rrafos\" class=\"ue-c-article__paragraph paragraph\">Aunque lleg\u00f3 a la ciudad condal el lunes, la oficialidad de la incorporaci\u00f3n de <strong>Gabriel Jes\u00fas<\/strong>\u00a0se hizo este martes. El brasile\u00f1o, por el que los cul\u00e9s han pagado al Arsenal 10 millones m\u00e1s variables, firma por tres temporadas.<\/p>\n<p>DEPORTIVO<\/p>\n<p data-mrf-recirculation=\"Links P\u00e1rrafos\" class=\"ue-c-article__paragraph paragraph\">Del Barcelona, precisamente, lleg\u00f3 a A Coru\u00f1a <strong>Marc Casad\u00f3<\/strong>, inscrito en LaLiga a falta de unos minutos para el cierre. Jugar\u00e1 cedido una campa\u00f1a, lo mismo que <strong>Gim\u00e9nez<\/strong>, a pr\u00e9stamo del Atl\u00e9tico. Ambos completar\u00e1n la plantilla de un equipo que se ha reforzado mucho y bien este verano.<\/p>\n<p>ATL\u00c9TICO<\/p>\n<p data-mrf-recirculation=\"Links P\u00e1rrafos\" class=\"ue-c-article__paragraph paragraph\"><strong>Jonathan David<\/strong>, a pr\u00e9stamo desde la Juventus, es el jugador que complet\u00f3 la delantera de Simeone. Los rojiblancos se guardan una opci\u00f3n de compra de 25 millones.<\/p>\n<p>RACING DE SANTANDER<\/p>\n<p data-mrf-recirculation=\"Links P\u00e1rrafos\" class=\"ue-c-article__paragraph paragraph\">Mucho movimiento en el Racing. Refuerzos en propiedad, con la llegada hasta 2027 de <strong>Aar\u00f3n Mart\u00edn<\/strong>, procedente del Genoa, y de <strong>Pablo Garc\u00eda<\/strong>, del Betis, hasta 2030, un jugador por el que los c\u00e1ntabros desembolsaron 5,5 millones por el 50% de sus derechos. En forma de cesi\u00f3n aterrizaron <strong>Andr\u00e9 Almeida<\/strong>, del Valencia, y <strong>Jeanu\u00ebl Belocian<\/strong>, del Bayer Leverkusen. Tambi\u00e9n hubo salidas: Gustavo Puerta, importante en el equipo, se march\u00f3 a Olympiacos.<\/p>\n<p>OSASUNA<\/p>\n<p data-mrf-recirculation=\"Links P\u00e1rrafos\" class=\"ue-c-article__paragraph paragraph\"><strong>Romain del Castillo<\/strong>, atacante franc\u00e9s que pertenec\u00eda al Stade Brestois 29, firm\u00f3 por dos temporadas con otra opcional con el equipo rojillo. Cost\u00f3 un mill\u00f3n m\u00e1s 450.000 euros en variables.<\/p>\n<p>VALENCIA<\/p>\n<p data-mrf-recirculation=\"Links P\u00e1rrafos\" class=\"ue-c-article__paragraph paragraph\">Aunque era un secreto a voces, la llegada de <strong>Harvey Elliott<\/strong>, que ya estaba en la ciudad desde el lunes, se oficializ\u00f3 este martes. El ingl\u00e9s, de 23 a\u00f1os, est\u00e1 cedido por el Liverpool hasta final de temporada en una operaci\u00f3n que no incluye opci\u00f3n de compra.<\/p>\n<p>SEVILLA<\/p>\n<p data-mrf-recirculation=\"Links P\u00e1rrafos\" class=\"ue-c-article__paragraph paragraph\">Tres refuerzos. <strong>F\u00e9lix Correia<\/strong>, extremo izquierdo, jugar\u00e1 en el Pizju\u00e1n cedido por el Lille. Tiene 25 a\u00f1os y ya ha estado en Portugal, Pa\u00edses Bajos, Italia y Francia. A pr\u00e9stamo desde el Saint-\u00c9ttiene, tambi\u00e9n lleg\u00f3 el atacante <strong>Lucas Stassin<\/strong>, internacional absoluto con B\u00e9lgica a sus 21 a\u00f1os. Y el centrocampista <strong>Youssouf Fofana<\/strong>, cedido por el Milan.<\/p>\n<p>CELTA<\/p>\n<p data-mrf-recirculation=\"Links P\u00e1rrafos\" class=\"ue-c-article__paragraph paragraph\">Un central uruguayo para apuntalar la zaga. <strong>Sebasti\u00e1n C\u00e1ceres<\/strong>, que llevaba seis temporadas y media en el Club Am\u00e9rica, fich\u00f3 hasta junio de 2030. Es el jugador que reclamaba Gir\u00e1ldez para el eje de la zaga.<\/p>\n<p>RAYO VALLECANO<\/p>\n<p data-mrf-recirculation=\"Links P\u00e1rrafos\" class=\"ue-c-article__paragraph paragraph\"><strong>Mujaid Sadick<\/strong> se convirti\u00f3 en nuevo futbolista franjirrojo tras el acuerdo alcanzado con el KRC Genk para su cesi\u00f3n. El meta <strong>Emil Audero<\/strong>, cedido por el Como, estaba inscrito en LaLiga, aunque el club no lo hab\u00eda hecho oficial. Viene para reforzar la porter\u00eda tras la lesi\u00f3n de Batalla. Tambi\u00e9n llegar\u00eda cedido <strong>Rayane<\/strong>, del Atl\u00e9tico Madrile\u00f1o, otro a\u00fan sin confirmar.<\/p>\n<p>M\u00c1LAGA<\/p>\n<p data-mrf-recirculation=\"Links P\u00e1rrafos\" class=\"ue-c-article__paragraph paragraph\">Primero, incorpor\u00f3 libre a <strong>Juan Berrocal<\/strong>, que se desvincul\u00f3 del Getafe. El central firma hasta junio de 2027. Despu\u00e9s, a <strong>Jens Cajuste<\/strong>, mediocampista cedido por el N\u00e1poles con opci\u00f3n de compra no obligatoria de ocho millones.<\/p>\n<p>GETAFE<\/p>\n<p data-mrf-recirculation=\"Links P\u00e1rrafos\" class=\"ue-c-article__paragraph paragraph\"><strong>Iv\u00e1n Az\u00f3n<\/strong>, delantero de 23 a\u00f1os, reforz\u00f3 el ataque azul\u00f3n tras el acuerdo con el Como 1907 para la cesi\u00f3n por una temporada.<\/p>\n<p>ELCHE<\/p>\n<p data-mrf-recirculation=\"Links P\u00e1rrafos\" class=\"ue-c-article__paragraph paragraph\">Incorpor\u00f3 a un campe\u00f3n del mundo: <strong>Thomas Lemar<\/strong> aterriz\u00f3 en el Mart\u00ednez Valero cedido por un a\u00f1o por el Atl\u00e9tico. Adem\u00e1s, <strong>Rub\u00e9n S\u00e1nchez<\/strong>, lateral derecho ex del Espanyol, fich\u00f3 hasta 2029, con opci\u00f3n de ampliar una temporada m\u00e1s. Cost\u00f3 medio mill\u00f3n de euros. Tambi\u00e9n <strong>Roy Revivo<\/strong>, hijo del ex jugador Haim Revivo, lleg\u00f3 traspasado procedente del Maccabi Tel Aviv. El lateral izquierdo se comprometi\u00f3 hasta 2030. Y <strong>Kevin Lom\u00f3naco<\/strong> reforzar\u00e1 el centro de la defensa despu\u00e9s de que los ilicitanos pagaran su cl\u00e1usula a Independiente de Avellaneda. En cuanto a salidas,\u00a0<strong>David Affengruber<\/strong> fue traspasado al Fulham.<\/p>\n<p>ESPANYOL<\/p>\n<p data-mrf-recirculation=\"Links P\u00e1rrafos\" class=\"ue-c-article__paragraph paragraph\">Un refuerzo para la defensa. Firm\u00f3 a <strong>Gorosabel<\/strong>, cedido por el Athletic con una opci\u00f3n de compra obligatoria sujeta a objetivos.<\/p>\n<p>LEVANTE<\/p>\n<p data-mrf-recirculation=\"Links P\u00e1rrafos\" class=\"ue-c-article__paragraph paragraph\">El delantero <strong>Petar Ratkov<\/strong>, internacional con Serbia, lleg\u00f3 a pr\u00e9stamo desde la Lazio por este curso.<\/p>\n<p>TRANQUILIDAD EN CINCO EQUIPOS<\/p>\n<p data-mrf-recirculation=\"Links P\u00e1rrafos\" class=\"ue-c-article__paragraph paragraph\"><strong>Alav\u00e9s<\/strong>, <strong>Athletic<\/strong>, <strong>Real Madrid<\/strong>, <strong>Real Sociedad<\/strong> y <strong>Villarreal<\/strong> vivieron en calma el d\u00eda del cierre del mercado. Ninguno de ellos realiz\u00f3 ninguna incorporaci\u00f3n de \u00faltima hora.<\/p>\n<blockquote class=\"ue-c-article__blockquote\">\n<p>Es un a\u00f1o sin Europa y el club ten\u00eda que ajustar ese mercado<\/p>\n<p>Mikel Gonz\u00e1lez, director general de F\u00fatbol<\/p><\/blockquote>\n<p>EL EQUIPO SIN FICHAJES<\/p>\n<p data-mrf-recirculation=\"Links P\u00e1rrafos\" class=\"ue-c-article__paragraph paragraph\">El <strong>Athletic<\/strong> ha vivido un mercado at\u00edpico. Los leones no han fichado a ning\u00fan jugador en el periodo estival. Diferentes hasta en esto. Mikel Gonz\u00e1lez, director general de F\u00fatbol, explicaba los motivos en Movistar LaLiga: \u201cNo hemos hecho incorporaciones, pero s\u00ed hubo bastantes ventas. Es un a\u00f1o sin Europa y el club ten\u00eda que ajustar ese mercado\u201d.<\/p>\n","protected":false},"excerpt":{"rendered":"Se acab\u00f3. El mercado de fichajes de verano ha echado el\u00a0cierre con una jornada con mucho movimiento en&hellip;\n","protected":false},"author":2,"featured_media":743483,"comment_status":"","ping_status":"","sticky":false,"template":"","format":"standard","meta":{"footnotes":""},"categories":[268],"tags":[168,25,24,280,282,281,23,167],"class_list":["post-743482","post","type-post","status-publish","format-standard","has-post-thumbnail","category-futbol","tag-deportes","tag-es","tag-espana","tag-football","tag-futbol","tag-soccer","tag-spain","tag-sports"],"share_on_mastodon":{"url":"https:\/\/pubeurope.com\/@es\/117200066046788618","error":""},"_links":{"self":[{"href":"https:\/\/www.europesays.com\/es\/wp-json\/wp\/v2\/posts\/743482","targetHints":{"allow":["GET"]}}],"collection":[{"href":"https:\/\/www.europesays.com\/es\/wp-json\/wp\/v2\/posts"}],"about":[{"href":"https:\/\/www.europesays.com\/es\/wp-json\/wp\/v2\/types\/post"}],"author":[{"embeddable":true,"href":"https:\/\/www.europesays.com\/es\/wp-json\/wp\/v2\/users\/2"}],"replies":[{"embeddable":true,"href":"https:\/\/www.europesays.com\/es\/wp-json\/wp\/v2\/comments?post=743482"}],"version-history":[{"count":0,"href":"https:\/\/www.europesays.com\/es\/wp-json\/wp\/v2\/posts\/743482\/revisions"}],"wp:featuredmedia":[{"embeddable":true,"href":"https:\/\/www.europesays.com\/es\/wp-json\/wp\/v2\/media\/743483"}],"wp:attachment":[{"href":"https:\/\/www.europesays.com\/es\/wp-json\/wp\/v2\/media?parent=743482"}],"wp:term":[{"taxonomy":"category","embeddable":true,"href":"https:\/\/www.europesays.com\/es\/wp-json\/wp\/v2\/categories?post=743482"},{"taxonomy":"post_tag","embeddable":true,"href":"https:\/\/www.europesays.com\/es\/wp-json\/wp\/v2\/tags?post=743482"}],"curies":[{"name":"wp","href":"https:\/\/api.w.org\/{rel}","templated":true}]}}