{"id":743486,"date":"2026-09-02T06:38:18","date_gmt":"2026-09-02T06:38:18","guid":{"rendered":"https:\/\/www.europesays.com\/es\/743486\/"},"modified":"2026-09-02T06:38:18","modified_gmt":"2026-09-02T06:38:18","slug":"de-pintarrajear-las-libretas-en-el-colegio-al-top-10-del-grafiti-mundial-jose-poch-una-vida-de-aerosol-en-corvera","status":"publish","type":"post","link":"https:\/\/www.europesays.com\/es\/743486\/","title":{"rendered":"De pintarrajear las libretas en el colegio al top 10 del grafiti mundial: Jos\u00e9 \u00abPoch\u00bb, una vida de aerosol en Corvera"},"content":{"rendered":"<p class=\"ft-text ft-helper-closenews\">A Jos\u00e9 \u00abPoch\u00bb las manos se le mancharon de spray mucho antes de que el graffiti se rebautizara como \u00abarte urbano\u00bb, ganara cach\u00e9 social y atrajese inversi\u00f3n p\u00fablica y privada. Ocurri\u00f3 a mediados de los noventa, entre los m\u00e1rgenes garabateados de las libretas del instituto y una visita a\u00fan adolescente a una Barcelona que a sus ojos ol\u00eda a libertad y aerosol. Por aquel entonces, pintar en la calle era visto casi con desprecio. Tres d\u00e9cadas despu\u00e9s, el graffitero corverano recorre el pa\u00eds de festival en festival, pinta en museos y firma obras que se cuelan entre las mejores de los concursos internacionales.<\/p>\n<p class=\"ft-text\">Ese contraste entre el rechazo del pasado y la aceptaci\u00f3n actual define su trayectoria y se refleja en sus dos grandes intervenciones en la comarca. Por un lado, en Trasona, Poch firm\u00f3 un mural que opt\u00f3 a erigirse como el mejor a nivel mundial. Por otro lado, el artista levant\u00f3 un homenaje a la memoria obrera en San Balandr\u00e1n, de camino a la desembocadura de la r\u00eda de Avil\u00e9s, a petici\u00f3n de la asociaci\u00f3n de vecinos, que se col\u00f3 en el top 10 de \u00abStreetartcities\u00bb, una web que recoge los mejores dise\u00f1os a nivel internacional y en la que Poch se ha convertido en habitual. En este mural, dedicado a las rederas, el corverano rescat\u00f3 del olvido la labor de un colectivo hist\u00f3ricamente invisibilizado: \u00abEra una zona de vigilancia hacia el mar para controlar el regreso de los barcos. Mientras esperaban, tej\u00edan las redes. Era una labor esencial\u00bb, explica Poch sobre una intervenci\u00f3n que le llev\u00f3 algo m\u00e1s de una semana sorteando el viento y la lluvia.<\/p>\n<p><img decoding=\"async\" src=\"https:\/\/www.europesays.com\/es\/wp-content\/uploads\/2026\/09\/cba881b1-a26d-4238-b500-fc0d26ed2e05_alta-libre-aspect-ratio_default_0_x1024y512.jpg\" width=\"1200\" height=\"900\" alt=\"Detalle del mural de las rederas.\" class=\"ft-helper-img-rd\" loading=\"lazy\" fetchpriority=\"auto\"\/><\/p>\n<p class=\"ft-helper-fontColor-quaternary ft-helper-fontSize-body-S ft-helper-spacer-t-xxs\">Detalle del mural de las rederas.  \/ Christian Garc\u00eda<\/p>\n<p class=\"ft-text\">El reconocimiento actual a esta disciplinas, recuerda Poch, dista mucho de los comienzos del movimiento en la comarca, cuando se aprend\u00eda de manera autodidacta y \u00abconseguir una revista de graffiti era como tener internet hace 20 a\u00f1os, era superdif\u00edcil\u00bb. \u00abSi alguien aprend\u00eda una cosa, te la ense\u00f1aba\u00bb, recuerda de una \u00e9poca marcada por las estrecheces econ\u00f3micas para conseguir materiales. Con los a\u00f1os, el movimiento mut\u00f3. La calle dej\u00f3 de ser exclusiva de los considerados \u00abapestados\u00bb para abrirse a dise\u00f1adores gr\u00e1ficos, ilustradores y pintores de estudio. De forma paralela, muchos nombres pioneros de la escena avilesina y asturiana encontraron en el tatuaje una salida profesional donde volcar su dominio del trazo. <\/p>\n<p class=\"ft-text\">Esa normalizaci\u00f3n tambi\u00e9n sirvi\u00f3 para romper falsos mitos sobre qui\u00e9n trasnocha con un bote en la mano. Poch desmonta los clich\u00e9s sobre el \u00abvandalismo\u00bb y los desorbitados presupuestos de limpieza de vagones. \u00abLa gente est\u00e1 enga\u00f1ada. A lo mejor tu dentista tiene 40 a\u00f1os y es el que est\u00e1 pintando el tren por la noche. Hay artistas como COPE2, de m\u00e1s de 50 a\u00f1os, que siguen pintando trenes y luego venden cuadros en galer\u00edas por 3.000 euros\u00bb, detalla.<\/p>\n<p><img decoding=\"async\" src=\"https:\/\/www.europesays.com\/es\/wp-content\/uploads\/2026\/09\/129c7fc5-b9bc-46c2-8793-27ebdc88684f_alta-libre-aspect-ratio_default_0_x800y400.jpg\" width=\"1200\" height=\"900\" alt=\"&quot;Poch&quot;, durante la realizaci\u00f3n de un mural en el museo leon\u00e9s.\" class=\"ft-helper-img-rd\" loading=\"lazy\" fetchpriority=\"auto\"\/><\/p>\n<p class=\"ft-helper-fontColor-quaternary ft-helper-fontSize-body-S ft-helper-spacer-t-xxs\">\u00abPoch\u00bb, durante la realizaci\u00f3n de un mural en el museo leon\u00e9s.  \/ J. P.<\/p>\n<p class=\"ft-text\">En la actualidad, sobrevivir profesionalmente del spray implica un equilibrio constante entre la identidad art\u00edstica y el sustento diario. Poch mantiene su econom\u00eda combinando el circuito de festivales con encargos comerciales para todo tipo de clientes y negocios: desde cierres de locales \u2014como la persiana de un gimnasio en Le\u00f3n\u2014 hasta fachadas privadas o talleres mec\u00e1nicos, recordando con cari\u00f1o que su primer encargo remunerado fue precisamente el pintado del taller Neum\u00e1ticos Gra\u00f1a, en Corvera, a principios de los a\u00f1os 2000.<\/p>\n<p class=\"ft-text\">Esta necesidad de profesionalizaci\u00f3n choca a menudo con la paradoja econ\u00f3mica de ciertas convocatorias p\u00fablicas, una precariedad que el artista no duda en denunciar: \u00abEst\u00e1n sacando concursos donde el metro cuadrado sale a 13 euros, que es lo que cobra un pintor por dar una capa de blanco. Te piden un mural gigante que va a durar a\u00f1os y que van a meter en rutas tur\u00edsticas a cambio de 500 euros y una camiseta. Si no tienes dinero para un proyecto as\u00ed, no lo hagas. No desprestigies el trabajo\u00bb.<\/p>\n<p><img decoding=\"async\" src=\"https:\/\/www.europesays.com\/es\/wp-content\/uploads\/2026\/09\/b2923bb2-bd73-4fd8-bf5f-2b159a2761ee_alta-libre-aspect-ratio_default_0_x1024y452.jpg\" width=\"1200\" height=\"796\" alt=\"Trabajo de Poch en Neum\u00e1ticos Gra\u00f1a.\" class=\"ft-helper-img-rd\" loading=\"lazy\" fetchpriority=\"auto\"\/><\/p>\n<p class=\"ft-helper-fontColor-quaternary ft-helper-fontSize-body-S ft-helper-spacer-t-xxs\">Trabajo de Poch en Neum\u00e1ticos Gra\u00f1a.  \/ Poch<\/p>\n<p class=\"ft-text\">Ahora, cuando los encargos amenazan con saturar la creatividad, el ant\u00eddoto para Poch sigue siendo el mismo que hace treinta a\u00f1os: la pared libre. \u00abUtilizo el graffiti de fin de semana para desconectar, para hacer lo que me gusta sin llevar nada pensado, improvisar y pasar la tarde con amigos. Es como el que hace surf y se va a tomar unas cervezas a la playa\u00bb. Entre encargos comerciales y proyectos para festivales, Poch contin\u00faa regresando a las letras, la esencia con la que empez\u00f3 a mancharse las manos cuando pintar la calle era, simplemente, una forma de expresarse en el mundo.<\/p>\n<p data-close=\"closedContent\" class=\"subscribeHideForDisplay\">Suscr\u00edbete para seguir leyendo<\/p>\n","protected":false},"excerpt":{"rendered":"A Jos\u00e9 \u00abPoch\u00bb las manos se le mancharon de spray mucho antes de que el graffiti se rebautizara&hellip;\n","protected":false},"author":2,"featured_media":743487,"comment_status":"","ping_status":"","sticky":false,"template":"","format":"standard","meta":{"footnotes":""},"categories":[173],"tags":[5287,229,233,231,230,42658,16894,232,234,146,147,981,25,24,113857,131932,23,1720],"class_list":["post-743486","post","type-post","status-publish","format-standard","has-post-thumbnail","category-arte-y-diseno","tag-5287","tag-arte","tag-arte-y-diseno","tag-arts","tag-arts-and-design","tag-colegio","tag-corvera","tag-design","tag-diseno","tag-entertainment","tag-entretenimiento","tag-era","tag-es","tag-espana","tag-libretas","tag-pintarrajear","tag-spain","tag-top"],"share_on_mastodon":{"url":"https:\/\/pubeurope.com\/@es\/117200074133218058","error":""},"_links":{"self":[{"href":"https:\/\/www.europesays.com\/es\/wp-json\/wp\/v2\/posts\/743486","targetHints":{"allow":["GET"]}}],"collection":[{"href":"https:\/\/www.europesays.com\/es\/wp-json\/wp\/v2\/posts"}],"about":[{"href":"https:\/\/www.europesays.com\/es\/wp-json\/wp\/v2\/types\/post"}],"author":[{"embeddable":true,"href":"https:\/\/www.europesays.com\/es\/wp-json\/wp\/v2\/users\/2"}],"replies":[{"embeddable":true,"href":"https:\/\/www.europesays.com\/es\/wp-json\/wp\/v2\/comments?post=743486"}],"version-history":[{"count":0,"href":"https:\/\/www.europesays.com\/es\/wp-json\/wp\/v2\/posts\/743486\/revisions"}],"wp:featuredmedia":[{"embeddable":true,"href":"https:\/\/www.europesays.com\/es\/wp-json\/wp\/v2\/media\/743487"}],"wp:attachment":[{"href":"https:\/\/www.europesays.com\/es\/wp-json\/wp\/v2\/media?parent=743486"}],"wp:term":[{"taxonomy":"category","embeddable":true,"href":"https:\/\/www.europesays.com\/es\/wp-json\/wp\/v2\/categories?post=743486"},{"taxonomy":"post_tag","embeddable":true,"href":"https:\/\/www.europesays.com\/es\/wp-json\/wp\/v2\/tags?post=743486"}],"curies":[{"name":"wp","href":"https:\/\/api.w.org\/{rel}","templated":true}]}}