{"id":743496,"date":"2026-09-02T06:44:13","date_gmt":"2026-09-02T06:44:13","guid":{"rendered":"https:\/\/www.europesays.com\/es\/743496\/"},"modified":"2026-09-02T06:44:13","modified_gmt":"2026-09-02T06:44:13","slug":"un-medico-espanol-halla-la-clave-para-reducir-la-mortalidad-de-la-amiloidosis-cardiaca","status":"publish","type":"post","link":"https:\/\/www.europesays.com\/es\/743496\/","title":{"rendered":"Un m\u00e9dico espa\u00f1ol halla la clave para reducir la mortalidad de la amiloidosis cardiaca"},"content":{"rendered":"<p>Un estudio internacional liderado por el <strong>Hospital Universitario Puerta de Hierro Majadahonda<\/strong> ha constatado los claros beneficios cl\u00ednicos que ofrece el tratamiento con un silenciador de transtiretina en los pacientes diagnosticados de amiloidosis producida por esta prote\u00edna. <\/p>\n<p>La amiloidosis por transtiretina es una enfermedad grave que provoca el paulatino engrosamiento de las paredes del coraz\u00f3n, desencadenando arritmias frecuentes y un progresivo deterioro cardiaco que culmina en s\u00edntomas de insuficiencia grave. Antes de la aparici\u00f3n de abordajes terap\u00e9uticos espec\u00edficos para combatirla, los afectados por esta dolencia se enfrentaban a una <strong>esperanza de vida de entre dos y seis a\u00f1os<\/strong> tras el diagn\u00f3stico inicial.<\/p>\n<p>El trabajo cient\u00edfico ha sido dirigido por <strong>Pablo Garc\u00eda-Pav\u00eda<\/strong>, jefe de secci\u00f3n de Cardiopat\u00edas Familiares del hospital madrile\u00f1o, as\u00ed como investigador principal del CNIC y del centro Cibercv. Considerado hoy en d\u00eda como uno de los especialistas m\u00e1s destacados a nivel global en esta enfermedad, su investigaci\u00f3n ha logrado un enorme impacto y ha sido publicada en la revista m\u00e9dica Nature Medicine.<\/p>\n<p>Monoterapia y combinaci\u00f3n<\/p>\n<p>Hist\u00f3ricamente, las terapias disponibles inclu\u00edan el uso de estabilizadores de la transtiretina para evitar la formaci\u00f3n del amiloide \u2014la sustancia que se acumula en las paredes cardiacas\u2014 y los silenciadores, centrados en reducir la producci\u00f3n hep\u00e1tica de la prote\u00edna. El objetivo de este estudio ha sido evaluar el impacto cl\u00ednico de un novedoso silenciador gen\u00e9tico, tanto administrado en <strong>monoterapia como en combinaci\u00f3n<\/strong> con los citados estabilizadores.<\/p>\n<p>Los datos recopilados reflejan que los individuos tratados \u00fanicamente con el silenciador obtuvieron ventajas terap\u00e9uticas de gran relevancia. Entre ellas, destaca una notable reducci\u00f3n de la mortalidad cardiovascular y de otros episodios recurrentes asociados, as\u00ed como un <strong>menor deterioro de la capacidad funcional<\/strong> de los enfermos. Por el contrario, no se observ\u00f3 mejora alguna al combinarlo en aquellos que ya tomaban estabilizadores, por lo que la comunidad m\u00e9dica aconseja ahora administrar estos tratamientos de forma estrictamente individual.<\/p>\n<p>&#13;<br \/>\n    Relacionado&#13;<br \/>\n    &#13;<\/p>\n<p>Este ensayo ha sido impulsado por corporaciones del sector como Astrazeneca e Ionis y ha requerido la participaci\u00f3n directa de <strong>1.432 pacientes originarios de distintos pa\u00edses<\/strong>. Tras su finalizaci\u00f3n, todos los resultados y conclusiones se han expuesto oficialmente durante el \u00faltimo Congreso Europeo de Cardiolog\u00eda. <\/p>\n","protected":false},"excerpt":{"rendered":"Un estudio internacional liderado por el Hospital Universitario Puerta de Hierro Majadahonda ha constatado los claros beneficios cl\u00ednicos&hellip;\n","protected":false},"author":2,"featured_media":743497,"comment_status":"","ping_status":"","sticky":false,"template":"","format":"standard","meta":{"footnotes":""},"categories":[92],"tags":[131933,131934,18049,25,24,165,131935,131936,131937,205,131938,131939,166,23],"class_list":["post-743496","post","type-post","status-publish","format-standard","has-post-thumbnail","category-salud","tag-amiloidosis","tag-amiloidosis-cardiaca","tag-astrazeneca","tag-es","tag-espana","tag-health","tag-hospital-puerta-de-hierro","tag-hospital-universitario-puerta-de-hierro","tag-ionis","tag-madrid","tag-nature-medicine","tag-pablo-garcia-pavia","tag-salud","tag-spain"],"share_on_mastodon":{"url":"https:\/\/pubeurope.com\/@es\/117200098041549421","error":""},"_links":{"self":[{"href":"https:\/\/www.europesays.com\/es\/wp-json\/wp\/v2\/posts\/743496","targetHints":{"allow":["GET"]}}],"collection":[{"href":"https:\/\/www.europesays.com\/es\/wp-json\/wp\/v2\/posts"}],"about":[{"href":"https:\/\/www.europesays.com\/es\/wp-json\/wp\/v2\/types\/post"}],"author":[{"embeddable":true,"href":"https:\/\/www.europesays.com\/es\/wp-json\/wp\/v2\/users\/2"}],"replies":[{"embeddable":true,"href":"https:\/\/www.europesays.com\/es\/wp-json\/wp\/v2\/comments?post=743496"}],"version-history":[{"count":0,"href":"https:\/\/www.europesays.com\/es\/wp-json\/wp\/v2\/posts\/743496\/revisions"}],"wp:featuredmedia":[{"embeddable":true,"href":"https:\/\/www.europesays.com\/es\/wp-json\/wp\/v2\/media\/743497"}],"wp:attachment":[{"href":"https:\/\/www.europesays.com\/es\/wp-json\/wp\/v2\/media?parent=743496"}],"wp:term":[{"taxonomy":"category","embeddable":true,"href":"https:\/\/www.europesays.com\/es\/wp-json\/wp\/v2\/categories?post=743496"},{"taxonomy":"post_tag","embeddable":true,"href":"https:\/\/www.europesays.com\/es\/wp-json\/wp\/v2\/tags?post=743496"}],"curies":[{"name":"wp","href":"https:\/\/api.w.org\/{rel}","templated":true}]}}