{"id":743512,"date":"2026-09-02T06:55:13","date_gmt":"2026-09-02T06:55:13","guid":{"rendered":"https:\/\/www.europesays.com\/es\/743512\/"},"modified":"2026-09-02T06:55:13","modified_gmt":"2026-09-02T06:55:13","slug":"aplazado-el-partido-de-badosa-cuando-estaba-a-2-puntos-de-la-victoria-a-una-jornada-de-miercoles-con-jodar-y-alcaraz","status":"publish","type":"post","link":"https:\/\/www.europesays.com\/es\/743512\/","title":{"rendered":"Aplazado el partido de Badosa cuando estaba a 2 puntos de la victoria a una jornada de mi\u00e9rcoles con J\u00f3dar y Alcaraz"},"content":{"rendered":"<p class=\"ft-text\">Paula Badosa regres\u00f3 a competir este martes por primera vez desde julio y <strong>estaba a dos puntos de la victoria contra la australiana Daria Kasatkina (6-1 y 5-4, 40-40) <\/strong>cuando la lluvia oblig\u00f3 a interrumpir el partido y a aplazarlo al mi\u00e9rcoles. Ya hab\u00eda tenido dos bolas de partido, sin poder aprovecharlas, cuando la lluvia empez\u00f3 a caer en Nueva York, en una jornada muy marcada por los problemas meteorol\u00f3gicos.<\/p>\n<p class=\"ft-text\"><strong>Badosa no jugaba desde los cuartos de final de Hamburgo <\/strong>y su ausencia de las pistas en superficie r\u00e1pida fue a\u00fan m\u00e1s larga y se remontaba al pasado marzo en Miami. La espa\u00f1ola, nacida en Nueva York, tambi\u00e9n llevaba mucho tiempo esperando volver a pisar las pistas de Flushing Meadows tras su renuncia por problemas de espalda en 2025.<\/p>\n<p>Jornada de mi\u00e9rcoles con J\u00f3dar y Alcaraz<\/p>\n<p class=\"ft-text\">A su vez, la lluvia ca\u00edda de manera intermitente este martes en Nueva York tambi\u00e9n oblig\u00f3 a aplazar a hoy mi\u00e9rcoles <strong>el estreno del espa\u00f1ol Rafael J\u00f3dar en el Abierto de Estados Unidos<\/strong>. J\u00f3dar, n\u00famero 13 del mundo, iba a medirse con el chino Yunchaokete Bu, n\u00famero 124, el pasado martes, pero finalmente jugar\u00e1 en la pista 17 este mi\u00e9rcoles, no antes de las 12.30 de Nueva York.<\/p>\n<p class=\"ft-text\">El espa\u00f1ol, de 19 a\u00f1os, ha vivido una primera temporada extraordinaria en el circuito ATP y fue recientemente finalista en el torneo de Washington DC. Este mi\u00e9rcoles tambi\u00e9n volver\u00e1 a competi<strong>r Carlos Alcaraz, que cerrar\u00e1 el programa nocturno en la pista Arthur Ashe <\/strong>contra el portugu\u00e9s Jaime Faria, en un partido correspondiente a la segunda ronda.<\/p>\n<p>Bouzas pasa de ronda<\/p>\n<p class=\"ft-text\">S\u00ed pudo avanzar Jessica Bouzas, n\u00famero 105 del r\u00e1nking mundial,<strong> que se impuso con autoridad por 6-3 y 6-4 a la checa Darija Vidmanova<\/strong>, n\u00famero 5. La espa\u00f1ola ser\u00e1 rival de la kazaja Elena Rybakina, segunda favorita, que dobleg\u00f3 a la estadounidense Thea Frodin, n\u00famero 585. Por otro lado, la tambi\u00e9n espa\u00f1ola Kaitlin Quevedo cay\u00f3 6-4 y 6-4 ante la belga Elise Mertens, vig\u00e9sima favorita. EFE<\/p>\n","protected":false},"excerpt":{"rendered":"Paula Badosa regres\u00f3 a competir este martes por primera vez desde julio y estaba a dos puntos de&hellip;\n","protected":false},"author":2,"featured_media":743513,"comment_status":"","ping_status":"","sticky":false,"template":"","format":"standard","meta":{"footnotes":""},"categories":[274],"tags":[10903,49085,11838,168,25,24,1045,6417,69993,23,167,327,326],"class_list":["post-743512","post","type-post","status-publish","format-standard","has-post-thumbnail","category-tenis","tag-10903","tag-aplazado","tag-badosa","tag-deportes","tag-es","tag-espana","tag-partido","tag-puntos","tag-rafa-jodar","tag-spain","tag-sports","tag-tenis","tag-tennis"],"share_on_mastodon":{"url":"https:\/\/pubeurope.com\/@es\/117200140775223871","error":""},"_links":{"self":[{"href":"https:\/\/www.europesays.com\/es\/wp-json\/wp\/v2\/posts\/743512","targetHints":{"allow":["GET"]}}],"collection":[{"href":"https:\/\/www.europesays.com\/es\/wp-json\/wp\/v2\/posts"}],"about":[{"href":"https:\/\/www.europesays.com\/es\/wp-json\/wp\/v2\/types\/post"}],"author":[{"embeddable":true,"href":"https:\/\/www.europesays.com\/es\/wp-json\/wp\/v2\/users\/2"}],"replies":[{"embeddable":true,"href":"https:\/\/www.europesays.com\/es\/wp-json\/wp\/v2\/comments?post=743512"}],"version-history":[{"count":0,"href":"https:\/\/www.europesays.com\/es\/wp-json\/wp\/v2\/posts\/743512\/revisions"}],"wp:featuredmedia":[{"embeddable":true,"href":"https:\/\/www.europesays.com\/es\/wp-json\/wp\/v2\/media\/743513"}],"wp:attachment":[{"href":"https:\/\/www.europesays.com\/es\/wp-json\/wp\/v2\/media?parent=743512"}],"wp:term":[{"taxonomy":"category","embeddable":true,"href":"https:\/\/www.europesays.com\/es\/wp-json\/wp\/v2\/categories?post=743512"},{"taxonomy":"post_tag","embeddable":true,"href":"https:\/\/www.europesays.com\/es\/wp-json\/wp\/v2\/tags?post=743512"}],"curies":[{"name":"wp","href":"https:\/\/api.w.org\/{rel}","templated":true}]}}