{"id":743514,"date":"2026-09-02T06:56:28","date_gmt":"2026-09-02T06:56:28","guid":{"rendered":"https:\/\/www.europesays.com\/es\/743514\/"},"modified":"2026-09-02T06:56:28","modified_gmt":"2026-09-02T06:56:28","slug":"enric-mas-el-lider-espanol-de-lavuelta-no-quiero-pensar-en-que-pasara-si-gano","status":"publish","type":"post","link":"https:\/\/www.europesays.com\/es\/743514\/","title":{"rendered":"Enric Mas, el l\u00edder espa\u00f1ol de LaVuelta: \u201cNo quiero pensar en qu\u00e9 pasar\u00e1 si gano\u201d"},"content":{"rendered":"<p data-mrf-recirculation=\"Links P\u00e1rrafos\" class=\"ue-c-article__paragraph paragraph xai-icon-container ue-c-article--first-letter-highlighted\">Durante a\u00f1os, <strong>Enric Mas<\/strong> ha vivido a pocos segundos de la gloria y demasiado cerca del ruido. Ha sido segundo, tercero, se\u00f1alado, discutido y obligado a convivir con una exigencia heredada de una generaci\u00f3n irrepetible. Tambi\u00e9n ha aprendido a esperar. A esperar cuando el cuerpo no respond\u00eda, cuando una operaci\u00f3n le oblig\u00f3 a parar durante meses y cuando parec\u00eda que el ciclismo avanzaba m\u00e1s deprisa que \u00e9l. Ahora, sin embargo, <strong>la carretera le ha devuelto una oportunidad que conoce bien<\/strong>, aunque nunca la hab\u00eda visto desde este lugar: vestido de rojo y mirando al resto desde lo m\u00e1s alto de LaVuelta.<\/p>\n<p><img decoding=\"async\" width=\"1537\" height=\"1023\" class=\"ue-c-article__image lazyload\" alt=\"Enric, con su equipo durante el d\u00eda de descanso tras la entrevista con MARCA.\" loading=\"lazy\" src=\"https:\/\/www.europesays.com\/es\/wp-content\/uploads\/2026\/09\/6a95e69832f03.png\"\/><\/p>\n<p>Enric, con su equipo durante el d\u00eda de descanso tras la entrevista con MARCA.Iraia Calvo<\/p>\n<p data-mrf-recirculation=\"Links P\u00e1rrafos\" class=\"ue-c-article__paragraph paragraph xai-icon-container\">Mas sonr\u00ede, pero se protege de los sue\u00f1os. No quiere imaginar Granada, ni celebraciones, ni siquiera qu\u00e9 ocurrir\u00eda si por fin gana esa gran vuelta que persigue desde hace a\u00f1os. Prefiere hablar del camino, de la familia, de las cr\u00edticas que convirti\u00f3 en bromas y de una felicidad que asegura no depender de una clasificaci\u00f3n. A <strong>MARCA<\/strong> le abre la puerta a sus pensamientos en el momento m\u00e1s importante de su carrera, mientras intenta hacer algo quiz\u00e1 m\u00e1s dif\u00edcil que conquistar La Roja: llevarla puesta sin pensar todav\u00eda en todo lo que puede significar.<\/p>\n<p><img decoding=\"async\" width=\"819\" height=\"1049\" class=\"ue-c-article__image lazyload\" alt=\"La portada de MARCA con Enric Mas.\" loading=\"lazy\" src=\"https:\/\/www.europesays.com\/es\/wp-content\/uploads\/2026\/09\/6a97bfe55d838.jpeg\"\/><\/p>\n<p>La portada de MARCA con Enric Mas.<\/p>\n<p data-mrf-recirculation=\"Links P\u00e1rrafos\" class=\"ue-c-article__paragraph paragraph xai-icon-container\"><strong>Pregunta. \u00bfC\u00f3mo est\u00e1 viviendo estos primeros d\u00edas como l\u00edder de esta gran vuelta?<\/strong><\/p>\n<p data-mrf-recirculation=\"Links P\u00e1rrafos\" class=\"ue-c-article__paragraph paragraph xai-icon-container\">Respuesta. Bien, la verdad es que bien. Es una sensaci\u00f3n muy especial, que estoy disfrutando mucho, y creo que todo el equipo la est\u00e1 disfrutando. Es una sensaci\u00f3n que vino por una desgracia de carrera, la ca\u00edda de Tadej, pero, despu\u00e9s de todo lo sucedido y como no est\u00e1 Tadej, ya nos merec\u00edamos el maillot. Ahora, a disfrutar.<\/p>\n<p><img decoding=\"async\" width=\"1448\" height=\"1086\" class=\"ue-c-article__image lazyload\" alt=\"Enric, durante la entrevista con MARCA el lunes el Albacete.\" loading=\"lazy\" src=\"https:\/\/www.europesays.com\/es\/wp-content\/uploads\/2026\/09\/6a95e5b2b21e2.png\"\/><\/p>\n<p>Enric, durante la entrevista con MARCA el lunes el Albacete.Iraia Calvo.<\/p>\n<p data-mrf-recirculation=\"Links P\u00e1rrafos\" class=\"ue-c-article__paragraph paragraph xai-icon-container\"><strong>P. El grito en Aitana fue revelador, \u00bfen qu\u00e9 fue lo primero que pens\u00f3 al cruzar la l\u00ednea de meta?<\/strong><\/p>\n<p data-mrf-recirculation=\"Links P\u00e1rrafos\" class=\"ue-c-article__paragraph paragraph xai-icon-container\">R. A\u00fan me duelen las muelas del esfuerzo que pegu\u00e9 cuando cruc\u00e9 meta y del grito que di. Fue rabia, felicidad&#8230; \u00a1Un mix de todo!<\/p>\n<p data-mrf-recirculation=\"Links P\u00e1rrafos\" class=\"ue-c-article__paragraph paragraph xai-icon-container\"><strong>P. A prop\u00f3sito de todo lo que ha pasado, \u00bfhubo alg\u00fan momento en el que pensara que no podr\u00eda volver a su mejor nivel por esos dolores y por esa situaci\u00f3n?<\/strong><\/p>\n<p data-mrf-recirculation=\"Links P\u00e1rrafos\" class=\"ue-c-article__paragraph paragraph xai-icon-container\">R. No, no, ni mucho menos. Los m\u00e9dicos, tanto el que me oper\u00f3 como los m\u00e9dicos del equipo y el entrenador, me dijeron que era cuesti\u00f3n de tiempo. No era una operaci\u00f3n, entre comillas, f\u00e1cil. Tuve que estar casi cuatro meses parado, pero eso no quiere decir que no pudiera volver al nivel. Simplemente necesitaba tiempo, confiar en m\u00ed y estar tranquilo.<\/p>\n<p data-mrf-recirculation=\"Links P\u00e1rrafos\" class=\"ue-c-article__paragraph paragraph xai-icon-container\"><strong>P. \u00bfLe ha pesado la presi\u00f3n de ser el espa\u00f1ol con m\u00e1s opciones? Luego han llegado Ayuso, Carlos y otros, pero durante los \u00faltimos a\u00f1os siempre ha estado ah\u00ed. \u00bfLe ha pesado esa mochila de tener que ganar LaVuelta o hacer un papel importante?<\/strong><\/p>\n<p data-mrf-recirculation=\"Links P\u00e1rrafos\" class=\"ue-c-article__paragraph paragraph xai-icon-container\">R. Tenemos que ser conscientes de que la historia del ciclismo en Espa\u00f1a ha sido tan, tan, tan buena&#8230; Antes de que yo empezase ya estaban Alejandro, Alberto, Joaqu\u00edn y muchos otros que ahora no menciono. Hay much\u00edsimos. Alberto ha ganado nueve grandes vueltas, el Bala siempre ha estado ah\u00ed&#8230; Creo que ha hecho siete podios en LaVuelta, uno en el Giro y uno en el Tour. Ha sido tan bueno todo que es normal que el aficionado espa\u00f1ol siempre quiera m\u00e1s de los ciclistas espa\u00f1oles. Ha habido veces que me ha ido muy bien y otras en las que no he rendido tan bien. Creo que hay que aceptarlo y ya est\u00e1.<\/p>\n<p data-mrf-recirculation=\"Links P\u00e1rrafos\" class=\"ue-c-article__paragraph paragraph xai-icon-container\"><strong>P. \u00bfPas\u00f3 por una depresi\u00f3n? Alguna vez ha comentado que ha pasado por momentos duros en lo mental.<\/strong><\/p>\n<p data-mrf-recirculation=\"Links P\u00e1rrafos\" class=\"ue-c-article__paragraph paragraph xai-icon-container\">R. No, no, ni mucho menos. No he pasado por ninguna depresi\u00f3n.<\/p>\n<p data-mrf-recirculation=\"Links P\u00e1rrafos\" class=\"ue-c-article__paragraph paragraph xai-icon-container\"><strong>P. \u00bfEs este su momento m\u00e1s feliz, m\u00e1s pleno, o ha habido otros en los que, sin ser l\u00edder, estaba igual de feliz?<\/strong><\/p>\n<p data-mrf-recirculation=\"Links P\u00e1rrafos\" class=\"ue-c-article__paragraph paragraph xai-icon-container\">R. \u00bfSabes qu\u00e9 pasa? Que detr\u00e1s hay una vida personal en la que siempre he sido feliz. Siempre me ha ido bien en ese aspecto y la felicidad yo la atribuyo a eso. Al final, el ciclismo es un trabajo. Es verdad que es lo que hacemos diariamente, pero no porque vayas mejor o peor vas a estar m\u00e1s feliz o menos. Simplemente, las sensaciones son diferentes. No puedes atribuir la felicidad a andar bien o mal, porque ah\u00ed s\u00ed que entrar\u00eda en una depresi\u00f3n: andar, estar feliz; no andar, no estar feliz.<\/p>\n<p><img decoding=\"async\" width=\"1023\" height=\"1537\" class=\"ue-c-article__image lazyload\" alt=\"Enric, con el peri\u00f3dico MARCA, el pasado lunes en Albacete.\" loading=\"lazy\" src=\"https:\/\/www.europesays.com\/es\/wp-content\/uploads\/2026\/09\/6a95e5da41138.png\"\/><\/p>\n<p>Enric, con el peri\u00f3dico MARCA, el pasado lunes en Albacete.IRAIA CALVO<\/p>\n<p data-mrf-recirculation=\"Links P\u00e1rrafos\" class=\"ue-c-article__paragraph paragraph xai-icon-container\"><strong>P. Sobre La Roja, dec\u00eda que no quiere pensar demasiado en el liderato para no obsesionarse, pero est\u00e1 ante un momento \u00fanico.<\/strong><\/p>\n<p data-mrf-recirculation=\"Links P\u00e1rrafos\" class=\"ue-c-article__paragraph paragraph xai-icon-container\">R. Pensarlo lo voy a pensar porque lo llevo puesto y, quieras o no, en el bus, en la habitaci\u00f3n, vaya donde vaya, lo voy a ver mientras lo lleve. Lo que no quiero pensar es: \u201c\u00bfY si gano, qu\u00e9 pasar\u00e1? \u00bfY si no gano, qu\u00e9 pasar\u00e1?\u201d. Simplemente quiero disfrutar del proceso y que sea lo que Dios quiera.<\/p>\n<p data-mrf-recirculation=\"Links P\u00e1rrafos\" class=\"ue-c-article__paragraph paragraph xai-icon-container\"><strong>P. Pero, \u00bfes la oportunidad de su vida?<\/strong><\/p>\n<p data-mrf-recirculation=\"Links P\u00e1rrafos\" class=\"ue-c-article__paragraph paragraph xai-icon-container\">R. S\u00ed. He sido tres veces segundo y una vez tercero, siempre he tenido esas oportunidades. Pero s\u00ed que es verdad que ahora voy l\u00edder y, bueno, a lo mejor nunca hab\u00eda ido l\u00edder&#8230; Es lo mismo, todo igual, pero ahora voy un poquito m\u00e1s delante. Tambi\u00e9n quiero recordar que estamos a\u00fan en la parte media de carrera y queda much\u00edsimo.<\/p>\n<p><img decoding=\"async\" width=\"1980\" height=\"1320\" class=\"ue-c-article__image lazyload\" alt=\"Enric, antes de salir a entrenar el pasado lunes en Albacete.\" loading=\"lazy\" src=\"https:\/\/www.europesays.com\/es\/wp-content\/uploads\/2026\/09\/6a95e63e02c68.jpeg\"\/><\/p>\n<p>Enric, antes de salir a entrenar el pasado lunes en Albacete.IRAIA CALVO<\/p>\n<p data-mrf-recirculation=\"Links P\u00e1rrafos\" class=\"ue-c-article__paragraph paragraph xai-icon-container\"><strong>P. \u00bfY si gana? \u00bfTiene pensado algo?<\/strong><\/p>\n<p data-mrf-recirculation=\"Links P\u00e1rrafos\" class=\"ue-c-article__paragraph paragraph xai-icon-container\">R. No, no. Primero, queda much\u00edsimo. Y de verdad que no quiero pensar en si gano o si no gano, porque ah\u00ed entrar\u00eda en un bucle.<\/p>\n<p><img decoding=\"async\" width=\"2671\" height=\"2000\" class=\"ue-c-article__image lazyload\" alt=\"Enric Mas, entrando triunfal en meta el pasado domingo en Aitana.\" loading=\"lazy\" src=\"https:\/\/www.europesays.com\/es\/wp-content\/uploads\/2026\/09\/6a95ec58f394e.jpeg\"\/><\/p>\n<p>Enric Mas, entrando triunfal en meta el pasado domingo en Aitana.IRAIA CALVO<\/p>\n<p data-mrf-recirculation=\"Links P\u00e1rrafos\" class=\"ue-c-article__paragraph paragraph xai-icon-container\"><strong>P. \u00bfSe ha sentido tratado injustamente alguna vez? \u00bfTen\u00eda guardadas algunas facturas para este momento?<\/strong><\/p>\n<p data-mrf-recirculation=\"Links P\u00e1rrafos\" class=\"ue-c-article__paragraph paragraph xai-icon-container\">R. No, hombre, no. Las cr\u00edticas las usamos siempre para hacer bromas. Cuando salen y nos vemos, nos re\u00edmos de todo porque, si te afectara eso, s\u00ed que es verdad que lo pasar\u00edamos mal.<\/p>\n<p><img decoding=\"async\" width=\"1023\" height=\"1537\" class=\"ue-c-article__image lazyload\" alt=\"Mas, con el peri\u00f3dico del domingo.\" loading=\"lazy\" src=\"https:\/\/www.europesays.com\/es\/wp-content\/uploads\/2026\/09\/6a95e6c8b3867.png\"\/><\/p>\n<p>Mas, con el peri\u00f3dico del domingo.N. LABARGA (MARCA)<\/p>\n<p data-mrf-recirculation=\"Links P\u00e1rrafos\" class=\"ue-c-article__paragraph paragraph xai-icon-container\"><strong>P. Para acabar, \u00bfha podido hablar con Pogacar tras lo sucedido?<\/strong><\/p>\n<p data-mrf-recirculation=\"Links P\u00e1rrafos\" class=\"ue-c-article__paragraph paragraph xai-icon-container\">R. Le mand\u00e9 un mensaje poco antes de que se cayera y s\u00e9 que los dos equipos han estado hablando. S\u00e9 que nuestro m\u00e9dico ha hablado con el suyo y, cuando le operen y dem\u00e1s, me gustar\u00eda mandarle un mensaje.<\/p>\n<p>TEST, ENRIC AL PRIMER TOQUE:<img decoding=\"async\" width=\"1448\" height=\"1086\" class=\"ue-c-article__image lazyload\" alt=\"Otra imagen de Enric durante la charla con MARCA.\" loading=\"lazy\" src=\"https:\/\/www.europesays.com\/es\/wp-content\/uploads\/2026\/09\/6a95e6798f687.png\"\/><\/p>\n<p>Otra imagen de Enric durante la charla con MARCA.Iraia Calvo<\/p>\n<p data-mrf-recirculation=\"Links P\u00e1rrafos\" class=\"ue-c-article__paragraph paragraph xai-icon-container\"><strong>\u00bfColor preferido? Ser\u00e1 el rojo&#8230;\u00a0<\/strong>Iba a decir el azul&#8230;<\/p>\n<p data-mrf-recirculation=\"Links P\u00e1rrafos\" class=\"ue-c-article__paragraph paragraph xai-icon-container\"><strong>\u00bfY letra? <\/strong>La M<\/p>\n<p data-mrf-recirculation=\"Links P\u00e1rrafos\" class=\"ue-c-article__paragraph paragraph xai-icon-container\"><strong>Mejor puerto:<\/strong> El Bartolo. No, no&#8230; Desde ahora s\u00ed. Pues el m\u00edo de Mallorca.<\/p>\n<p data-mrf-recirculation=\"Links P\u00e1rrafos\" class=\"ue-c-article__paragraph paragraph xai-icon-container\"><strong>\u00bfUn sue\u00f1o?<\/strong> Como ciclista te voy a responder: ganar una gran vuelta.<\/p>\n<p data-mrf-recirculation=\"Links P\u00e1rrafos\" class=\"ue-c-article__paragraph paragraph xai-icon-container\"><strong>\u00bfReferentes? <\/strong>Tengo dos: Alberto (Contador) y Alejandro (Valverde).<\/p>\n","protected":false},"excerpt":{"rendered":"Durante a\u00f1os, Enric Mas ha vivido a pocos segundos de la gloria y demasiado cerca del ruido. Ha&hellip;\n","protected":false},"author":2,"featured_media":743515,"comment_status":"","ping_status":"","sticky":false,"template":"","format":"standard","meta":{"footnotes":""},"categories":[273],"tags":[313,312,168,25,24,23,167],"class_list":["post-743514","post","type-post","status-publish","format-standard","has-post-thumbnail","category-ciclismo","tag-ciclismo","tag-cycling","tag-deportes","tag-es","tag-espana","tag-spain","tag-sports"],"share_on_mastodon":{"url":"https:\/\/pubeurope.com\/@es\/117200146188627538","error":""},"_links":{"self":[{"href":"https:\/\/www.europesays.com\/es\/wp-json\/wp\/v2\/posts\/743514","targetHints":{"allow":["GET"]}}],"collection":[{"href":"https:\/\/www.europesays.com\/es\/wp-json\/wp\/v2\/posts"}],"about":[{"href":"https:\/\/www.europesays.com\/es\/wp-json\/wp\/v2\/types\/post"}],"author":[{"embeddable":true,"href":"https:\/\/www.europesays.com\/es\/wp-json\/wp\/v2\/users\/2"}],"replies":[{"embeddable":true,"href":"https:\/\/www.europesays.com\/es\/wp-json\/wp\/v2\/comments?post=743514"}],"version-history":[{"count":0,"href":"https:\/\/www.europesays.com\/es\/wp-json\/wp\/v2\/posts\/743514\/revisions"}],"wp:featuredmedia":[{"embeddable":true,"href":"https:\/\/www.europesays.com\/es\/wp-json\/wp\/v2\/media\/743515"}],"wp:attachment":[{"href":"https:\/\/www.europesays.com\/es\/wp-json\/wp\/v2\/media?parent=743514"}],"wp:term":[{"taxonomy":"category","embeddable":true,"href":"https:\/\/www.europesays.com\/es\/wp-json\/wp\/v2\/categories?post=743514"},{"taxonomy":"post_tag","embeddable":true,"href":"https:\/\/www.europesays.com\/es\/wp-json\/wp\/v2\/tags?post=743514"}],"curies":[{"name":"wp","href":"https:\/\/api.w.org\/{rel}","templated":true}]}}