{"id":743516,"date":"2026-09-02T06:58:25","date_gmt":"2026-09-02T06:58:25","guid":{"rendered":"https:\/\/www.europesays.com\/es\/743516\/"},"modified":"2026-09-02T06:58:25","modified_gmt":"2026-09-02T06:58:25","slug":"valencia-basket-el-valencia-basket-ya-tiene-horarios-oficiales-para-la-supercopa-lf-endesa","status":"publish","type":"post","link":"https:\/\/www.europesays.com\/es\/743516\/","title":{"rendered":"VALENCIA BASKET: El Valencia Basket ya tiene horarios oficiales para la Supercopa LF Endesa"},"content":{"rendered":"<p class=\"ft-text\"><strong>El Valencia Basket ha conocido este martes<\/strong>, 1 de septiembre, los<strong> horarios oficiales para la<\/strong><a class=\"ft-link ft-link--decoration\" href=\"https:\/\/www.superdeporte.es\/tags\/supercopa-lf-endesa\/\" rel=\"nofollow noopener\" target=\"_blank\"> Supercopa LF Endesa<\/a> que se celebrar\u00e1 el s\u00e1bado 26 y el domingo 27 en el Pabell\u00f3n Jorge Garbajosa de Torrej\u00f3n de Ardoz y donde las taronja buscar\u00e1n su primer t\u00edtulo de la temporada en el primer trofeo oficial de la neva campa\u00f1a.<\/p>\n<p class=\"ft-text\"><strong>El Valencia Basket, campe\u00f3n en las ediciones de 2023 y 2024 <\/strong>buscar\u00e1 recuperar una corona que se le escap\u00f3 en la pasada edici\u00f3n. Las de Javier Torralba <a class=\"ft-link ft-link--decoration\" href=\"https:\/\/www.superdeporte.es\/videos\/valencia-basket\/2026\/07\/23\/valencia-basket-medira-casademont-zaragoza-en-las-semifinales-de-la-supercopa-lf-endesa-132732814.html\" rel=\"nofollow noopener\" target=\"_blank\">luchar\u00e1n el s\u00e1bado 26 por meterse en la final midi\u00e9ndose al Casademont Zaragoza en semifinales.<\/a> El cojunto aragon\u00e9s defender\u00e1 su condici\u00f3n de vigente campe\u00f3n ante el campe\u00f3n de Liga\/Copa del pasado curso, un Valencia Basket al que <strong>se medir\u00e1n a partir de las 17:15h.<\/strong> De este modo, se pondr\u00e1 en juego el primer billete a una Final cuyo segundo protagonista se conocer\u00e1 unas horas despu\u00e9s, en una <strong>segunda semifinal<\/strong> que <strong>enfrentar\u00e1 al Innova-tsn Legan\u00e9s<\/strong>, el conjunto \u00ablocal\u00bb de la cita<strong>, con un Hozono Global Jairis <\/strong>que buscar\u00e1 su primer t\u00edtulo. <\/p>\n<p class=\"ft-text\"><strong>Los dos equipos que accedan a la Final, <\/strong>luchar\u00e1n por la victoria final en un encuentro que se celebrar\u00e1 e<strong>l domingo 27 a las 17:00h, <\/strong>una cita cuyas entradas se encuentran ya a la venta en <a class=\"ft-link ft-link--decoration\" href=\"https:\/\/www.feb.es\/Inicio.aspx\" rel=\"nofollow noopener\" target=\"_blank\">FEB.es.<\/a><\/p>\n<p><img decoding=\"async\" src=\"https:\/\/www.europesays.com\/es\/wp-content\/uploads\/2026\/09\/9dbefbd6-d275-4c91-accf-38ad9028d55b_alta-libre-aspect-ratio_default_0_x900y400.jpg\" width=\"1200\" height=\"800\" alt=\"El cuadro de la Supercopa F Endesa 2026\" class=\"ft-helper-img-rd\" loading=\"lazy\" fetchpriority=\"auto\"\/><\/p>\n<p class=\"ft-helper-fontColor-quaternary ft-helper-fontSize-body-S ft-helper-spacer-t-xxs\">El cuadro de la Supercopa F Endesa 2026  \/ FEB<\/p>\n<p>XXIII SUPERCOPA LF ENDESA:<\/p>\n<p class=\"ft-text\"><strong>Fecha:<\/strong> S\u00e1bado 26 y domingo 27 de septiembre<\/p>\n<p class=\"ft-text\"><strong>Pabell\u00f3n:<\/strong> Jorge Garbajosa (Torrej\u00f3n de Ardoz)<\/p>\n<p class=\"ft-text\"><strong>TV: <\/strong>Teledeporte \/ RTVE Play<\/p>\n<p class=\"ft-text\"><strong>Semifinal 1:<\/strong><\/p>\n<p class=\"ft-text\">S\u00e1bado 26: Casademont Zaragoza vs<a class=\"ft-link ft-link--decoration\" href=\"https:\/\/www.superdeporte.es\/tags\/valencia-basket\/\" rel=\"nofollow noopener\" target=\"_blank\"> Valencia Basket<\/a> (17:15h)<\/p>\n<p class=\"ft-text\"><strong>Semifinal 2:<\/strong><\/p>\n<p class=\"ft-text\">S\u00e1bado 26: Innova-tsn Legan\u00e9s vs Hozono Global Jairis (20:00h)<\/p>\n<p class=\"ft-text\"><strong>Final:<\/strong><\/p>\n<p class=\"ft-text\">Domingo: Vencedor S1 vs Vencedor S1 (17:00h)<\/p>\n<p class=\"ft-text\"><strong>PALMAR\u00c9S:<\/strong><\/p>\n<p class=\"ft-text\"><strong>9 t\u00edtulos:<\/strong> Perfumer\u00edas Avenida<\/p>\n<p class=\"ft-text\"><strong>6 t\u00edtulos:<\/strong> Ros Casares Valencia<\/p>\n<p class=\"ft-text\"><strong>3 t\u00edtulos:<\/strong> Spar Girona<\/p>\n<p class=\"ft-text\"><strong>3 t\u00edtulos:<\/strong> Valencia Basket<\/p>\n<p class=\"ft-text\"><strong>1 t\u00edtulo:<\/strong> Casademont Zaragoza<\/p>\n<p class=\"ft-text\"><strong>1 t\u00edtulo:<\/strong> UB FC Barcelona<\/p>\n<p class=\"ft-text ft-helper-align-justify\"><strong>\u00daLTIMOS CAMPEONES:<\/strong><\/p>\n<p class=\"ft-text\"><strong>2020 Bilbao: <\/strong>Perfumer\u00edas Avenida<\/p>\n<p class=\"ft-text\"><strong>2021 Tenerife:<\/strong> Valencia<\/p>\n<p class=\"ft-text\"><strong>2022 Vitoria:<\/strong> Spar Girona<\/p>\n<p class=\"ft-text\"><strong>2023 Las Palmas:<\/strong> Valencia Basket<\/p>\n<p class=\"ft-text\"><strong>2024 Alcantarilla:<\/strong> Valencia Basket<\/p>\n<p class=\"ft-text\"><strong>2025 Huesca:<\/strong> Casademont Zaragoza<\/p>\n","protected":false},"excerpt":{"rendered":"El Valencia Basket ha conocido este martes, 1 de septiembre, los horarios oficiales para la Supercopa LF Endesa&hellip;\n","protected":false},"author":2,"featured_media":743517,"comment_status":"","ping_status":"","sticky":false,"template":"","format":"standard","meta":{"footnotes":""},"categories":[269],"tags":[299,1918,298,5369,168,2917,25,24,2612,4074,67771,691,23,167,4611,37440,235,2916],"class_list":["post-743516","post","type-post","status-publish","format-standard","has-post-thumbnail","category-baloncesto","tag-baloncesto","tag-basket","tag-basketball","tag-casademont-zaragoza","tag-deportes","tag-endesa","tag-es","tag-espana","tag-feb","tag-horarios","tag-lf","tag-oficiales","tag-spain","tag-sports","tag-supercopa","tag-supercopa-lf-endesa","tag-valencia","tag-valencia-basket"],"share_on_mastodon":{"url":"https:\/\/pubeurope.com\/@es\/117200153545527883","error":""},"_links":{"self":[{"href":"https:\/\/www.europesays.com\/es\/wp-json\/wp\/v2\/posts\/743516","targetHints":{"allow":["GET"]}}],"collection":[{"href":"https:\/\/www.europesays.com\/es\/wp-json\/wp\/v2\/posts"}],"about":[{"href":"https:\/\/www.europesays.com\/es\/wp-json\/wp\/v2\/types\/post"}],"author":[{"embeddable":true,"href":"https:\/\/www.europesays.com\/es\/wp-json\/wp\/v2\/users\/2"}],"replies":[{"embeddable":true,"href":"https:\/\/www.europesays.com\/es\/wp-json\/wp\/v2\/comments?post=743516"}],"version-history":[{"count":0,"href":"https:\/\/www.europesays.com\/es\/wp-json\/wp\/v2\/posts\/743516\/revisions"}],"wp:featuredmedia":[{"embeddable":true,"href":"https:\/\/www.europesays.com\/es\/wp-json\/wp\/v2\/media\/743517"}],"wp:attachment":[{"href":"https:\/\/www.europesays.com\/es\/wp-json\/wp\/v2\/media?parent=743516"}],"wp:term":[{"taxonomy":"category","embeddable":true,"href":"https:\/\/www.europesays.com\/es\/wp-json\/wp\/v2\/categories?post=743516"},{"taxonomy":"post_tag","embeddable":true,"href":"https:\/\/www.europesays.com\/es\/wp-json\/wp\/v2\/tags?post=743516"}],"curies":[{"name":"wp","href":"https:\/\/api.w.org\/{rel}","templated":true}]}}