{"id":743540,"date":"2026-09-02T07:11:09","date_gmt":"2026-09-02T07:11:09","guid":{"rendered":"https:\/\/www.europesays.com\/es\/743540\/"},"modified":"2026-09-02T07:11:09","modified_gmt":"2026-09-02T07:11:09","slug":"estados-unidos-ataca-iran-por-segunda-vez-en-48-horas-y-el-regimen-responde-contra-jordania-el-pais-expres","status":"publish","type":"post","link":"https:\/\/www.europesays.com\/es\/743540\/","title":{"rendered":"Estados Unidos ataca Ir\u00e1n por segunda vez en 48 horas y el r\u00e9gimen responde contra Jordania | El PA\u00cdS Expr\u00e9s"},"content":{"rendered":"<p><img alt=\"\" decoding=\"auto\" class=\"_re  a_m-h\" height=\"414\"  width=\"414\"  src=\"https:\/\/www.europesays.com\/es\/wp-content\/uploads\/2026\/09\/XWUIW74J2JEIHP3P6M2TUXBBLA.JPG\" loading=\"eager\" fetchpriority=\"low\"\/>People survey damage at the site in the aftermath of a reported attack in Kuhistik, Sirik, Iran, September 1, 2026.    Iranian Red Crescent Society\/Handout via REUTERS    THIS IMAGE HAS BEEN SUPPLIED BY A THIRD PARTY. NO RESALES. NO ARCHIVES. MANDATORY CREDIT.   VERIFICATION:  &#8211; Building that matched corroborating eyewitness video and the road layout and electric tower nearby matched the archive and satellite imagery of the area.  &#8211; Iranian media said telecommunications infrastructure and residential area were damaged after an attack on September 1.  &#8211; No old results were found posted online before September 1.Foto: (via REUTERS)<\/p>\n<p class=\"\">La tensi\u00f3n se dispara en el golfo P\u00e9rsico tras un nuevo ataque de Estados Unidos a Ir\u00e1n este martes. Seg\u00fan el r\u00e9gimen, las bombas alcanzaron una boda que se estaba celebrando en Kuhestak, al sur del pa\u00eds, y mataron a cuatro personas. Como respuesta, Teher\u00e1n lanz\u00f3 una ofensiva contra bases estadounidenses en Jordania, sin bajas registradas.<\/p>\n<p class=\"\"><b>Es el segundo ataque en 48 horas.<\/b> A \u00faltima hora del domingo, las tropas estadounidenses atacaron dos lanzaderas iran\u00edes en la isla de Larak, en el estrecho de Ormuz e Ir\u00e1n respondi\u00f3 con ataques a Jordania y Emiratos \u00c1rabes Unidos, dos potencias aliadas de Washington.<\/p>\n<ul>\n<li>Sobre las v\u00edctimas de la boda denunciadas por Teher\u00e1n, Washington respondi\u00f3 que \u201cnunca atacamos civiles, a diferencia de la Guardia Revolucionaria\u201d.<\/li>\n<\/ul>\n<p class=\"\"><b>El estrecho de Ormuz, como siempre, en el centro de todo.<\/b> El Comando Central estadounidense volvi\u00f3 a justificar sus ataques como una represalia por la colocaci\u00f3n de minas en el paso mar\u00edtimo. <\/p>\n<p class=\"\"><b>Y Donald Trump amenaza:<\/b> \u201cNo ser\u00e1 el mayor ataque de todos. Cuando haya terminado, \u00a1quedar\u00e1 muy poco de la Rep\u00fablica Isl\u00e1mica de Ir\u00e1n!\u201c.<\/p>\n<p class=\"\">\u00a9Foto: Reuters<\/p>\n<p class=\"\"><a href=\"https:\/\/elpais.com\/internacional\/2026-09-01\/estados-unidos-bombardea-iran-por-segunda-vez-en-una-semana.html\" target=\"_self\" rel=\"nofollow noopener\" title=\"https:\/\/elpais.com\/internacional\/2026-09-01\/estados-unidos-bombardea-iran-por-segunda-vez-en-una-semana.html\">Si quieres saber m\u00e1s, puedes leer aqu\u00ed.<\/a><\/p>\n","protected":false},"excerpt":{"rendered":"People survey damage at the site in the aftermath of a reported attack in Kuhistik, Sirik, Iran, September&hellip;\n","protected":false},"author":2,"featured_media":743541,"comment_status":"","ping_status":"","sticky":false,"template":"","format":"standard","meta":{"footnotes":""},"categories":[42],"tags":[17,18,352,629,81680,13,14,11,61,62,63,64,3137,19,20,9,10,15,16,77,12,21,22,65,66,67],"class_list":["post-743540","post","type-post","status-publish","format-standard","has-post-thumbnail","category-internacional","tag-breaking-news","tag-breakingnews","tag-donald-trump","tag-estados-unidos","tag-estrecho-de-ormuz","tag-featured-news","tag-featurednews","tag-headlines","tag-internacional","tag-international","tag-international-news","tag-internationalnews","tag-iran","tag-latest-news","tag-latestnews","tag-news","tag-noticias","tag-noticias-destacadas","tag-noticiasdestacadas","tag-oriente-proximo","tag-titulares","tag-ultimas-noticias","tag-ultimasnoticias","tag-world","tag-world-news","tag-worldnews"],"share_on_mastodon":{"url":"https:\/\/pubeurope.com\/@es\/117200204750344149","error":""},"_links":{"self":[{"href":"https:\/\/www.europesays.com\/es\/wp-json\/wp\/v2\/posts\/743540","targetHints":{"allow":["GET"]}}],"collection":[{"href":"https:\/\/www.europesays.com\/es\/wp-json\/wp\/v2\/posts"}],"about":[{"href":"https:\/\/www.europesays.com\/es\/wp-json\/wp\/v2\/types\/post"}],"author":[{"embeddable":true,"href":"https:\/\/www.europesays.com\/es\/wp-json\/wp\/v2\/users\/2"}],"replies":[{"embeddable":true,"href":"https:\/\/www.europesays.com\/es\/wp-json\/wp\/v2\/comments?post=743540"}],"version-history":[{"count":0,"href":"https:\/\/www.europesays.com\/es\/wp-json\/wp\/v2\/posts\/743540\/revisions"}],"wp:featuredmedia":[{"embeddable":true,"href":"https:\/\/www.europesays.com\/es\/wp-json\/wp\/v2\/media\/743541"}],"wp:attachment":[{"href":"https:\/\/www.europesays.com\/es\/wp-json\/wp\/v2\/media?parent=743540"}],"wp:term":[{"taxonomy":"category","embeddable":true,"href":"https:\/\/www.europesays.com\/es\/wp-json\/wp\/v2\/categories?post=743540"},{"taxonomy":"post_tag","embeddable":true,"href":"https:\/\/www.europesays.com\/es\/wp-json\/wp\/v2\/tags?post=743540"}],"curies":[{"name":"wp","href":"https:\/\/api.w.org\/{rel}","templated":true}]}}