{"id":743574,"date":"2026-09-02T07:36:22","date_gmt":"2026-09-02T07:36:22","guid":{"rendered":"https:\/\/www.europesays.com\/es\/743574\/"},"modified":"2026-09-02T07:36:22","modified_gmt":"2026-09-02T07:36:22","slug":"iran-golpea-bases-de-eeuu-en-represalia-por-los-nuevos-bombardeos","status":"publish","type":"post","link":"https:\/\/www.europesays.com\/es\/743574\/","title":{"rendered":"Ir\u00e1n golpea bases de EEUU en represalia por los nuevos bombardeos"},"content":{"rendered":"<p>    <img src=\"https:\/\/www.europesays.com\/es\/wp-content\/uploads\/2026\/09\/2026-09-02T023A243A10Z-91989936.jpg\" width=\"1024\" height=\"682\" alt=\"\" loading=\"eager\" decoding=\"sync\" fetchpriority=\"high\"\/><\/p>\n<p>            afp_tickers        <\/p>\n<p>        Este contenido fue publicado en    <\/p>\n<p>        02 septiembre 2026 &#8211; 05:54\n<\/p>\n<p>Ir\u00e1n atac\u00f3 este mi\u00e9rcoles varias bases militares de Estados Unidos en el Golfo despu\u00e9s de que Washington lanzara por segunda vez en pocos d\u00edas bombardeos en su contra.<\/p>\n<p>El martes, \u00ablas fuerzas estadounidenses atacaron objetivos de la Guardia Revolucionaria de Ir\u00e1n\u00bb, en particular instalaciones de defensa a\u00e9rea, sistemas de radar e instalaciones mar\u00edtimas, escribi\u00f3 en la red social X el Comando para Oriente Medio (Centcom), al anunciar el fin de la ofensiva.<\/p>\n<p>De inmediato, Ir\u00e1n afirm\u00f3 haber lanzado una \u00aboperaci\u00f3n decisiva de represalia\u00bb con misiles y drones, dirigida contra \u00ablas bases y los intereses estadounidenses en la regi\u00f3n\u00bb, inform\u00f3 la agencia de noticias estatal Tasnim.<\/p>\n<p>Los Guardianes de la Revoluci\u00f3n, el ej\u00e9rcito ideol\u00f3gico de la rep\u00fablica isl\u00e1mica, reivindicaron posteriormente ofensivas contra instalaciones militares de Estados Unidos en Jordania, Irak y Bar\u00e9in.<\/p>\n<p>Si Teher\u00e1n \u00abresponde a este ataque perfectamente justificado, ser\u00e1 golpeado nuevamente, mucho m\u00e1s duro y con mayor intensidad\u00bb, hab\u00eda amenazado el presidente estadounidense, Donald Trump, en su plataforma Truth Social.<\/p>\n<p>El ej\u00e9rcito jordano report\u00f3 que destruy\u00f3 diez misiles lanzados desde Ir\u00e1n. Kuwait tambi\u00e9n afirm\u00f3 haber sido blanco de misiles y drones, mientras que las sirenas de alerta a\u00e9rea sonaron temprano el mi\u00e9rcoles en Bar\u00e9in, constataron corresponsales de la AFP.<\/p>\n<p>El portavoz del Comando Militar Central de Ir\u00e1n, Ebrahim Zolfaghari, prometi\u00f3 \u00abrespuestas m\u00e1s amplias y destructivas\u00bb en caso de que contin\u00faen los ataques estadounidenses o de sus aliados.<\/p>\n<p>Los medios estatales iran\u00edes informaron de un saldo de al menos 11 muertos en estas ofensivas de Washington: cuatro en una boda en la regi\u00f3n de Hormozg\u00e1n (sureste), donde unas 50 personas resultaron heridas, y siete en la regi\u00f3n de Juzest\u00e1n (oeste), en ataques con misiles que tambi\u00e9n dejaron ocho lesionados.<\/p>\n<p>\u2013 Per\u00fa rompe las relaciones \u2013<\/p>\n<p>Estas ofensivas estadounidenses comenzaron poco despu\u00e9s de que el presidente iran\u00ed, Masud Pezeshkian, pidiera un retorno a la diplomacia, que actualmente se encuentra estancada.<\/p>\n<p>Al pedirle a Washington que respete un acuerdo firmado en junio y que se rompi\u00f3 casi de inmediato, argument\u00f3: \u00abSi Estados Unidos vuelve a cumplir con sus compromisos en virtud del memorando de entendimiento (\u2026), la Rep\u00fablica Isl\u00e1mica de Ir\u00e1n tomar\u00e1 inmediatamente medidas rec\u00edprocas\u00bb.<\/p>\n<p>Tambi\u00e9n en el \u00e1mbito diplom\u00e1tico, Per\u00fa inform\u00f3 la noche del martes que rompi\u00f3 relaciones con Ir\u00e1n, al criticarlo por incitar \u00aba la escalada de conflictos\u00bb en Oriente Medio y por sus \u00abseveras restricciones\u00bb al tr\u00e1nsito mar\u00edtimo en el estrecho de Ormuz, v\u00eda clave para el tr\u00e1fico mundial de hidrocarburos.<\/p>\n<p>El nuevo gobierno de la derechista Keiko Fujimori, que asumi\u00f3 a fines de julio, es af\u00edn a la administraci\u00f3n de Trump.\u00a0<\/p>\n<p>\u00abCon base en su hist\u00f3rica vocaci\u00f3n pacifista\u00bb, el pa\u00eds latinoamericano \u00abha tomado la decisi\u00f3n de romper relaciones diplom\u00e1ticas con la Rep\u00fablica Isl\u00e1mica de Ir\u00e1n\u00bb, afirm\u00f3 en un comunicado su canciller\u00eda.<\/p>\n<p>\u2013 Escala de portaviones estadounidense \u2013<\/p>\n<p>El martes, la televisi\u00f3n estatal iran\u00ed confirm\u00f3 varias explosiones en el sur del pa\u00eds, cerca del importante puerto Bandar Ab\u00e1s y de la isla petrolera de Qeshm, en las proximidades del estrecho de Ormuz.<\/p>\n<p>Tambi\u00e9n report\u00f3 estallidos en la isla de Lavan, ubicada en el Golfo y que alberga una de las terminales de exportaci\u00f3n de crudo iran\u00ed.<\/p>\n<p>Los ataques se produjeron adem\u00e1s poco despu\u00e9s de que dos petroleros fueran impactados por \u00abproyectiles de origen desconocido\u00bb en Ormuz, seg\u00fan la agencia mar\u00edtima griega Marisks.<\/p>\n<p>Los precios de los combustibles se dispararon tras estas hostilidades: el barril de WTI estadounidense volvi\u00f3 a superar la barrera de los 90 d\u00f3lares por primera vez desde finales de julio y el gas europeo se cotiza al precio m\u00e1s alto en m\u00e1s de tres a\u00f1os.<\/p>\n<p>El domingo, Washington ya hab\u00eda llevado a cabo ataques, los primeros en un mes, contra objetivos militares ubicados en una isla iran\u00ed. La rep\u00fablica isl\u00e1mica respondi\u00f3 golpeando objetivos estadounidenses en Jordania y Emiratos \u00c1rabes Unidos.<\/p>\n<p>Ir\u00e1n quiere cobrar derechos de paso en Ormuz, donde la navegaci\u00f3n era libre antes del inicio del conflicto.<\/p>\n<p>Por su parte, Washington prometi\u00f3 una campa\u00f1a de \u00abasfixia\u00bb econ\u00f3mica contra Ir\u00e1n, mediante sanciones cuyos detalles a\u00fan no se han precisado.<\/p>\n<p>A miles de kil\u00f3metros de all\u00ed, el portaviones estadounidense USS Abraham Lincoln lleg\u00f3 a Tailandia el mi\u00e9rcoles por la ma\u00f1ana tras m\u00e1s de nueve meses en el mar, observaron periodistas de la AFP.<\/p>\n<p>Enviado inicialmente al mar de China Meridional, hab\u00eda sido reasignado a Oriente Medio al inicio de la guerra a finales de febrero. El deterioro de las condiciones de vida de sus marineros ha generado pol\u00e9mica en Estados Unidos.<\/p>\n<p>bur-aue-es\/tmt\/roc\/arm\/mel\/mvl<\/p>\n","protected":false},"excerpt":{"rendered":"afp_tickers Este contenido fue publicado en 02 septiembre 2026 &#8211; 05:54 Ir\u00e1n atac\u00f3 este mi\u00e9rcoles varias bases militares&hellip;\n","protected":false},"author":2,"featured_media":743575,"comment_status":"","ping_status":"","sticky":false,"template":"","format":"standard","meta":{"footnotes":""},"categories":[42],"tags":[635,17,18,82,636,83,13,14,11,61,62,63,86,64,19,20,9,10,15,16,88,90,12,21,22,3191,65,66,67],"class_list":["post-743574","post","type-post","status-publish","format-standard","has-post-thumbnail","category-internacional","tag-armed-conflict","tag-breaking-news","tag-breakingnews","tag-business","tag-conflict","tag-diplomacy","tag-featured-news","tag-featurednews","tag-headlines","tag-internacional","tag-international","tag-international-news","tag-international-relations","tag-internationalnews","tag-latest-news","tag-latestnews","tag-news","tag-noticias","tag-noticias-destacadas","tag-noticiasdestacadas","tag-politics","tag-ticker","tag-titulares","tag-ultimas-noticias","tag-ultimasnoticias","tag-war","tag-world","tag-world-news","tag-worldnews"],"share_on_mastodon":{"url":"","error":""},"_links":{"self":[{"href":"https:\/\/www.europesays.com\/es\/wp-json\/wp\/v2\/posts\/743574","targetHints":{"allow":["GET"]}}],"collection":[{"href":"https:\/\/www.europesays.com\/es\/wp-json\/wp\/v2\/posts"}],"about":[{"href":"https:\/\/www.europesays.com\/es\/wp-json\/wp\/v2\/types\/post"}],"author":[{"embeddable":true,"href":"https:\/\/www.europesays.com\/es\/wp-json\/wp\/v2\/users\/2"}],"replies":[{"embeddable":true,"href":"https:\/\/www.europesays.com\/es\/wp-json\/wp\/v2\/comments?post=743574"}],"version-history":[{"count":0,"href":"https:\/\/www.europesays.com\/es\/wp-json\/wp\/v2\/posts\/743574\/revisions"}],"wp:featuredmedia":[{"embeddable":true,"href":"https:\/\/www.europesays.com\/es\/wp-json\/wp\/v2\/media\/743575"}],"wp:attachment":[{"href":"https:\/\/www.europesays.com\/es\/wp-json\/wp\/v2\/media?parent=743574"}],"wp:term":[{"taxonomy":"category","embeddable":true,"href":"https:\/\/www.europesays.com\/es\/wp-json\/wp\/v2\/categories?post=743574"},{"taxonomy":"post_tag","embeddable":true,"href":"https:\/\/www.europesays.com\/es\/wp-json\/wp\/v2\/tags?post=743574"}],"curies":[{"name":"wp","href":"https:\/\/api.w.org\/{rel}","templated":true}]}}