{"id":743596,"date":"2026-09-02T07:54:09","date_gmt":"2026-09-02T07:54:09","guid":{"rendered":"https:\/\/www.europesays.com\/es\/743596\/"},"modified":"2026-09-02T07:54:09","modified_gmt":"2026-09-02T07:54:09","slug":"la-lluvia-obliga-a-aplazar-al-miercoles-el-debut-de-jodar-en-el-abierto-de-estados-unidos","status":"publish","type":"post","link":"https:\/\/www.europesays.com\/es\/743596\/","title":{"rendered":"La lluvia obliga a aplazar al mi\u00e9rcoles el debut de J\u00f3dar en el Abierto de Estados Unidos"},"content":{"rendered":"<p>\n        La <strong>lluvia <\/strong>ca\u00edda de manera intermitente este martes en Nueva Yor<strong>k oblig\u00f3 a aplazar al mi\u00e9rcoles el estreno de Rafael J\u00f3dar<\/strong> en el Abierto de Estados Unidos.\n<\/p>\n<p class=\"article-body__text \">\n        J\u00f3dar, n\u00famero 13 del mundo<strong>, iba a medirse con el chino Yunchaokete Bu, <\/strong>n\u00famero 124, este martes, pero finalmente jugar\u00e1 en la pista 17 este mi\u00e9rcoles, no antes de las 12.30 de Nueva York. El espa\u00f1ol, de 19 a\u00f1os, ha vivido una primera temporada extraordinaria en el circuito ATP y fue recientemente finalista en el torneo de Washington DC.\n<\/p>\n<p class=\"article-body__text \">\n        <strong>Este mi\u00e9rcoles tambi\u00e9n volver\u00e1 a competir Carlos Alcaraz<\/strong>, que cerrar\u00e1 el programa nocturno en la pista Arthur Ashe contra el portugu\u00e9s Jaime Faria, en un partido correspondiente a la segunda ronda. La lluvia provoc\u00f3 adem\u00e1s <strong>la interrupci\u00f3n del partido de Paula Badosa contra la australiana Daria Kasatkina,<\/strong> cuando la primera estaba a dos puntos del pase de ronda.\u00a0\n<\/p>\n<p>  Aplazan al mi\u00e9rcoles el partido de Badosa<\/p>\n<p class=\"article-body__text \">\n        Badosa ya hab\u00eda tenido dos bolas de partido, sin poder aprovecharlas, cuando la lluvia empez\u00f3 a caer en Nueva York, en <strong>una jornada muy marcada por los problemas meteorol\u00f3gicos.<\/strong>\n<\/p>\n<p class=\"article-body__text \">\n        <strong>Badosa no jugaba desde los cuartos de final de Hamburgo<\/strong> y su ausencia de las pistas en superficie r\u00e1pida fue a\u00fan m\u00e1s larga y se remontaba al pasado marzo en Miami. La espa\u00f1ola, nacida en Nueva York, tambi\u00e9n llevaba mucho tiempo esperando volver a pisar las pistas de Flushing Meadows<strong> tras su renuncia por problemas de espalda en 2025.<\/strong>\n<\/p>\n<p class=\"article-body__text \">\n        S\u00ed pudo avanzar Jessica Bouzas, n\u00famero 105 del r\u00e1nking mundial, que se impuso con autoridad por 6-3 y 6-4 a la checa Darija Vidmanova, n\u00famero 5. La espa\u00f1ola ser\u00e1 rival de la kazaja Elena Rybakina, segunda favorita, que dobleg\u00f3 a la estadounidense Thea Frodin, n\u00famero 585. Por otro lado, la tambi\u00e9n espa\u00f1ola Kaitlin Quevedo cay\u00f3 6-4 y 6-4 ante la belga Elise Mertens, vig\u00e9sima favorita.<\/p>\n","protected":false},"excerpt":{"rendered":"La lluvia ca\u00edda de manera intermitente este martes en Nueva York oblig\u00f3 a aplazar al mi\u00e9rcoles el estreno&hellip;\n","protected":false},"author":2,"featured_media":743597,"comment_status":"","ping_status":"","sticky":false,"template":"","format":"standard","meta":{"footnotes":""},"categories":[93],"tags":[11450,5437,168,25,24,1479,295,972,23,167],"class_list":["post-743596","post","type-post","status-publish","format-standard","has-post-thumbnail","category-deportes","tag-aplazar","tag-debut","tag-deportes","tag-es","tag-espana","tag-lluvia","tag-miercoles","tag-obliga","tag-spain","tag-sports"],"share_on_mastodon":{"url":"https:\/\/pubeurope.com\/@es\/117200373022732906","error":""},"_links":{"self":[{"href":"https:\/\/www.europesays.com\/es\/wp-json\/wp\/v2\/posts\/743596","targetHints":{"allow":["GET"]}}],"collection":[{"href":"https:\/\/www.europesays.com\/es\/wp-json\/wp\/v2\/posts"}],"about":[{"href":"https:\/\/www.europesays.com\/es\/wp-json\/wp\/v2\/types\/post"}],"author":[{"embeddable":true,"href":"https:\/\/www.europesays.com\/es\/wp-json\/wp\/v2\/users\/2"}],"replies":[{"embeddable":true,"href":"https:\/\/www.europesays.com\/es\/wp-json\/wp\/v2\/comments?post=743596"}],"version-history":[{"count":0,"href":"https:\/\/www.europesays.com\/es\/wp-json\/wp\/v2\/posts\/743596\/revisions"}],"wp:featuredmedia":[{"embeddable":true,"href":"https:\/\/www.europesays.com\/es\/wp-json\/wp\/v2\/media\/743597"}],"wp:attachment":[{"href":"https:\/\/www.europesays.com\/es\/wp-json\/wp\/v2\/media?parent=743596"}],"wp:term":[{"taxonomy":"category","embeddable":true,"href":"https:\/\/www.europesays.com\/es\/wp-json\/wp\/v2\/categories?post=743596"},{"taxonomy":"post_tag","embeddable":true,"href":"https:\/\/www.europesays.com\/es\/wp-json\/wp\/v2\/tags?post=743596"}],"curies":[{"name":"wp","href":"https:\/\/api.w.org\/{rel}","templated":true}]}}