{"id":743606,"date":"2026-09-02T07:59:41","date_gmt":"2026-09-02T07:59:41","guid":{"rendered":"https:\/\/www.europesays.com\/es\/743606\/"},"modified":"2026-09-02T07:59:41","modified_gmt":"2026-09-02T07:59:41","slug":"nepal-aumenta-a-1-127-los-muertos-y-a-casi-4-900-los-desaparecidos-tras-la-riada","status":"publish","type":"post","link":"https:\/\/www.europesays.com\/es\/743606\/","title":{"rendered":"Nepal aumenta a 1.127 los muertos y a casi 4.900 los desaparecidos tras la riada"},"content":{"rendered":"<p>        Este contenido fue publicado en    <\/p>\n<p>        02 septiembre 2026 &#8211; 07:48\n<\/p>\n<p>Katmand\u00fa, 2 sep (EFE).- Al menos 1.127 personas han muerto y 4.850 siguen desaparecidas este mi\u00e9rcoles en Nepal al cumplirse una semana de la devastadora riada que arras\u00f3 poblaciones enteras en el norte y centro del pa\u00eds, seg\u00fan el \u00faltimo informe de la Polic\u00eda nepal\u00ed.<\/p>\n<p>En las \u00faltimas horas, 77 nuevos cuerpos fueron recuperados en medio de las labores de b\u00fasqueda y rescate; mientras que el n\u00famero de desaparecidos aument\u00f3 en casi mil personas respecto al d\u00eda anterior tras la restauraci\u00f3n de las telecomunicaciones en zonas afectadas que ha permitido acceder a m\u00e1s informaci\u00f3n.<\/p>\n<p>Entre los fallecidos hay al menos 77 ni\u00f1os y m\u00e1s de 400 partes del cuerpo parciales, detalla el reporte publicado con datos hasta las 8.00 hora local (2.15 GMT).<\/p>\n<p>Al menos 583 ciudadanos extranjeros siguen desaparecidos tras la tragedia, incluidos dos espa\u00f1oles, seg\u00fan confirmaron ayer a EFE fuentes oficiales. Otros tres espa\u00f1oles que no estaban en la zona de desastre fueron contactados con \u00e9xito.<\/p>\n<p>Hasta el momento, las autoridades han rescatado a 6.541 personas, incluido 580 extranjeros.<\/p>\n<p>El lunes, el Gobierno de Nepal envi\u00f3 una solicitud urgente a la junta directiva del Fondo para la Respuesta a P\u00e9rdidas y Da\u00f1os (FRLD), un mecanismo mundial de financiaci\u00f3n clim\u00e1tica, para pedir asistencia financiera tras las mortales riadas.<\/p>\n<p>La inundaci\u00f3n, descrita por observadores locales como la mayor de la que se tiene memoria, provoc\u00f3, seg\u00fan los informes, una crecida del agua de entre 15 y 18 metros por encima del nivel habitual del r\u00edo, devastando asentamientos a lo largo de un tramo de 72 kil\u00f3metros del r\u00edo Trishuli.<\/p>\n<p>Asimismo, destruy\u00f3 el puesto fronterizo de Rasuwagadhi-Kerung, en la frontera entre Nepal y China, una v\u00eda clave para el comercio bilateral, y afect\u00f3 a decenas de asentamientos. EFE<\/p>\n<p>sp-eel\/lgm\/rml<\/p>\n<p>(Foto) (V\u00eddeo)<\/p>\n","protected":false},"excerpt":{"rendered":"Este contenido fue publicado en 02 septiembre 2026 &#8211; 07:48 Katmand\u00fa, 2 sep (EFE).- Al menos 1.127 personas&hellip;\n","protected":false},"author":2,"featured_media":743607,"comment_status":"","ping_status":"","sticky":false,"template":"","format":"standard","meta":{"footnotes":""},"categories":[42],"tags":[17,18,13,14,11,61,62,63,64,19,20,10124,9,10,15,16,90,12,21,22,65,66,67],"class_list":["post-743606","post","type-post","status-publish","format-standard","has-post-thumbnail","category-internacional","tag-breaking-news","tag-breakingnews","tag-featured-news","tag-featurednews","tag-headlines","tag-internacional","tag-international","tag-international-news","tag-internationalnews","tag-latest-news","tag-latestnews","tag-natural-disasters","tag-news","tag-noticias","tag-noticias-destacadas","tag-noticiasdestacadas","tag-ticker","tag-titulares","tag-ultimas-noticias","tag-ultimasnoticias","tag-world","tag-world-news","tag-worldnews"],"share_on_mastodon":{"url":"https:\/\/pubeurope.com\/@es\/117200392383980869","error":""},"_links":{"self":[{"href":"https:\/\/www.europesays.com\/es\/wp-json\/wp\/v2\/posts\/743606","targetHints":{"allow":["GET"]}}],"collection":[{"href":"https:\/\/www.europesays.com\/es\/wp-json\/wp\/v2\/posts"}],"about":[{"href":"https:\/\/www.europesays.com\/es\/wp-json\/wp\/v2\/types\/post"}],"author":[{"embeddable":true,"href":"https:\/\/www.europesays.com\/es\/wp-json\/wp\/v2\/users\/2"}],"replies":[{"embeddable":true,"href":"https:\/\/www.europesays.com\/es\/wp-json\/wp\/v2\/comments?post=743606"}],"version-history":[{"count":0,"href":"https:\/\/www.europesays.com\/es\/wp-json\/wp\/v2\/posts\/743606\/revisions"}],"wp:featuredmedia":[{"embeddable":true,"href":"https:\/\/www.europesays.com\/es\/wp-json\/wp\/v2\/media\/743607"}],"wp:attachment":[{"href":"https:\/\/www.europesays.com\/es\/wp-json\/wp\/v2\/media?parent=743606"}],"wp:term":[{"taxonomy":"category","embeddable":true,"href":"https:\/\/www.europesays.com\/es\/wp-json\/wp\/v2\/categories?post=743606"},{"taxonomy":"post_tag","embeddable":true,"href":"https:\/\/www.europesays.com\/es\/wp-json\/wp\/v2\/tags?post=743606"}],"curies":[{"name":"wp","href":"https:\/\/api.w.org\/{rel}","templated":true}]}}