{"id":743610,"date":"2026-09-02T08:01:14","date_gmt":"2026-09-02T08:01:14","guid":{"rendered":"https:\/\/www.europesays.com\/es\/743610\/"},"modified":"2026-09-02T08:01:14","modified_gmt":"2026-09-02T08:01:14","slug":"el-paro-registrado-sube-en-agosto-en-44-419-personas-y-se-situa-en-2-355-918-su-valor-mas-bajo-en-este-mes-desde-2007-guia-para-solicitar-cita-previa-con-la-seguridad-social-como-pedir-la-prestacion","status":"publish","type":"post","link":"https:\/\/www.europesays.com\/es\/743610\/","title":{"rendered":"El paro registrado sube en agosto en 44.419 personas y se sit\u00faa en 2.355.918, su valor m\u00e1s bajo en este mes desde 2007 Gu\u00eda para solicitar cita previa con la Seguridad Social C\u00f3mo pedir la prestaci\u00f3n por nacimiento y cuidado de menor Gu\u00eda sobre el complemento de Ayuda para la Infancia del Ingreso M\u00ednimo Vital (IMV) Gu\u00eda para conocer el estado de tu solicitud de Ingreso M\u00ednimo Vital C\u00f3mo obtener el N\u00famero de la Seguridad Social Informe de Vida laboral: c\u00f3mo obtenerlo C\u00f3mo dar de alta a un beneficiario en la Seguridad Social C\u00f3mo pedir el nuevo complemento para reducir la brecha de g\u00e9nero junto a la solicitud de su pensi\u00f3n Importe de las Pensiones 2024 Novedades Simulador IMV El informe m\u00e9dico de s\u00edntesis ya est\u00e1 disponible online Gu\u00eda para solicitar la recuperaci\u00f3n de tus a\u00f1os de cotizaci\u00f3n por antiguas pr\u00e1cticas formativas \u00bfC\u00f3mo pido el Ingreso M\u00ednimo Vital? Ya puede consultar on-line el estado de la solicitud de los periodos sucesivos de la prestaci\u00f3n por nacimiento y cuidado del menor Consulta el estado de tu solicitud de prestaci\u00f3n identific\u00e1ndote v\u00eda SMS C\u00f3mo obtener un certificado digital o registrarse en Clave para realizar tr\u00e1mites con la Seguridad Social Gu\u00eda pr\u00e1ctica para simular tu futura jubilaci\u00f3n Gu\u00eda para entender tu informe de vida laboral Gu\u00eda per\u00edodos m\u00ednimos de cotizaci\u00f3n para acceder a las prestaciones de la Seguridad Social C\u00f3mo solicitar la Tarjeta Sanitaria Europea C\u00f3mo dar de alta a una persona empleada de hogar La Seguridad Social habilita nuevos tel\u00e9fonos de informaci\u00f3n y gesti\u00f3n de cita previa para pensiones y otras prestaciones 5 pasos para darse de alta como aut\u00f3nomo \u00bfConoce las prestaciones familiares por hijo a cargo? Certificado Integral de Prestaciones Guia equiparacion tiempo parcial Gu\u00eda de cotizaci\u00f3n de alumnos en pr\u00e1cticas no remuneradas El permiso por nacimiento y cuidado de menor ser\u00e1 de 16 semanas para ambos progenitores a partir de enero La AEAT habilita un formulario para que los mutualistas jubilados soliciten las devoluciones de IRPF C\u00f3mo simular tu futura jubilaci\u00f3n identific\u00e1ndote v\u00eda SMS Gu\u00eda para conocer los beneficios de demorar tu jubilaci\u00f3n Qu\u00e9 documentaci\u00f3n debo presentar para solicitar el Ingreso M\u00ednimo Vital La pensi\u00f3n de viudedad: preguntas y respuestas Novedades del IMV 2024 C\u00f3mo realizar tr\u00e1mites en el INSS de manera telem\u00e1tica sin certificado digital ni clave Gu\u00eda R\u00e1pida de la TSE El convenio especial con la Seguridad Social Certificado de IRPF prestaciones de la Seguridad Social Pasos Defunci\u00f3n Pensionista Temario oposiciones administrativo Seguridad Social \u00bf Embarazo de riesgo o riesgo durante el embarazo? 20221003 baja empleada hogar Novedades incapacidad temporal Revalorizacion pensiones 2025 \u00bfQu\u00e9 son los complementos a m\u00ednimos? Convocado el proceso selectivo para cubrir 1.250 plazas del Cuerpo Administrativo de la Seguridad Social Los becarios tendr\u00e1n derecho a cotizar a la Seguridad Social \u00bfC\u00f3mo se cambia el beneficiario de la asistencia sanitaria de un titular a otro? Te presentamos Importass, el nuevo portal de la Tesorer\u00eda General de la Seguridad Social Simulador de jubilaci\u00f3n en Tu Seguridad Social Ya est\u00e1 abierto el plazo para solicitar cita previa para la presentaci\u00f3n presencial de la Renta Se convoca el proceso selectivo para cubrir 2.500 nuevas plazas"},"content":{"rendered":"<p>            El n\u00famero de personas sin empleo registradas en las Oficinas del Servicio P\u00fablicos de Empleo Estatal (SEPE), al finalizar el mes de agosto, ha aumentado en 44.419 personas en relaci\u00f3n con el mes anterior (1,92%).<\/p>\n<p>El paro registrado total se sit\u00faa en 2.355.918, por debajo de la barrera los 2,4 millones. Es su nivel m\u00e1s bajo en un mes de agosto desde 2007, en el periodo previo a la crisis financiera.<br \/>\u00a0\n<\/p>\n<p><img decoding=\"async\" alt=\"\" src=\"https:\/\/www.europesays.com\/es\/wp-content\/uploads\/2026\/09\/12c8406f-7fec-ddb8-f401-a21f86d77d7f.png\" style=\"margin: 0px;\"\/><br \/>\n<br \/>\nRespecto a agosto de 2025, el paro ha descendido en 70.593 personas (-2,91%).<\/p>\n<p><strong>El paro por sectores econ\u00f3micos<\/strong><br \/>Por sectores econ\u00f3micos con respecto al mes de julio, el paro registrado baja en Agricultura en 912 personas (-1,30%). Aumenta en los sectores de Servicios en 28.563 personas (1,71%), en Construcci\u00f3n en 4.669 personas (2,89%), Industria en 3.731 personas (2,10%) y entre el colectivo Sin Empleo Anterior aumenta en 8.368 personas (3,56%).<br \/>\u00a0\n<\/p>\n<p><img decoding=\"async\" alt=\"\" src=\"https:\/\/www.europesays.com\/es\/wp-content\/uploads\/2026\/09\/b592fe49-8963-8f42-05a5-f5b368767368.png\" style=\"margin: 0px;\"\/><br \/>\n<br \/>\n<strong>El paro por g\u00e9nero y edad<\/strong><br \/>\nEl paro registrado femenino aumenta en 22.741 mujeres (1,63%) en relaci\u00f3n al mes de julio y se sit\u00faa en un total de en 1.418.757, su nivel m\u00e1s bajo en un mes de agosto desde 2008.<br \/>\n\u00a0<br \/>\n<img decoding=\"async\" alt=\"\" src=\"https:\/\/www.europesays.com\/es\/wp-content\/uploads\/2026\/09\/89947bf6-1023-4bcb-8913-ef98c97727d7.png\" style=\"margin: 0px;\"\/><br \/>\n<br \/>\nEn t\u00e9rminos interanuales, el desempleo femenino cae en 52.974 mujeres (-3,60%) en el mes de agosto.<\/p>\n<p>El desempleo masculino se sit\u00faa en 937.161 al ascender en 21.678 personas (2,37%) con respecto al mes de julio.<\/p>\n<p>Si lo comparamos con agosto de 2025, el paro masculino baja en 17.619 (-1,85%).<\/p>\n<p>El desempleo de los j\u00f3venes menores de 25 a\u00f1os se incrementa en el mes de agosto en 8.168 personas (5,12%) respecto al mes anterior. Sigue por debajo de la barrera de los 170.000.<br \/>\u00a0\n<\/p>\n<p><img decoding=\"async\" alt=\"\" src=\"https:\/\/www.europesays.com\/es\/wp-content\/uploads\/2026\/09\/233f465c-2228-43dd-65da-08782dfe590b.png\" style=\"margin: 0px;\"\/><br \/>\n<br \/>\n<strong>El paro por comunidades aut\u00f3nomas<\/strong><br \/>\nEl paro registrado desciende en la ciudad aut\u00f3noma de Ceuta en 148 personas. Aumenta en el resto de comunidades aut\u00f3nomas con Catalunya (14.594), Comunidad de Madrid (6.881) y Comunitat Valenciana (5.847) a la cabeza.<\/p>\n<p><strong>Nuevos contratos<\/strong><br \/>El n\u00famero total de contratos registrados durante el mes de agosto ha sido de 1.144.827. De ellos, 440.274 contratos de trabajo son de car\u00e1cter indefinido, representan el 38,46% de todos los nuevos contratos.<br \/>\u00a0\n<\/p>\n<p><img decoding=\"async\" alt=\"\" src=\"https:\/\/www.europesays.com\/es\/wp-content\/uploads\/2026\/09\/2a9a3c12-c2b0-b5b1-8875-f20cdc06a200.png\" style=\"margin: 0px;\"\/><br \/>\n<br \/>\n<strong>Prestaciones por desempleo en julio<\/strong><br \/>\nEl total de personas beneficiarias existentes a final del mes de julio fueron 1.857.263.<\/p>\n<p>La cobertura del sistema de protecci\u00f3n por desempleo durante el mes de julio de 2026 ha sido del 86,75%.<br \/>\u00a0\n<\/p>\n<p><img decoding=\"async\" alt=\"\" src=\"https:\/\/www.europesays.com\/es\/wp-content\/uploads\/2026\/09\/156d402b-b66f-360b-7150-e70b722ca1de.png\" style=\"margin: 0px;\"\/><br \/>\n<br \/>\nLa inversi\u00f3n media mensual por persona beneficiaria, sin incluir el subsidio agrario de Andaluc\u00eda y Extremadura, en el mes de julio de 2026 ha sido de 1.159 euros lo que supone un aumento sobre el mismo mes del a\u00f1o anterior de 36,8 euros (3,3%).<\/p>\n<p>La inversi\u00f3n total en prestaciones en el mes de julio de 2026 ascendi\u00f3 a 2.115,76 millones de euros<br \/>\u00a0\n            <\/p>\n","protected":false},"excerpt":{"rendered":"El n\u00famero de personas sin empleo registradas en las Oficinas del Servicio P\u00fablicos de Empleo Estatal (SEPE), al&hellip;\n","protected":false},"author":2,"featured_media":743611,"comment_status":"","ping_status":"","sticky":false,"template":"","format":"standard","meta":{"footnotes":""},"categories":[5],"tags":[1382,68130,517,131977,24470,63615,765,68143,68140,447,39834,55859,68123,1348,40552,44159,6814,68149,68141,48257,5078,17,18,15225,68153,51300,12554,68158,9410,68151,68115,131971,17226,35793,68142,11255,32213,131973,15226,11209,68144,13563,985,68152,68134,53628,2996,25,24,4120,68113,931,13,14,8169,4070,68110,11,2178,68111,18703,68147,68150,28288,68146,8803,68127,68114,68107,10759,68116,8881,23377,68145,11986,19,20,1913,29766,68112,17658,31856,68109,9,10,15,16,5285,68119,131975,68118,97394,68156,14714,13869,32048,68148,6726,12530,131970,12865,81366,68133,68125,68139,19941,131968,131974,68129,68126,68108,68138,131966,131972,68155,131976,68124,131967,68154,24481,11755,68137,68131,68121,30357,8327,23,131969,28744,68157,11189,68117,68136,68135,12,10301,5067,68159,68132,68128,21,22,12856,226,68120,68122],"class_list":["post-743610","post","type-post","status-publish","format-standard","has-post-thumbnail","category-titulares","tag-1382","tag-acceso-sms","tag-actualidad","tag-administracion-de-la-seguridad-social","tag-administracion-electronica","tag-aeat","tag-agencia-tributaria","tag-alta-becarios","tag-altas-y-bajas","tag-alumnos","tag-antiguas","tag-asegurado","tag-asistencia-sanitaria","tag-atencion","tag-atencion-sanitaria","tag-autonomos","tag-baja","tag-baja-laboral","tag-becarios","tag-beneficiario","tag-beneficios","tag-breaking-news","tag-breakingnews","tag-certificado","tag-certificado-de-prestaciones","tag-cita-previa","tag-clave","tag-como-obtener","tag-complemento","tag-complemento-ayuda-infancia","tag-complemento-para-la-ayuda-a-la-infancia","tag-complementos-a-minimos","tag-convenio","tag-cotizacion","tag-cotizacion-practicas","tag-cotizaciones","tag-cotizar","tag-cuerpo-administrativo","tag-defuncion","tag-derecho","tag-desde-dentro","tag-desempleo","tag-dudas","tag-empleada-hogar","tag-empleo-de-hogar","tag-empleo-publico","tag-enfermedad","tag-es","tag-espana","tag-estadisticas","tag-estado-solicitud","tag-fallecimiento","tag-featured-news","tag-featurednews","tag-genero","tag-guia","tag-guias-practicas","tag-headlines","tag-igualdad","tag-imv","tag-incapacidad-permanente","tag-incapacidad-temporal","tag-incentivo-al-empleo","tag-incentivos","tag-incentivos-a-la-demora-de-la-jubilacion","tag-informe","tag-informe-medico-de-sintesis","tag-ingreso-minimo-vital","tag-inss","tag-irpf","tag-issa","tag-jubilacion","tag-jubilacion-anticipada","tag-jubilacion-demorada","tag-jubilados","tag-latest-news","tag-latestnews","tag-maternidad","tag-ministerio-de-inclusion","tag-ministerio-de-inclusion-seguridad-social-y-migraciones","tag-mutualistas","tag-mutuas","tag-nacimiento-y-cuidado-de-menor","tag-news","tag-noticias","tag-noticias-destacadas","tag-noticiasdestacadas","tag-novedades","tag-numero-de-la-seguridad-social","tag-numero-seguridad-social","tag-nuss","tag-oep","tag-oep-2023","tag-oposiciones","tag-paro","tag-paro-registrado","tag-partes","tag-paternidad","tag-pension","tag-pension-minima","tag-pensiones","tag-pensionista","tag-periodos-minimos","tag-periodos-sucesivos","tag-pge-2021","tag-plazas","tag-poder-adquisitivo-pensionistas","tag-portal-tgss","tag-practicas-formativas","tag-prestacion-por-jubilacion","tag-prestaciones","tag-prestaciones-familiares","tag-prevencion-de-riesgos-laborales","tag-proceso-selectivo","tag-refuerzo-plantilla","tag-renta2020","tag-revalorizacion-pensiones","tag-riesgo-durante-el-embarazo","tag-sede-electrnonica-de-la-seguridad-social","tag-sede-electronica","tag-seguridad-social","tag-simulador","tag-simulador-jubilacion","tag-slider","tag-sms","tag-solicitud","tag-spain","tag-subida-pensiones-seguridad-social","tag-tarifa-plana","tag-tarjeta-sanitaria-europea","tag-telefono","tag-tgss","tag-tiempo-completo","tag-tiempo-parcial","tag-titulares","tag-todos","tag-tramites","tag-tse","tag-tu-seguridad-social","tag-tutorial","tag-ultimas-noticias","tag-ultimasnoticias","tag-viaje","tag-viajes","tag-vida-laboral","tag-viudedad"],"share_on_mastodon":{"url":"","error":"Validation failed: Text character limit of 500 exceeded"},"_links":{"self":[{"href":"https:\/\/www.europesays.com\/es\/wp-json\/wp\/v2\/posts\/743610","targetHints":{"allow":["GET"]}}],"collection":[{"href":"https:\/\/www.europesays.com\/es\/wp-json\/wp\/v2\/posts"}],"about":[{"href":"https:\/\/www.europesays.com\/es\/wp-json\/wp\/v2\/types\/post"}],"author":[{"embeddable":true,"href":"https:\/\/www.europesays.com\/es\/wp-json\/wp\/v2\/users\/2"}],"replies":[{"embeddable":true,"href":"https:\/\/www.europesays.com\/es\/wp-json\/wp\/v2\/comments?post=743610"}],"version-history":[{"count":0,"href":"https:\/\/www.europesays.com\/es\/wp-json\/wp\/v2\/posts\/743610\/revisions"}],"wp:featuredmedia":[{"embeddable":true,"href":"https:\/\/www.europesays.com\/es\/wp-json\/wp\/v2\/media\/743611"}],"wp:attachment":[{"href":"https:\/\/www.europesays.com\/es\/wp-json\/wp\/v2\/media?parent=743610"}],"wp:term":[{"taxonomy":"category","embeddable":true,"href":"https:\/\/www.europesays.com\/es\/wp-json\/wp\/v2\/categories?post=743610"},{"taxonomy":"post_tag","embeddable":true,"href":"https:\/\/www.europesays.com\/es\/wp-json\/wp\/v2\/tags?post=743610"}],"curies":[{"name":"wp","href":"https:\/\/api.w.org\/{rel}","templated":true}]}}