{"id":743614,"date":"2026-09-02T08:07:16","date_gmt":"2026-09-02T08:07:16","guid":{"rendered":"https:\/\/www.europesays.com\/es\/743614\/"},"modified":"2026-09-02T08:07:16","modified_gmt":"2026-09-02T08:07:16","slug":"manos-que-hacen-milagros-todas-las-noticias-de-palencia","status":"publish","type":"post","link":"https:\/\/www.europesays.com\/es\/743614\/","title":{"rendered":"Manos que hacen milagros | Todas las noticias de Palencia"},"content":{"rendered":"<p>Cuando un ciclista pedalea m\u00e1s de 150 kil\u00f3metros durante 21 d\u00edas casi ininterrumpidos al m\u00e1ximo nivel, solo la magia de unas manos salvadoras puede hacer el milagro de recuperar el cuerpo para que al d\u00eda siguiente el corredor pueda tomar la salida con todas las garant\u00edas.<\/p>\n<p>En las Grandes Vueltas del ciclismo (Giro de Italia, Tour de Francia y Vuelta a Espa\u00f1a) la exigencia es tal que es imprescindible cuidar todos los detalles al m\u00e1ximo. Por eso, la estructura de un equipo va m\u00e1s all\u00e1 del plantel de corredores que se lleva todos los focos.<\/p>\n<p>En la presente edici\u00f3n de la Vuelta a Espa\u00f1a, que arranc\u00f3 en M\u00f3naco el 22 de agosto y finaliza en Granada el 13 de septiembre, se encuentra compitiendo el Burgos-Burpellet-BH, en el que Jorge Gallego Guti\u00e9rrez (Osorno, 1990) desempe\u00f1a las labores de fisioterapeuta.<\/p>\n<p><img decoding=\"async\" loading=\"lazy\" src=\"https:\/\/www.europesays.com\/es\/wp-content\/uploads\/2026\/09\/12D71B4E-B120-4EBC-A4E79050E0F455F6.JPG\" alt=\"El palentino Jorge Gallego se encuentra en la Vuelta a Espa\u00f1a realizando las labores de fisioterapia en el equipo Burgos-Burpellet-BH. Esta es su segunda vez en una Gran Vuelta\" border=\"0\"\/>Manos que hacen milagros<\/p>\n<p>Desde la ronda espa\u00f1ola, el palentino atiende a este diario y se define como \u00abun chico feliz\u00bb. \u00abEstudi\u00e9 Cafyd y Fisioterapia y me gusta mucho el deporte, por lo que tener la oportunidad de trabajar en un equipo ciclista, de lo que me gusta, es especial\u00bb, cuenta.<\/p>\n<p>Gallego comenz\u00f3 a trabajar con la escuadra burgalesa hace tres a\u00f1os, cuando le llamaron para probar en una carrera en Francia, compagin\u00e1ndolo con su labor en el equipo femenino Meruelo de Cantabria.<\/p>\n<p>Una pasi\u00f3n por el ciclismo que le vino con los a\u00f1os, ya que \u00e9l antes hac\u00eda f\u00fatbol, llegando a jugar a nivel de Aficionado en el Osorno y el Herrera de Pisuerga. \u00abEl ciclismo me empez\u00f3 a gustar por mi hermano, que es el que hac\u00eda bicicleta, ve\u00eda el Tour de Francia&#8230;\u00bb, reconoce.<\/p>\n<p><img decoding=\"async\" loading=\"lazy\" src=\"https:\/\/www.europesays.com\/es\/wp-content\/uploads\/2026\/09\/89744DC5-94DB-45D9-9D08F9C14247287B.JPG\" alt=\"El palentino Jorge Gallego se encuentra en la Vuelta a Espa\u00f1a realizando las labores de fisioterapia en el equipo Burgos-Burpellet-BH. Esta es su segunda vez en una Gran Vuelta\" border=\"0\"\/>Manos que hacen milagros<\/p>\n<p>El a\u00f1o pasado vivi\u00f3 su primera Gran Vuelta desde dentro en la Vuelta a Espa\u00f1a, una primera toma de contacto at\u00edpica, pero satisfactoria. \u00abTuvimos problemas gastrointestinales con los ciclistas y terminamos con cuatro. Adem\u00e1s, con el conflicto Israel-Palestina fue un poco descafeinado el final, pero fue la primera y estuvo bien\u00bb, recuerda.<\/p>\n<p>Este a\u00f1o \u00abest\u00e1 siendo bonita\u00bb. Durante la primera semana se ha encargado de realizar \u00abotras labores\u00bb. \u00abNo he estado en carrera, sino haciendo hoteles, tocando otro palo\u00bb, cuenta Gallego, que describe c\u00f3mo es un d\u00eda para \u00e9l en La Vuelta: \u00abNos levantamos a primera hora, antes que los ciclistas. Si podemos y tenemos ganas, salimos a correr. Despu\u00e9s de la ducha nos ponemos a hacer nuestras cosas. Los fisios, masajistas y auxiliares no solo damos masajes, sino que nos toca preparar los coches, preparar la nutrici\u00f3n, bidones, neveras\u2026 Despu\u00e9s desayunamos y cada uno hace lo que le toca. Yo la primera semana he hecho hotel, por lo que viajo del alojamiento que dejamos al siguiente en el que nos hospedamos y all\u00ed preparo lo mismo. Bajo maletas, acondiciono las camillas y dejo el material colocado. Y despu\u00e9s, si hay que hacer alg\u00fan tipo de compra, aprovecho. Si me toca hacer carrera es distinto. Vamos a la salida, preparamos lo que necesiten los ciclistas y antes de la salida nos vamos a los puntos que nos han marcado los directores para el avituallamiento. Al final vamos a meta, recogemos todo y nos vamos al hotel a dar el masaje y dejar todo preparado para el d\u00eda siguiente\u00bb, explica el palentino.<\/p>\n<p>En esta Vuelta, el Burgos corre con el objetivo de buscar fugas y, por qu\u00e9 no, intentar un triunfo de etapa. \u00abTenemos gente para hacer algo, dentro de nuestras posibilidades, en monta\u00f1a, sprint y escapadas. Intentaremos buscar etapas, que se nos vea. Somos un equipo invitado y tenemos que dar visibilidad a los patrocinadores y al equipo, y luego, si se puede ganar una etapa, ser\u00eda la leche\u00bb, admite.<\/p>\n<p>Todo sin Sergio Chumil, que tuvo que abandonar despu\u00e9s de sufrir una ca\u00edda en la primera semana de Vuelta. \u00abLo de Chumil es una pu\u00f1eta\u00bb, reconoce. \u00abSiempre te da rabia que se vaya un ciclista, pero encima Chumil es muy alegre y todo lo ve bien. De hecho ahora no le ves serio ni con caras largas. Est\u00e1 feliz, dentro de lo que cabe\u00bb, comenta.\u00a0<\/p>\n<p><strong>EN LA CAMILLA.<\/strong> Los fisios resultan ser \u00e1ngeles de la guarda para los corredores, a los que reviven tras la dureza de la jornada, y entre ellos acaban forj\u00e1ndose nexos \u00edntimos. \u00abTenemos una relaci\u00f3n muy estrecha. Esto es como un confesionario. Nadie nos molesta y hablamos de nuestras cosas. El d\u00eda que est\u00e1n bien te cuentan cosas chulas y el d\u00eda que est\u00e1n mal te dicen lo que no les cuadra. Hablamos de sus parejas, de su familia\u2026 Nosotros intentamos dar lo mejor de nosotros, igual que ellos lo dan en la carretera. Los corredores son muy agradecidos. Casi todos los chavales que tenemos nos dan las gracias y nos piden las cosas por favor. Son buenos chicos\u00bb, asegura Gallego.<\/p>\n<p>Despu\u00e9s de la primera semana de competici\u00f3n, el palentino mantiene que los ciclistas \u00abtodav\u00eda est\u00e1n bastante bien\u00bb. \u00abLuego vas notando c\u00f3mo las cosas se ponen duras, incluso los chavales se nos quedan medio dormidos en la camilla. Al final toca tirar de masaje, toda la aparatolog\u00eda que tenemos, diatermia, presoterapia, piscina de hielo, etc. El desgaste es brutal 21 d\u00edas a este nivel d\u00e1ndolo todo\u00bb, afirma.<\/p>\n<p><strong>DIFERENCIAS.<\/strong> Existen notables diferencias entre este tipo de fisioterapia, m\u00e1s ligada al deporte de alto nivel, y una m\u00e1s convencional que se puede dar en el d\u00eda a d\u00eda en las cl\u00ednicas. \u00abYo he tocado los dos palos. Tambi\u00e9n trabaj\u00e9 en Aguilar de Campoo en una cl\u00ednica privada. Igual la principal diferencia es que las cosas m\u00e1s propias de la fisioterapia, como lesiones o patolog\u00edas, las ves en una cl\u00ednica. Aqu\u00ed sobre todo es trabajo de piernas y espalda. Por ejemplo, cuando hacen una contrarreloj, por la postura tienen una serie de dolencias o problemas diferentes, pero por norma general es sota, caballo y rey. Yo lo prefiero porque me gusta el deporte y est\u00e1s trabajando con deportistas profesionales. Para ver m\u00e1s patolog\u00edas y cosas distintas est\u00e1 claro que mejor en una cl\u00ednica\u00bb, concluye Gallego.<\/p>\n","protected":false},"excerpt":{"rendered":"Cuando un ciclista pedalea m\u00e1s de 150 kil\u00f3metros durante 21 d\u00edas casi ininterrumpidos al m\u00e1ximo nivel, solo la&hellip;\n","protected":false},"author":2,"featured_media":743615,"comment_status":"","ping_status":"","sticky":false,"template":"","format":"standard","meta":{"footnotes":""},"categories":[273],"tags":[29318,5168,2771,313,312,168,25,24,17387,317,11163,494,6441,628,2518,5095,129771,23,167,462,5411],"class_list":["post-743614","post","type-post","status-publish","format-standard","has-post-thumbnail","category-ciclismo","tag-aguilar-de-campoo","tag-bicicletas","tag-cantabria","tag-ciclismo","tag-cycling","tag-deportes","tag-es","tag-espana","tag-fisioterapia","tag-francia","tag-giro-de-italia","tag-granada","tag-herrera-de-pisuerga","tag-italia","tag-magia","tag-monaco","tag-osorno-la-mayor","tag-spain","tag-sports","tag-tour-de-francia","tag-vuelta-a-espana"],"share_on_mastodon":{"url":"https:\/\/pubeurope.com\/@es\/117200424935334563","error":""},"_links":{"self":[{"href":"https:\/\/www.europesays.com\/es\/wp-json\/wp\/v2\/posts\/743614","targetHints":{"allow":["GET"]}}],"collection":[{"href":"https:\/\/www.europesays.com\/es\/wp-json\/wp\/v2\/posts"}],"about":[{"href":"https:\/\/www.europesays.com\/es\/wp-json\/wp\/v2\/types\/post"}],"author":[{"embeddable":true,"href":"https:\/\/www.europesays.com\/es\/wp-json\/wp\/v2\/users\/2"}],"replies":[{"embeddable":true,"href":"https:\/\/www.europesays.com\/es\/wp-json\/wp\/v2\/comments?post=743614"}],"version-history":[{"count":0,"href":"https:\/\/www.europesays.com\/es\/wp-json\/wp\/v2\/posts\/743614\/revisions"}],"wp:featuredmedia":[{"embeddable":true,"href":"https:\/\/www.europesays.com\/es\/wp-json\/wp\/v2\/media\/743615"}],"wp:attachment":[{"href":"https:\/\/www.europesays.com\/es\/wp-json\/wp\/v2\/media?parent=743614"}],"wp:term":[{"taxonomy":"category","embeddable":true,"href":"https:\/\/www.europesays.com\/es\/wp-json\/wp\/v2\/categories?post=743614"},{"taxonomy":"post_tag","embeddable":true,"href":"https:\/\/www.europesays.com\/es\/wp-json\/wp\/v2\/tags?post=743614"}],"curies":[{"name":"wp","href":"https:\/\/api.w.org\/{rel}","templated":true}]}}