{"id":743616,"date":"2026-09-02T08:09:20","date_gmt":"2026-09-02T08:09:20","guid":{"rendered":"https:\/\/www.europesays.com\/es\/743616\/"},"modified":"2026-09-02T08:09:20","modified_gmt":"2026-09-02T08:09:20","slug":"ucam-murcia-cb-el-ucam-murcia-empieza-a-recuperar-a-los-internacionales-y-asigna-los-dorsales","status":"publish","type":"post","link":"https:\/\/www.europesays.com\/es\/743616\/","title":{"rendered":"UCAM Murcia CB | El UCAM Murcia empieza a recuperar a los internacionales y asigna los dorsales"},"content":{"rendered":"<p class=\"ft-text\">La plantilla del UCAM Murcia CB est\u00e1 pr\u00f3xima a recuperar a todos sus efectivos para desarrollar el trabajo de pretemporada y, tras haber acogido a <strong>Souley Boum, Sander Raieste y Marcis Steinbergs<\/strong> despu\u00e9s de haber estado con sus respectivas selecciones nacionales, se espera que hoy ya est\u00e9n en la ciudad <strong>Toni Nakic, Emanuel Cate y Juani Marcos<\/strong>, quienes tambi\u00e9n tuvieron compromisos internacionales.<\/p>\n<p class=\"ft-text\">A la concentraci\u00f3n de casi una semana de duraci\u00f3n que se llev\u00f3 a cabo en el CAR de Los Narejos, <strong>al cuadro dirigido por Sito <\/strong><a class=\"ft-link ft-link--decoration\" href=\"https:\/\/www.sport.es\/es\/temas\/fernando-alonso-43760\" rel=\"nofollow noopener\" target=\"_blank\"><strong>Alonso<\/strong><\/a><strong> le siguen las pr\u00e1cticas que se realizan ya en Murcia<\/strong>, concretamente en el Palacio de los Deportes.<\/p>\n<p class=\"ft-text\">En dichos entrenamientos ya participaron el <strong>base Boum y el ala p\u00edvot Steinbergs<\/strong>, dos de los fichajes realizados este verano, quienes compitieron con Guinea Ecuatorial y con Letonia, respectivamente, as\u00ed como el alero <strong>Raieste, quien afrontar\u00e1 su segunda campa\u00f1a en Murcia y que lo hizo con Estonia.<\/strong><\/p>\n<p class=\"ft-text\">A la pretemporada de los universitarios se incorpor\u00f3 el ex jugador del club Tom\u00e1s Bellas, quien, como ya hizo el pasado curso en esta fase de preparaci\u00f3n, trabajar\u00e1 especialmente con bases de la plantilla -el estadounidense con pasaporte jamaicano <strong>Michael Forrest y los mencionados Boum y Marcos<\/strong>-, a los que ayudar\u00e1 con sus conocimientos y su experiencia de muchos a\u00f1os. <\/p>\n<p>El 5 de DeJulius, desierto<\/p>\n<p class=\"ft-text\">El club dio a conocer ayer los dorsales para la pr\u00f3xima temporada, donde ninguno de los nuevos ha \u2018heredado\u2019 el 5 que luci\u00f3 David DeJulius, en conflicto con la entidad tras su marcha al Besiktas. <strong>Souley Boum llevar\u00e1 el 0 que deja Devontae Cacok<\/strong>, Gates, que vuelve tras lesi\u00f3n, lucir\u00e1 el 4, <strong>Juani Marcos el 6,<\/strong> Pansa el 20 y Steinbergs el 28. <strong>El resto son Forrest (1), Raieste (2), Sant-Roos (8), Radebaugh (12), Falk (13), Cate (16), Rub\u00e9n L\u00f3pez de la Torre (16), Diagne (21), Ennis (31) y Nakic (99).<\/strong><\/p>\n","protected":false},"excerpt":{"rendered":"La plantilla del UCAM Murcia CB est\u00e1 pr\u00f3xima a recuperar a todos sus efectivos para desarrollar el trabajo&hellip;\n","protected":false},"author":2,"featured_media":743617,"comment_status":"","ping_status":"","sticky":false,"template":"","format":"standard","meta":{"footnotes":""},"categories":[269],"tags":[299,298,1798,168,7954,25,24,2661,1478,866,23,167,9413,3918,1402],"class_list":["post-743616","post","type-post","status-publish","format-standard","has-post-thumbnail","category-baloncesto","tag-baloncesto","tag-basketball","tag-club","tag-deportes","tag-empieza","tag-es","tag-espana","tag-internacionales","tag-murcia","tag-recuperar","tag-spain","tag-sports","tag-ucam","tag-ucam-murcia","tag-ucam-murcia-cb"],"share_on_mastodon":{"url":"","error":""},"_links":{"self":[{"href":"https:\/\/www.europesays.com\/es\/wp-json\/wp\/v2\/posts\/743616","targetHints":{"allow":["GET"]}}],"collection":[{"href":"https:\/\/www.europesays.com\/es\/wp-json\/wp\/v2\/posts"}],"about":[{"href":"https:\/\/www.europesays.com\/es\/wp-json\/wp\/v2\/types\/post"}],"author":[{"embeddable":true,"href":"https:\/\/www.europesays.com\/es\/wp-json\/wp\/v2\/users\/2"}],"replies":[{"embeddable":true,"href":"https:\/\/www.europesays.com\/es\/wp-json\/wp\/v2\/comments?post=743616"}],"version-history":[{"count":0,"href":"https:\/\/www.europesays.com\/es\/wp-json\/wp\/v2\/posts\/743616\/revisions"}],"wp:featuredmedia":[{"embeddable":true,"href":"https:\/\/www.europesays.com\/es\/wp-json\/wp\/v2\/media\/743617"}],"wp:attachment":[{"href":"https:\/\/www.europesays.com\/es\/wp-json\/wp\/v2\/media?parent=743616"}],"wp:term":[{"taxonomy":"category","embeddable":true,"href":"https:\/\/www.europesays.com\/es\/wp-json\/wp\/v2\/categories?post=743616"},{"taxonomy":"post_tag","embeddable":true,"href":"https:\/\/www.europesays.com\/es\/wp-json\/wp\/v2\/tags?post=743616"}],"curies":[{"name":"wp","href":"https:\/\/api.w.org\/{rel}","templated":true}]}}