{"id":743618,"date":"2026-09-02T08:10:30","date_gmt":"2026-09-02T08:10:30","guid":{"rendered":"https:\/\/www.europesays.com\/es\/743618\/"},"modified":"2026-09-02T08:10:30","modified_gmt":"2026-09-02T08:10:30","slug":"oficial-el-barca-inscribe-a-gabriel-jesus-y-livakovic-y-ya-tienen-dorsal","status":"publish","type":"post","link":"https:\/\/www.europesays.com\/es\/743618\/","title":{"rendered":"\u00a1Oficial! El Bar\u00e7a inscribe a Gabriel Jesus y Livakovic y ya tienen dorsal"},"content":{"rendered":"<p class=\"ft-text\">El <strong>FC Barcelona ya tiene a todos sus fichajes inscritos en LaLiga<\/strong>. El club blaugrana ha completado este martes los tr\u00e1mites necesarios para dar de alta a <strong>Gabriel Jesus y Dominik Livakovic<\/strong>, los dos \u00fanicos fichajes que todav\u00eda permanec\u00edan pendientes de inscripci\u00f3n. Con ambos movimientos, <strong>el Bar\u00e7a da por cerrado definitivamente, en cuanto a incorporaciones, un mercado de fichajes<\/strong> que ha estado marcado tambi\u00e9n por las limitaciones del &#8216;fair play&#8217; financiero, aunque menos que en veranos anteriores. <strong>Gabriel Jesus hedera el dorsal &#8216;9&#8217; que dej\u00f3 libre este verano Robert Lewandowski, mientras que Livakovic llevar\u00e1 el &#8217;25&#8217;<\/strong>.<\/p>\n<p class=\"ft-text\">La inscripci\u00f3n de los dos futbolistas era uno de los \u00faltimos asuntos que quedaban por resolver en las oficinas del club. <strong>Gabriel Jesus lleg\u00f3 al Bar\u00e7a procedente del Arsenal por unos 10 millones de euros fijos m\u00e1s variables<\/strong>, mientras que Livakovic aterriz\u00f3 desde el Fenerbah\u00e7e por <strong>2 millones m\u00e1s 0,5 en variables<\/strong>. Ambos ya eran jugadores del Bar\u00e7a, pero todav\u00eda no pod\u00edan competir oficialmente al no aparecer inscritos en la competici\u00f3n.<\/p>\n<p class=\"ft-text\">La situaci\u00f3n del guardameta croata lleg\u00f3 a generar incluso la posibilidad de una salida temporal. <strong>El Bar\u00e7a lleg\u00f3 a valorar su cesi\u00f3n al Dinamo de Zagreb<\/strong> si no consegu\u00eda completar su inscripci\u00f3n, una opci\u00f3n que finalmente no ha sido necesaria. Livakovic se queda en Barcelona y ya est\u00e1 oficialmente disponible para Hansi Flick.<\/p>\n<p><img decoding=\"async\" src=\"https:\/\/www.europesays.com\/es\/wp-content\/uploads\/2026\/09\/3fc951a2-f96d-46b6-94b9-f3261274f988_alta-libre-aspect-ratio_default_0_x600y225.jpg\" width=\"1200\" height=\"675\" alt=\"Dominik Livakovi\u0107 en el entreno con el Bar\u00e7a\" class=\"ft-helper-img-rd\" loading=\"lazy\" fetchpriority=\"auto\"\/><\/p>\n<p class=\"ft-helper-fontColor-quaternary ft-helper-fontSize-body-S ft-helper-spacer-t-xxs\">Dominik Livakovi\u0107 en un entreno con el Bar\u00e7a  \/ FC BARCELONA<\/p>\n<p>El Bar\u00e7a ya tiene a toda la plantilla disponible<\/p>\n<p class=\"ft-text\">Con las inscripciones de Gabriel Jesus y Livakovic, <strong>el Bar\u00e7a completa definitivamente el registro de todos sus fichajes en LaLiga<\/strong>. <a class=\"ft-link ft-link--decoration\" href=\"https:\/\/www.sport.es\/es\/noticias\/barca\/oficial-cancelo-barca-completa-inscripcion-133562423\" rel=\"nofollow noopener\" target=\"_blank\">Rodri, Gordon, Adeyemi y Cancelo ya hab\u00edan sido inscritos anteriormente<\/a>, mientras que Bisiwu cuenta con una situaci\u00f3n diferente al estar vinculado al filial.<\/p>\n<p class=\"ft-text\">La inscripci\u00f3n de los dos \u00faltimos refuerzos pone as\u00ed el punto final a la planificaci\u00f3n deportiva del Bar\u00e7a. <strong>Gabriel Jesus y Livakovic ya son oficialmente jugadores disponibles para Flick<\/strong>, que dispone desde ahora toda su plantilla para afrontar el nuevo curso.<\/p>\n","protected":false},"excerpt":{"rendered":"El FC Barcelona ya tiene a todos sus fichajes inscritos en LaLiga. El club blaugrana ha completado este&hellip;\n","protected":false},"author":2,"featured_media":743619,"comment_status":"","ping_status":"","sticky":false,"template":"","format":"standard","meta":{"footnotes":""},"categories":[268],"tags":[2296,168,25,24,280,282,35871,131327,9750,5782,289,281,23,167],"class_list":["post-743618","post","type-post","status-publish","format-standard","has-post-thumbnail","category-futbol","tag-barca","tag-deportes","tag-es","tag-espana","tag-football","tag-futbol","tag-gabriel","tag-gabriel-jesus","tag-inscribe","tag-jesus","tag-oficial","tag-soccer","tag-spain","tag-sports"],"share_on_mastodon":{"url":"https:\/\/pubeurope.com\/@es\/117200437016849815","error":""},"_links":{"self":[{"href":"https:\/\/www.europesays.com\/es\/wp-json\/wp\/v2\/posts\/743618","targetHints":{"allow":["GET"]}}],"collection":[{"href":"https:\/\/www.europesays.com\/es\/wp-json\/wp\/v2\/posts"}],"about":[{"href":"https:\/\/www.europesays.com\/es\/wp-json\/wp\/v2\/types\/post"}],"author":[{"embeddable":true,"href":"https:\/\/www.europesays.com\/es\/wp-json\/wp\/v2\/users\/2"}],"replies":[{"embeddable":true,"href":"https:\/\/www.europesays.com\/es\/wp-json\/wp\/v2\/comments?post=743618"}],"version-history":[{"count":0,"href":"https:\/\/www.europesays.com\/es\/wp-json\/wp\/v2\/posts\/743618\/revisions"}],"wp:featuredmedia":[{"embeddable":true,"href":"https:\/\/www.europesays.com\/es\/wp-json\/wp\/v2\/media\/743619"}],"wp:attachment":[{"href":"https:\/\/www.europesays.com\/es\/wp-json\/wp\/v2\/media?parent=743618"}],"wp:term":[{"taxonomy":"category","embeddable":true,"href":"https:\/\/www.europesays.com\/es\/wp-json\/wp\/v2\/categories?post=743618"},{"taxonomy":"post_tag","embeddable":true,"href":"https:\/\/www.europesays.com\/es\/wp-json\/wp\/v2\/tags?post=743618"}],"curies":[{"name":"wp","href":"https:\/\/api.w.org\/{rel}","templated":true}]}}