{"id":743624,"date":"2026-09-02T08:16:12","date_gmt":"2026-09-02T08:16:12","guid":{"rendered":"https:\/\/www.europesays.com\/es\/743624\/"},"modified":"2026-09-02T08:16:12","modified_gmt":"2026-09-02T08:16:12","slug":"celine-dion-baila-por-las-calles-de-paris-con-el-vestido-negro-de-loewe-que-convierte-su-regreso-en-un-momento-de-moda","status":"publish","type":"post","link":"https:\/\/www.europesays.com\/es\/743624\/","title":{"rendered":"C\u00e9line Dion baila por las calles de Par\u00eds con el vestido negro de Loewe que convierte su regreso en un momento de moda"},"content":{"rendered":"<p><a title=\"C\u00e9line Dion\" href=\"https:\/\/www.larazon.es\/cultura\/musica\/celine-dion-publica-nueva-cancion-dansons-colaboracion-jeanjacques-goldman_2026041769e20381b7e0a27eb99b4a38.html\" target=\"_blank\" rel=\"nofollow noopener\">C\u00e9line Dion<\/a><b> ha vuelto a Par\u00eds y su llegada a la capital francesa ha dejado una de esas im\u00e1genes capaces de resumir mucho m\u00e1s que un look.<\/b> Feliz, sonriente y bailando ante los seguidores que la aguardaban a las puertas de su hotel, la cantante canadiense ha protagonizado un momento especialmente emocionante antes de regresar a los escenarios. Y lo ha hecho <b>vestida por Loewe<\/b>, con un dise\u00f1o negro de silueta escult\u00f3rica que confirma que la moda contin\u00faa siendo una de sus mejores formas de expresi\u00f3n.<\/p>\n<p>La artista se encuentra en Par\u00eds para preparar su esperada vuelta a los escenarios despu\u00e9s de una larga etapa alejada de ellos. C\u00e9line Dion ofrecer\u00e1 una residencia de cinco semanas compuesta por diecis\u00e9is conciertos cuyas entradas se agotaron en apenas unos minutos. La expectaci\u00f3n ha sido tan grande que ya se ha programado una segunda tanda de actuaciones de tres semanas para el pr\u00f3ximo mes de mayo.<\/p>\n<p>Antes de comenzar esta nueva etapa profesional, la int\u00e9rprete de I\u2019m Alive ha saludado a sus seguidores y ha improvisado unos pasos de baile en plena calle. Un gesto espont\u00e1neo que refleja la felicidad con la que afronta su regreso y que tambi\u00e9n ha permitido observar en movimiento uno de los vestidos m\u00e1s especiales de la temporada.<\/p>\n<p>El vestido negro de Loewe con el que C\u00e9line Dion reaparece en Par\u00eds<\/p>\n<p>Para este encuentro con sus admiradores, <b>C\u00e9line Dion ha estrenado un dise\u00f1o de la <\/b><a title=\"colecci\u00f3n oto\u00f1o-invierno 2026 de Loewe\" href=\"https:\/\/www.larazon.es\/lifestyle\/moda\/sara-carbonero-viaja-ecuador-zapatillas-loewe-500-euros-que-llevan-lujo-look-mas-comodo_202608136a7d7d5a71b42a0b5decc51a.html\" target=\"_blank\" rel=\"nofollow noopener\">colecci\u00f3n oto\u00f1o-invierno 2026 de Loewe<\/a>. Se trata de un vestido negro que juega con los vol\u00famenes, las texturas y una silueta deliberadamente irregular para actualizar el fondo de armario m\u00e1s cl\u00e1sico.<\/p>\n<p><img decoding=\"async\" loading=\"lazy\" src=\"https:\/\/www.europesays.com\/es\/wp-content\/uploads\/2026\/09\/celine-dion_123.jpg\" alt=\"C\u00e9line Dion.\" width=\"1280\" height=\"1920\"\/><b>C\u00e9line Dion.<\/b> Gtres<\/p>\n<p>La parte superior, confeccionada con un acabado que recuerda al cuero, presenta una estructura amplia y arquitect\u00f3nica. Su escote elevado se abre alrededor de los hombros y crea un volumen r\u00edgido que enmarca el rostro, mientras que la ausencia de mangas deja los brazos completamente al descubierto. El cuerpo desciende con una l\u00ednea limpia hasta la cadera, desde donde comienza la parte m\u00e1s llamativa del dise\u00f1o.<\/p>\n<p>La falda combina un largo corto en la zona delantera con una ca\u00edda asim\u00e9trica que se prolonga por detr\u00e1s a modo de cola. Su textura, formada por numerosos detalles en relieve y movimiento, rompe con la sobriedad de la parte superior y transforma el vestido negro en una pieza de pasarela. Al caminar y bailar, el bajo se mueve alrededor de la silueta y aporta al conjunto esa teatralidad que siempre ha acompa\u00f1ado a la cantante.<\/p>\n<p><b>C\u00e9line Dion ha completado el look con unos zapatos de sal\u00f3n negros de tac\u00f3n alto<\/b> y puntera afilada. Como \u00fanico accesorio protagonista, ha llevado tambi\u00e9n un bolso Flamenco de Loewe en color negro, reconocible por su piel flexible, su forma fruncida y sus caracter\u00edsticos cordones laterales.<\/p>\n<p><img decoding=\"async\" loading=\"lazy\" src=\"https:\/\/www.europesays.com\/es\/wp-content\/uploads\/2026\/09\/1788336972_204_celine-dion_123.jpg\" alt=\"C\u00e9line Dion.\" width=\"1280\" height=\"1920\"\/><b>C\u00e9line Dion.<\/b> GtresC\u00e9line Dion convierte su regreso en una declaraci\u00f3n de estilo<\/p>\n<p>La cantante ha mantenido el resto de la propuesta deliberadamente sencillo. Ha lucido el cabello completamente recogido y un maquillaje natural, dejando que la construcci\u00f3n del vestido y su propia actitud ocuparan todo el protagonismo. Los peque\u00f1os pendientes dorados han a\u00f1adido el \u00fanico punto de luz a un estilismo dominado por el negro.<\/p>\n<p>M\u00e1s all\u00e1 de la elecci\u00f3n de Loewe, las im\u00e1genes han emocionado por la espontaneidad y la energ\u00eda que transmite la artista. <b>C\u00e9line Dion<\/b> no se ha limitado a saludar desde la puerta del hotel: ha bailado, ha sonre\u00eddo y se ha mostrado cercana con quienes llevaban tiempo esperando su regreso.<\/p>\n<p>La propia cantante hab\u00eda reconocido recientemente que afrontaba esta nueva gira con nervios y con el deseo de corresponder al cari\u00f1o recibido durante tantos a\u00f1os. <b>\u2018Ha pasado tanto tiempo que me gustar\u00eda ofrecer a mis fans algo para demostrarles cu\u00e1nto los he echado de menos\u2019<\/b>, explicaba. Ahora, a pocos d\u00edas de volver a cantar, C\u00e9line Dion ya ha encontrado una primera manera de hacerlo: reapareciendo feliz en Par\u00eds y convirtiendo su regreso en uno de los grandes momentos de moda de la temporada.<\/p>\n","protected":false},"excerpt":{"rendered":"C\u00e9line Dion ha vuelto a Par\u00eds y su llegada a la capital francesa ha dejado una de esas&hellip;\n","protected":false},"author":2,"featured_media":743625,"comment_status":"","ping_status":"","sticky":false,"template":"","format":"standard","meta":{"footnotes":""},"categories":[170],"tags":[77612,2339,146,147,25,24,1023,184,185,4759,23,5732],"class_list":["post-743624","post","type-post","status-publish","format-standard","has-post-thumbnail","category-musica","tag-celine-dion","tag-concierto","tag-entertainment","tag-entretenimiento","tag-es","tag-espana","tag-moda","tag-music","tag-musica","tag-paris","tag-spain","tag-vestidos"],"share_on_mastodon":{"url":"https:\/\/pubeurope.com\/@es\/117200461592602759","error":""},"_links":{"self":[{"href":"https:\/\/www.europesays.com\/es\/wp-json\/wp\/v2\/posts\/743624","targetHints":{"allow":["GET"]}}],"collection":[{"href":"https:\/\/www.europesays.com\/es\/wp-json\/wp\/v2\/posts"}],"about":[{"href":"https:\/\/www.europesays.com\/es\/wp-json\/wp\/v2\/types\/post"}],"author":[{"embeddable":true,"href":"https:\/\/www.europesays.com\/es\/wp-json\/wp\/v2\/users\/2"}],"replies":[{"embeddable":true,"href":"https:\/\/www.europesays.com\/es\/wp-json\/wp\/v2\/comments?post=743624"}],"version-history":[{"count":0,"href":"https:\/\/www.europesays.com\/es\/wp-json\/wp\/v2\/posts\/743624\/revisions"}],"wp:featuredmedia":[{"embeddable":true,"href":"https:\/\/www.europesays.com\/es\/wp-json\/wp\/v2\/media\/743625"}],"wp:attachment":[{"href":"https:\/\/www.europesays.com\/es\/wp-json\/wp\/v2\/media?parent=743624"}],"wp:term":[{"taxonomy":"category","embeddable":true,"href":"https:\/\/www.europesays.com\/es\/wp-json\/wp\/v2\/categories?post=743624"},{"taxonomy":"post_tag","embeddable":true,"href":"https:\/\/www.europesays.com\/es\/wp-json\/wp\/v2\/tags?post=743624"}],"curies":[{"name":"wp","href":"https:\/\/api.w.org\/{rel}","templated":true}]}}